{"id":141,"date":"2010-08-12T18:41:24","date_gmt":"2010-08-12T18:41:24","guid":{"rendered":"http:\/\/www.yvesalavo.ca\/?p=141"},"modified":"2010-08-12T18:42:45","modified_gmt":"2010-08-12T18:42:45","slug":"bruny-surin-984-aux-cent-metres-la-passion-de-la-vie","status":"publish","type":"post","link":"http:\/\/www.yvesalavo.ca\/?p=141","title":{"rendered":"BRUNY SURIN, 9,84 AUX CENT M\u00c8TRES, LA PASSION DE LA VIE."},"content":{"rendered":"<div id=\"attachment_142\" style=\"width: 120px\" class=\"wp-caption alignleft\"><a href=\"http:\/\/www.yvesalavo.ca\/wp-content\/uploads\/2010\/08\/Bruny-Surin-2.jpg\"><img aria-describedby=\"caption-attachment-142\" loading=\"lazy\" class=\"size-full wp-image-142\" title=\"Bruny Surin\" src=\"http:\/\/www.yvesalavo.ca\/wp-content\/uploads\/2010\/08\/Bruny-Surin-2.jpg\" alt=\"Bruny Surin\" width=\"110\" height=\"83\" \/><\/a><p id=\"caption-attachment-142\" class=\"wp-caption-text\">Bruny Surin<\/p><\/div>\n<p>BRUNY SURIN, 9,84 AUX CENT  M\u00c8TRES, LA PASSION DE LA VIE.<\/p>\n<p>Bruny est n\u00e9 le 12 juillet 1967  au Cap-Ha\u00efti en petite ville en Ha\u00efti.\u00a0 \u00c0 l&rsquo;\u00e2ge de 7 ans, ses parents  immigr\u00e8rent au Canada.\u00a0 Le choc climatique fut brutal.\u00a0 Il sentit le  froid de janvier et vit la neige pour la premi\u00e8re fois de sa jeune  existence.\u00a0 Entour\u00e9 de trois s\u0153urs, il e\u00fbt une enfance heureuse.\u00a0 Tr\u00e8s  vite int\u00e9gr\u00e9 dans la soci\u00e9t\u00e9 qu\u00e9b\u00e9coise, Bruny d\u00e9veloppe une passion  pour le basket-ball.\u00a0 Ce n&rsquo;est qu&rsquo;\u00e0 l&rsquo;\u00e2ge de 17 ans qu&rsquo;il s&rsquo;int\u00e9ressera \u00e0  l&rsquo;athl\u00e9tisme.\u00a0 La raison est simple\u00a0: tous ses amis s&rsquo;entra\u00eenent aux  \u00e9preuves de sauts ou de sprints.\u00a0 Ses succ\u00e8s au saut en longueur et au  triple saut lui ont permis d&rsquo;int\u00e9grer l&rsquo;\u00e9quipe canadienne et de  participer \u00e0 plusieurs comp\u00e9titions internationales telles que les Jeux  Olympiques de S\u00e9oul en 1988.<\/p>\n<p>D\u00e8s 1989, des blessures  r\u00e9p\u00e9titives \u00e0 la cheville le forcent \u00e0 s&rsquo;int\u00e9resser davantage aux  sprints et plus pr\u00e9cis\u00e9ment au 100 m\u00e8tres.\u00a0 L&rsquo;ann\u00e9e suivante, il  participera pour la premi\u00e8re fois \u00e0 une comp\u00e9tition majeure au 100  m\u00e8tres : les Jeux du Commonwealth en Nouvelle Z\u00e9lande.\u00a0 Il gagnera la  m\u00e9daille de bronze en 10.12 sec.\u00a0 Bruny remporte rapidement des succ\u00e8s  nationaux et internationaux.<\/p>\n<p>Ainsi sont pr\u00e9sent\u00e9es la vie et  l\u2019aventure sportive de l\u2019homme au palmar\u00e8s le plus solide de toute  l\u2019histoire de l\u2019athl\u00e9tisme au Qu\u00e9bec.\u00a0 Cette description vous la trouvez  sur le site officiel de Bruny Surin, celui de la compagnie qui le  commandite <em>Vid\u00e9otron<\/em>.\u00a0 Pourtant, rien n\u2019a \u00e9t\u00e9 facile pour ce  gar\u00e7on b\u00e2ti comme un \u00ab\u00a0Apollon\u00a0\u00bb, v\u00e9ritable dieu des stades, au regard  tendre et intelligent qui en impose par son calme, sa simplicit\u00e9 et une  volont\u00e9 immense seulement \u00e9gal\u00e9e par l\u2019extraordinaire progression de ses  r\u00e9sultats sur 100 m au cours de l\u2019\u00e9t\u00e9 1999.\u00a0 En effet, des 9,97 sec  d\u2019Ath\u00e8nes (Gr\u00e8ce) aux 9 secondes 84 centi\u00e8mes de la 2<sup>e <\/sup>place  des Championnats du Monde d\u2019athl\u00e9tisme \u00e0 S\u00e9ville (Espagne) en passant  par les 9,88 du 100m des Championnats canadiens de Winnipeg, nous  retrouvons <em>la\u00a0 motivation pour atteindre le succ\u00e8s<\/em> qui demeure  sa pratique quotidienne avant d\u2019\u00eatre le sujet de ses interventions  publiques aupr\u00e8s des jeunes.<\/p>\n<p>Personnalit\u00e9 du sport  d\u2019envergure internationale, Bruny Surin conserve sa modestie des  premi\u00e8res gloires.\u00a0 Il est presque certain tout de m\u00eame que, malgr\u00e9  cette popularit\u00e9 incontestable et tr\u00e8s largement m\u00e9rit\u00e9e, Bruny Surin,  qui pense d\u00e9j\u00e0 \u00e0 l\u2019apr\u00e8s-sport, devra compter plus sur son talent et ses  qualit\u00e9s personnelles que sur l\u2019aide du \u00ab\u00a0milieu\u00a0 sportif\u00a0 des m\u00e9dias\u00bb  pour s\u2019y tailler une place<\/p>\n","protected":false},"excerpt":{"rendered":"<p>BRUNY SURIN, 9,84 AUX CENT M\u00c8TRES, LA PASSION DE LA VIE. Bruny est n\u00e9 le 12 juillet 1967 au Cap-Ha\u00efti en petite ville en Ha\u00efti.\u00a0 \u00c0 l&rsquo;\u00e2ge de 7 ans, ses parents immigr\u00e8rent au Canada.\u00a0 Le choc climatique fut brutal.\u00a0 Il sentit le froid de janvier et vit la neige pour la premi\u00e8re fois de [&hellip;]<\/p>\n","protected":false},"author":1,"featured_media":0,"comment_status":"open","ping_status":"open","sticky":false,"template":"","format":"standard","meta":{"_bbp_topic_count":0,"_bbp_reply_count":0,"_bbp_total_topic_count":0,"_bbp_total_reply_count":0,"_bbp_voice_count":0,"_bbp_anonymous_reply_count":0,"_bbp_topic_count_hidden":0,"_bbp_reply_count_hidden":0,"_bbp_forum_subforum_count":0,"_et_pb_use_builder":"","_et_pb_old_content":"","_et_gb_content_width":""},"categories":[19],"tags":[],"_links":{"self":[{"href":"http:\/\/www.yvesalavo.ca\/index.php?rest_route=\/wp\/v2\/posts\/141"}],"collection":[{"href":"http:\/\/www.yvesalavo.ca\/index.php?rest_route=\/wp\/v2\/posts"}],"about":[{"href":"http:\/\/www.yvesalavo.ca\/index.php?rest_route=\/wp\/v2\/types\/post"}],"author":[{"embeddable":true,"href":"http:\/\/www.yvesalavo.ca\/index.php?rest_route=\/wp\/v2\/users\/1"}],"replies":[{"embeddable":true,"href":"http:\/\/www.yvesalavo.ca\/index.php?rest_route=%2Fwp%2Fv2%2Fcomments&post=141"}],"version-history":[{"count":3,"href":"http:\/\/www.yvesalavo.ca\/index.php?rest_route=\/wp\/v2\/posts\/141\/revisions"}],"predecessor-version":[{"id":144,"href":"http:\/\/www.yvesalavo.ca\/index.php?rest_route=\/wp\/v2\/posts\/141\/revisions\/144"}],"wp:attachment":[{"href":"http:\/\/www.yvesalavo.ca\/index.php?rest_route=%2Fwp%2Fv2%2Fmedia&parent=141"}],"wp:term":[{"taxonomy":"category","embeddable":true,"href":"http:\/\/www.yvesalavo.ca\/index.php?rest_route=%2Fwp%2Fv2%2Fcategories&post=141"},{"taxonomy":"post_tag","embeddable":true,"href":"http:\/\/www.yvesalavo.ca\/index.php?rest_route=%2Fwp%2Fv2%2Ftags&post=141"}],"curies":[{"name":"wp","href":"https:\/\/api.w.org\/{rel}","templated":true}]}}