{"id":159,"date":"2010-08-12T19:09:39","date_gmt":"2010-08-12T19:09:39","guid":{"rendered":"http:\/\/www.yvesalavo.ca\/?p=159"},"modified":"2010-08-12T19:09:39","modified_gmt":"2010-08-12T19:09:39","slug":"celebrer-la-diversite-en-2009","status":"publish","type":"post","link":"http:\/\/www.yvesalavo.ca\/?p=159","title":{"rendered":"C\u00c9LEBRER LA DIVERSIT\u00c9 EN 2009"},"content":{"rendered":"<p>Six anniversaires dans le foyer  culturel de Montr\u00e9al.<\/p>\n<p>L\u2019\u00e9dition du 30e anniversaire du<em> Festival  International de Jazz de Montr\u00e9al<\/em> aura lieu  du 30 juin au 12 juillet prochain. Un \u00e9v\u00e9nement qui confirme l\u2019Immense  popularit\u00e9 de l\u2019\u00e9v\u00e9nement, chez nous, sur la sc\u00e8ne internationale et  partout sur la plan\u00e8te JAZZ.\u00a0 Vingt-cinq ans du <em>Cirque du soleil<\/em> et de <em>Vues d\u2019Afrique<\/em>,  vingt-cinqui\u00e8me printemps du <em>Centre OBORO<\/em>,  centre d\u00e9di\u00e9 \u00e0 la production et \u00e0 la pr\u00e9sentation de l\u2019art, des  pratiques contemporaines et des nouveaux m\u00e9dias. Dixi\u00e8me anniversaire du  <em>MAI,  Montr\u00e9al arts interculturels<\/em>, l\u00e0 o\u00f9 l\u2019art  traverse les fronti\u00e8res. Cinqui\u00e8me anniversaire de <em>l\u2019INM, Institut du  nouveau monde<\/em>. Telles sont, parmi les plus  significatives c\u00e9l\u00e9brations au c\u0153ur de l\u2019univers culturel bas\u00e9 \u00e0  Montr\u00e9al, les comm\u00e9morations auxquelles nous sommes convi\u00e9s.<\/p>\n<p>Dans notre contexte montr\u00e9alais de  confection d\u2019une m\u00e9tropole culturelle d\u2019envergure, dans la mouvance des  grandes aventures socioculturelles du Qu\u00e9bec et du Canada et, surtout,  dans la vague de m\u00e9tissage culturel universel que nous vivons, dans la  foul\u00e9e des \u00e9nonc\u00e9s visionnaires de L\u00e9opold S\u00e9dar Senghor qui a chant\u00e9<em> le m\u00e9tissage  culturel <\/em>et<em> la culture de  l\u2019universel<\/em>, nous avons des motifs  suppl\u00e9mentaires de nous r\u00e9jouir.<\/p>\n<p>Ces anniversaires exceptionnels par  leur nature et heureusement conjecturels par leur concordance, nous  offrent autant de moyens d\u2019exprimer notre reconnaissance \u00e0 ces  institutions importantes au sein de notre espace culturel.<\/p>\n<p><em>Le Festival International de Jazz de Montr\u00e9al<\/em> couronne trente ann\u00e9es de joies, d\u2019expansion et toute une  s\u00e9rie de rencontres artistiques, sociales, culturelles et musicales sous  le signe de forums, de cercles de d\u00e9couvertes, de l\u2019expression  multidisciplinaire formelle et informelle d\u2019un art f\u00e9cond\u00e9 par le  m\u00e9tissages des cultures n\u00e9gro-africaines anciennes et du ferment de la  modernit\u00e9 n\u00e9o-am\u00e9ricaine du Nord des si\u00e8cles r\u00e9cents. Musique de  technique et de rythmique, musique enracin\u00e9e dans le socle de l\u2019Afrique  M\u00e8re et pourtant ouverte et sensible aux souffles de la cr\u00e9ativit\u00e9  moderne et postmoderne, le Jazz est assis sur la diversit\u00e9 cong\u00e9nitale  qui lui a donn\u00e9 ses lettres de noblesse. \u00c9v\u00e9nement de calibre mondial,  le FIJM inscrit notre m\u00e9tropole au sommet de la courbe ultime des  manifestations d\u2019envergure universelle au sein de la plan\u00e8te de cette  famille musicale. Hommages aux artisans et d\u00e9veloppeurs Andr\u00e9 M\u00e9nard,  Alain Simard, Laurent Saulnier, Caroline Johnson, Joanne Bougie et Marie Pierre Blais.<\/p>\n<p><em>Le Cirque du Soleil<\/em>, devenu  un des plus beaux, un des plus repr\u00e9sentatifs parmi les fleurons de  notre g\u00e9nie cr\u00e9atif et de nos r\u00eaves d\u2019entreprenariat mondial, a dig\u00e9r\u00e9  avec talent les atouts de la diversit\u00e9 et mis en relief les avantages de  la diversit\u00e9 des expressions culturelles. Confectionn\u00e9 \u00e0 partir de  notre fibre qu\u00e9b\u00e9coise le Cirque du Soleil s\u2019est inscrit d\u2019embl\u00e9e dans  une d\u00e9marche m\u00e9tiss\u00e9e. Ses m\u00e9thodes de d\u00e9veloppement des comp\u00e9tences,  ses techniques de recrutement, de formation et de cr\u00e9ation, ses  r\u00e9alisations artistiques, technologiques et son mode de gestion des  ressources humaines, lui ont permis d\u2019offrir la palette la plus \u00e9tendue,  la plus diversifi\u00e9e et la plus multidisciplinaire, dans presque tous  les secteurs d\u2019intervention du domaine de l\u2019art du cirque. Hommages aux  co-fondateurs\u00a0: Guy Lalibert\u00e9, Daniel Gauthier et Ga\u00e9tan Morency.<\/p>\n<p><em>Vues d\u2019Afrique<\/em>, fen\u00eatre  exclusive sur les productions, la cin\u00e9matographie des Cara\u00efbes et de  l\u2019Afrique m\u00e8re. Une institution qui a forg\u00e9 sa personnalit\u00e9 au diapason  de Montr\u00e9al, en fran\u00e7ais avec cette touche sp\u00e9ciale d\u2019ouverture sur la  diff\u00e9rence. Ce vingt-cinqui\u00e8me devrait contribuer \u00e0 une r\u00e9organisation  et \u00e0 l\u2019envol de l\u2019organisme vers la construction du demi si\u00e8cle de son  histoire.<\/p>\n<p><em>OBORO<\/em>, au coeur de notre  m\u00e9tropole au 4001 rue Berri, \u00e0 la convergence des secteurs culturels sur  l\u2019arc du Plateau Mont-Royal, dans la structure urbaine la plus  identifi\u00e9e \u00e0 nos racines, propose l\u2019oasis supr\u00eame de la diversit\u00e9 dans  la cr\u00e9ation contemporaine. Espace d\u00e9mocratique et \u00e9volutif d\u2019une rare  intensit\u00e9 par sa d\u00e9marche d\u2019innovation et de promotion d\u2019une culture de  paix, lieu de r\u00e9sidence d\u2019artistes, de respect des diff\u00e9rences et  d\u2019expression interg\u00e9n\u00e9rationnelle, spirituelle des nouveaux m\u00e9dias,  OBORO incarne l\u2019espoir d\u2019un art enracin\u00e9 dans la communaut\u00e9 et ouvert  sur le vaste monde de la passion et de la folie cr\u00e9atrice universelles.  Hommages aux co-fondateurs\u00a0: Su Schnee et Daniel Dion.<em> <\/em><\/p>\n<p><em>Le MAI <\/em>(Montr\u00e9al arts  interculturels), le lieu de diffusion par excellence o\u00f9 les Montr\u00e9alais,  au 3680 Jeanne Mance, se reconnaissent et s\u2019expriment face au public  qui vibre de cette fiert\u00e9 de l\u2019appartenance l\u00e9gitime la plus g\u00e9n\u00e9reuse.  Salle multidisciplinaire, salle polyvalente, espace caf\u00e9 et lieu de  r\u00e9sidence d\u2019artistes, le MAI est une interface vivante de notre culture  actuelle et future avec l\u2019environnement cultuel national et  international que nous nourrissons et qui nous alimente. Par la  composition de son \u00e9quipe dirigeante et op\u00e9rationnelle, par la diversit\u00e9  des expressions artistiques qui s\u2019y d\u00e9ploient et celle de ses publics,  le MAI conjugue avec succ\u00e8s depuis dix ans la multidisciplinarit\u00e9, la  diversit\u00e9 et l\u2019audace de la rel\u00e8ve ou de la g\u00e9n\u00e9ration \u00e9mergente des  cr\u00e9atrices et des cr\u00e9ateurs de Montr\u00e9al et d\u2019ailleurs. Hommages \u00e0 une  \u00e9quipe hors pair\u00a0: R\u00e9gine Cadet, Philip Richard-Authier, V\u00e9ronique  Mompelat, Mariya Moneva, Zo\u00eb Chan, Guilaine Royer, Ibou Sow et Miruna  Oana.<\/p>\n<p><em>L\u2019institut du nouveau Monde<\/em> (INM), se d\u00e9finit comme un institut ind\u00e9pendant, non partisan, \u00e0 but  non lucratif, vou\u00e9 au renouvellement des id\u00e9es et \u00e0 l\u2019animation des  d\u00e9bats publics au Qu\u00e9bec. Cette approche citoyenne met l\u2019action de l\u2019INM  dans une perspective de justice sociale, dans le respect des valeurs  d\u00e9mocratiques, et dans un esprit d\u2019ouverture et d\u2019innovation. Acteur  local, national et international, dans l\u2019univers de la francophonie,  l\u2019INM veut, selon ses propres termes\u00a0: <em>lib\u00e9rer la parole  des citoyens et des citoyennes en dehors des circuits partisans,  militants ou acad\u00e9miques en suscitant leur participation \u00e0 des d\u00e9bats  ouverts, des \u00e9changes, des dialogues, conf\u00e9rences et rendez-vous  strat\u00e9giques sur les grands enjeux de notre temps.<\/em> Hommages aux chefs de file\u00a0: Michel Venne, Genevi\u00e8ve Baril,  St\u00e9phane Dub\u00e9, Miriam Fahmy.<\/p>\n<p>Six anniversaires qui permettent de  mieux mesurer la place centrale du d\u00e9veloppement culturel dans  l\u2019\u00e9panouissement \u00e9conomique de notre m\u00e9tropole, Montr\u00e9al.<\/p>\n","protected":false},"excerpt":{"rendered":"<p>Six anniversaires dans le foyer culturel de Montr\u00e9al. L\u2019\u00e9dition du 30e anniversaire du Festival International de Jazz de Montr\u00e9al aura lieu du 30 juin au 12 juillet prochain. Un \u00e9v\u00e9nement qui confirme l\u2019Immense popularit\u00e9 de l\u2019\u00e9v\u00e9nement, chez nous, sur la sc\u00e8ne internationale et partout sur la plan\u00e8te JAZZ.\u00a0 Vingt-cinq ans du Cirque du soleil et [&hellip;]<\/p>\n","protected":false},"author":1,"featured_media":0,"comment_status":"open","ping_status":"open","sticky":false,"template":"","format":"standard","meta":{"_bbp_topic_count":0,"_bbp_reply_count":0,"_bbp_total_topic_count":0,"_bbp_total_reply_count":0,"_bbp_voice_count":0,"_bbp_anonymous_reply_count":0,"_bbp_topic_count_hidden":0,"_bbp_reply_count_hidden":0,"_bbp_forum_subforum_count":0,"_et_pb_use_builder":"","_et_pb_old_content":"","_et_gb_content_width":""},"categories":[26],"tags":[],"_links":{"self":[{"href":"http:\/\/www.yvesalavo.ca\/index.php?rest_route=\/wp\/v2\/posts\/159"}],"collection":[{"href":"http:\/\/www.yvesalavo.ca\/index.php?rest_route=\/wp\/v2\/posts"}],"about":[{"href":"http:\/\/www.yvesalavo.ca\/index.php?rest_route=\/wp\/v2\/types\/post"}],"author":[{"embeddable":true,"href":"http:\/\/www.yvesalavo.ca\/index.php?rest_route=\/wp\/v2\/users\/1"}],"replies":[{"embeddable":true,"href":"http:\/\/www.yvesalavo.ca\/index.php?rest_route=%2Fwp%2Fv2%2Fcomments&post=159"}],"version-history":[{"count":1,"href":"http:\/\/www.yvesalavo.ca\/index.php?rest_route=\/wp\/v2\/posts\/159\/revisions"}],"predecessor-version":[{"id":160,"href":"http:\/\/www.yvesalavo.ca\/index.php?rest_route=\/wp\/v2\/posts\/159\/revisions\/160"}],"wp:attachment":[{"href":"http:\/\/www.yvesalavo.ca\/index.php?rest_route=%2Fwp%2Fv2%2Fmedia&parent=159"}],"wp:term":[{"taxonomy":"category","embeddable":true,"href":"http:\/\/www.yvesalavo.ca\/index.php?rest_route=%2Fwp%2Fv2%2Fcategories&post=159"},{"taxonomy":"post_tag","embeddable":true,"href":"http:\/\/www.yvesalavo.ca\/index.php?rest_route=%2Fwp%2Fv2%2Ftags&post=159"}],"curies":[{"name":"wp","href":"https:\/\/api.w.org\/{rel}","templated":true}]}}