{"id":198,"date":"2010-08-17T21:57:24","date_gmt":"2010-08-17T21:57:24","guid":{"rendered":"http:\/\/www.yvesalavo.ca\/?p=198"},"modified":"2010-08-18T00:04:27","modified_gmt":"2010-08-18T04:04:27","slug":"celia-rojas-viger","status":"publish","type":"post","link":"http:\/\/www.yvesalavo.ca\/?p=198","title":{"rendered":"CELIA ROJAS-VIGER"},"content":{"rendered":"<p>M\u00e9decin pour le bien-\u00eatre des \u00e2mes, le respect, la  justice et la dignit\u00e9 des personnes<\/p>\n<p>Mari\u00e9e depuis trente ans avec un  Qu\u00e9b\u00e9cois, vingt-sept ans de vie d\u00e9sormais au Qu\u00e9bec. Celia  Rojas-Viger, m\u00e9decin omnipraticien, est dipl\u00f4m\u00e9e de la Facult\u00e9 de  m\u00e9decine de Lima (P\u00e9rou) mais encore titulaire d\u2019une ma\u00eetrise en sant\u00e9  communautaire (1995) de l\u2019Universit\u00e9 de Montr\u00e9al, apr\u00e8s avoir en 1979 et  1980 fait son internat rotatoire \u00e0 l\u2019H\u00f4pital Notre-Dame. Elle  poursuit actuellement la r\u00e9daction d\u2019une th\u00e8se en vue de l\u2019obtention  d\u2019un doctorat en anthropologie de l\u2019Universit\u00e9 de Montr\u00e9al. Chercheure  inlassable, femme de terrain qui travaille et produit de nombreux et  remarquables \u00e9crits, articles scientifiques et rapports de recherche  pour les publications les plus r\u00e9put\u00e9es dans les domaines de la sant\u00e9,  de l\u2019intervention clinique, des sciences sociales et des pratiques  relatives \u00e0 la place des femmes dans la soci\u00e9t\u00e9 et aux relations  interculturelles\u00a0: Celia Rojas-Viger est une personne exceptionnelle.<\/p>\n<p>Combattante intelligente pour les droits  fondamentaux des \u00eatres les plus fragiles, elle consacre toute son  \u00e9nergie \u00e0 l\u2019\u00e9radication des injustices\u00a0: <em>Ma motivation pour mes  multiples engagements se forge au sein de ma famille au P\u00e9rou. Et  sa racine principale est que tout \u00eatre humain sans distinction ait une  place pour vivre avec respect, dignit\u00e9 et justice o\u00f9 qu&rsquo;il se trouve.  Donc, par r\u00e9ciprocit\u00e9 et \u00e0 son tour, la personne a le devoir de  participer activement pour que ces principes soient respect\u00e9s. Cela  m&rsquo;a amen\u00e9e, depuis ma jeunesse, \u00e0 \u00eatre sensible et \u00e0 combattre  l&rsquo;injustice sous toutes ses formes : s\u00e9gr\u00e9gation,  discrimination, marginalisation, exclusion, racisme&#8230; C&rsquo;est  ce qu&rsquo;on appelle de la violence soci\u00e9tale, comme je l&rsquo;ai v\u00e9cue dans mon  pays d&rsquo;origine, soumis aux s\u00e9quelles de la Conqu\u00eate, des dictatures  militaires, de la r\u00e9pression, du trafic de drogues et de la pauvret\u00e9  extr\u00eame. Cela m&rsquo;a conduite, pour la combattre, \u00e0 intervenir  activement dans des programmes d&rsquo;\u00e9ducation, d&rsquo;organisation et de  participation aupr\u00e8s des gens des secteurs populaires.<\/em><\/p>\n<p>Au niveau le plus \u00e9lev\u00e9, dans les lieux o\u00f9 se  d\u00e9cident les principales orientations qui sont propos\u00e9es aux instances  qui ont la responsabilit\u00e9 de pr\u00e9parer l\u2019avenir de nos soci\u00e9t\u00e9s, madame  Celia Rojas-Viger est r\u00e9aliste, d\u00e9termin\u00e9e \u00e0 op\u00e9rer les changements  n\u00e9cessaires qui feront en sorte que nous ne vivrons plus au c\u0153ur des  contradictions qui existent chez nous entre les principes, les grandes  chartes politiques et la triste r\u00e9alit\u00e9 de la discrimination au  quotidien. Son parcours est \u00e9loquent\u00a0: <em>En arrivant au  Canada, au Qu\u00e9bec et plus pr\u00e9cis\u00e9ment \u00e0 Montr\u00e9al, tr\u00e8s rapidement je me  suis rendu compte que je recevais un traitement diff\u00e9rentiel parce que  j&rsquo;\u00e9tais immigrante, comme si j&rsquo;\u00e9tais une personne de deuxi\u00e8me ordre.  De plus, ce constat devenait chaque jour plus clair que c&rsquo;\u00e9tait  une attitude r\u00e9pandue \u00e0 l&rsquo;\u00e9gard des gens venus d&rsquo;ailleurs, et dont la  base \u00e9tait des st\u00e9r\u00e9otypes construits et nomm\u00e9s \u00abrace\u00bb, \u00abethnie\u00bb,  \u00aborigine\u00bb. Concr\u00e8tement, cela s&rsquo;est traduit pour moi, femme  poss\u00e9dant une formation universitaire, avec un dipl\u00f4me de m\u00e9decin et  une expertise professionnelle, par la non-reconnaissance de mes  comp\u00e9tences ni par l&rsquo;Immigration, ni par l&rsquo;Universit\u00e9, ni par le Coll\u00e8ge  des M\u00e9decins du Qu\u00e9bec. De plus, le fait de parler le  fran\u00e7ais avec un fort accent m&rsquo;a expos\u00e9e \u00e0 plusieurs entraves. Celles-ci  ont exig\u00e9 de moi et m&rsquo;ont pouss\u00e9e \u00e0 me d\u00e9passer pour trouver comment  apprendre le fran\u00e7ais, pour me recycler dans les \u00e9tudes, chercher et  d\u00e9nicher un lieu de travail qui respecte mes aspirations. Enfin,  tout cela m&rsquo;a stimul\u00e9e \u00e0 faire partie de groupes d&rsquo;immigrants et  d&rsquo;organismes communautaires afin de cr\u00e9er des strat\u00e9gies pour qu&rsquo;un bon  jour les autorit\u00e9s comp\u00e9tentes posent des gestes qui permettent que  toute personne soit reconnue \u00e0 part enti\u00e8re, comme le discours politique  le souligne d\u00e9j\u00e0 : <\/em><\/p>\n<p>\u00ab\u00a0La Loi sur le multiculturalisme du Canada veut  abattre les barri\u00e8res de la discrimination et de l&rsquo;ignorance, qui font  obstacle \u00e0 l&rsquo;acceptation et au respect; elle veut faire en  sorte que nos grandes institutions nationales &#8211; notre  syst\u00e8me policier et judiciaire, notre syst\u00e8me d&rsquo;\u00e9ducation, nos services  de sant\u00e9 et nos services sociaux, et, au plus haut niveau, notre  gouvernement lui-m\u00eame &#8211; tablent sur les talents et les  capacit\u00e9s de tous les citoyens et soient un instrument de changement  positif dans notre soci\u00e9t\u00e9.\u00a0\u00bb<\/p>\n<p>(Sant\u00e9 Canada (2001) Comme la culture d\u00e9terminant  de la sant\u00e9. Pour une compr\u00e9hension commune : une clarification des  concepts-cl\u00e9s de la sant\u00e9 de la population. In : <a href=\"http:\/\/www.hc-sc.gc.ca\/\">www.hc-sc.gc.ca<\/a>, Canada.  p. 2. )<\/p>\n<p><em>Apr\u00e8s quasi trente ann\u00e9es  ici et malgr\u00e9 le travail ardu dans plusieurs organismes, ma motivation  persiste toujours de vaincre les difficult\u00e9s qui existent encore, par  exemple dans les institutions universitaires et de recherche, dans le  but d&rsquo;ouvrir des places de travail pour les chercheures d&rsquo;origines  diverses. Cela me stimule \u00e0 exceller dans les \u00e9tudes  universitaires afin d&rsquo;\u00eatre mieux pr\u00e9par\u00e9e lorsqu&rsquo;un poste de travail  s&rsquo;offrira \u00e0 moi.<\/em><\/p>\n<p>Active et d\u2019une f\u00e9condit\u00e9  intellectuelle, d\u2019une productivit\u00e9 acad\u00e9mique et sociale rare, Celia  Rojas-Viger a un palmar\u00e8s de tout premier plan dans de nombreux  domaines\u00a0: <em>Mes r\u00e9alisations les plus significatives gravitent autour  de pratiques qui cherchent la justice sociale et cela me permet de  participer activement avec les secteurs populaires de Lima, P\u00e9rou.  Une fois \u00e0 Montr\u00e9al, je participe \u00e0 diff\u00e9rents \u00e9v\u00e9nements : <\/em><\/p>\n<p><em>Cr\u00e9ation du Comit\u00e9 de  Solidarit\u00e9 P\u00e9rou-Canada, en 1978.<\/em><\/p>\n<p><em>Participation aux services  de sant\u00e9 dans le secteur populaire \u00e0 Montr\u00e9al \u00e0 travers les Cliniques  populaires de sant\u00e9, entre les ann\u00e9es 1977-1980. <\/em><\/p>\n<p><em>Consolidation des groupes  communautaires de femmes immigrantes latino-am\u00e9ricaines qui conduit,  entre autres, \u00e0 la cr\u00e9ation de la Maison d&rsquo;h\u00e9bergement Flora Tristan  pour r\u00e9pondre aux besoins des femmes victimes de violence. <\/em><\/p>\n<p><em>Installation et  d\u00e9veloppement de la section de M\u00e9decine communautaire au D\u00e9partement de  M\u00e9decine sociale et pr\u00e9ventive de la Facult\u00e9 de M\u00e9decine, \u00e0 l&rsquo;Universit\u00e9  nationale majeure de San Marcos, \u00e0 Lima, P\u00e9rou, en 1984, pendant mon  engagement dans la Coop\u00e9ration internationale et \u00e0 partir de ma fonction  de professeure universitaire. <\/em><\/p>\n<p><em>Lutte soutenue, appuy\u00e9e par  le Mouvement Action-Ch\u00f4mage, entre 1988 et 1994, pour que mes ann\u00e9es  d&rsquo;activit\u00e9s r\u00e9alis\u00e9es dans le cadre de la coop\u00e9ration internationale  soient reconnues comme celles d&rsquo;une travailleuse et me donnent alors  droit \u00e0 recevoir l&rsquo;assurance ch\u00f4mage de retour au pays, ce qui a \u00e9t\u00e9  gagn\u00e9 et qui a cr\u00e9\u00e9 une jurisprudence et dont peuvent maintenant  b\u00e9n\u00e9ficier toutes les canadiennes et les canadiens, coop\u00e9rants de  retour. <\/em><\/p>\n<p><em>Reconnaissance des acquis  des M\u00e9decins dipl\u00f4m\u00e9s hors Canada et participation, comme responsable \u00e0  la recherche, dans la production d&rsquo;un rapport qui a \u00e9t\u00e9 remis, en ao\u00fbt  1994, \u00e0 M. Jean Rochon, alors ministre de la Sant\u00e9 et des Services  sociaux du Qu\u00e9bec, pour souligner les probl\u00e8mes de discrimination, de  marginalisation et d&rsquo;exclusion des m\u00e9decins dipl\u00f4m\u00e9s hors Canada r\u00e9unis  en association et sugg\u00e9rer des pistes de solution afin de les incorporer  \u00e0 la pratique m\u00e9dicale dans la soci\u00e9t\u00e9 qu\u00e9b\u00e9coise. <\/em><\/p>\n<p><em>Participation, depuis 1994, \u00e0  la consolidation de la Clinique transculturelle du D\u00e9partement de  Psychiatrie de l&rsquo;H\u00f4pital Jean-Talon, en y travaillant, sans  r\u00e9mun\u00e9ration, comme co-th\u00e9rapeute et chercheure afin d&rsquo;offrir une  r\u00e9ponse alternative \u00e0 la souffrance surtout psychologique des personnes  immigrantes et r\u00e9fugi\u00e9es. <\/em><\/p>\n<p><em>Cr\u00e9ation et d\u00e9veloppement du  Regroupement des femmes chercheures d&rsquo;origines diverses, en 1999, afin  de trouver des solutions \u00e0 des pratiques de s\u00e9lection, de  discrimination, de marginalisation et d&rsquo;exclusion des femmes  chercheures, originaires des pays du sud, qui ont une formation et une  expertise en recherche scientifique et qui, m\u00eame en se recyclant sur le  plan acad\u00e9mique dans les universit\u00e9s qu\u00e9b\u00e9coises, ne sont pas accept\u00e9es  dans des \u00e9quipes de recherche rod\u00e9es ou y travaillent dans des emplois  pr\u00e9caires et de second plan. <\/em><\/p>\n<p>Un v\u00e9ritable projet de soci\u00e9t\u00e9  est con\u00e7u par Celia Rojas-Viger pour les nouvelles g\u00e9n\u00e9rations. Elle  est sereine, objective et sans complaisance. Son jugement  est pr\u00e9cis, document\u00e9 en ce qui concerne les relations entre la majorit\u00e9  et nos diff\u00e9rentes communaut\u00e9s d\u2019appartenance\u00a0: Les soci\u00e9t\u00e9s  canadienne et qu\u00e9b\u00e9coise, compos\u00e9es d&rsquo;autochtones, ici depuis longtemps,  et d&rsquo;immigrants, venus de partout par vagues successives, continuent \u00e0  s&rsquo;enrichir d\u00e9mographiquement, \u00e9conomiquement et socio-culturellement par  leur pr\u00e9sence et leur participation acharn\u00e9e \u00e0 am\u00e9liorer la vie  soci\u00e9tale. La reconnaissance de leur contribution doit  passer du discours \u00e0 la pratique, surtout pour que tous poss\u00e8dent les  conditions de mat\u00e9rialit\u00e9 et d&rsquo;int\u00e9gration capables de faire de ce pays  un v\u00e9ritable lieu d\u2019ancrage et d\u2019appartenance \u00e0 part enti\u00e8re, pour  toutes ces personnes admises. \u00c0 l\u2019instar des institutions,  cette possibilit\u00e9 est hypoth\u00e9qu\u00e9e car on persiste \u00e0 produire et  reproduire des pratiques de discrimination en \u00e9rigeant des fronti\u00e8res,  certes subtiles mais combien r\u00e9elles, entre les membres du groupe  majoritaire et ceux des groupes minoritaires, et en accordant des  avantages et des privil\u00e8ges aux uns tout en les refusant aux autres.<\/p>\n<p><em> <\/em><\/p>\n<p><em>Je pense que moi, je dois  persister \u00e0 \u00eatre vigilante et continuer \u00e0 r\u00e9aliser un travail concert\u00e9  et en collaboration avec les gens \u00ab\u00a0de souche\u00a0\u00bb pour cr\u00e9er des lieux o\u00f9  l&rsquo;on puisse penser et vivre ensemble en continuant \u00e0 b\u00e2tir une soci\u00e9t\u00e9  juste. Collectivement, majorit\u00e9 et minorit\u00e9s, nous pouvons  questionner les enjeux sociaux des politiques d&rsquo;immigration, des  ph\u00e9nom\u00e8nes li\u00e9s \u00e0 l\u2019immigration et \u00e0 l&rsquo;\u00e9ducation, incluant les  universit\u00e9s et les institutions de travail, qui sont encore centr\u00e9s sur  un universalisme aveugle qui ne prend pas en compte la pr\u00e9sence des gens  des autres cultures, qui ont des mani\u00e8res diff\u00e9rentes d&rsquo;\u00eatre et de  penser. Le but est de mettre au point certaines mesures qui  permettent l&rsquo;\u00e9mergence d&rsquo;une \u00e9ducation accessible et ad\u00e9quate aux gens  d\u2019origines diverses ; qui leur permettent aussi d&rsquo;atteindre  le lieu qui leur revient dans le secteur du travail, en incluant celui  de la recherche. En cons\u00e9quence, tous pourront prendre leur  place, au m\u00eame titre que tous les autres, dans le monde pluriethnique  actuel du Qu\u00e9bec et dans le projet d&rsquo;un Qu\u00e9bec ouvert aux \u00ab\u00a0autres  mani\u00e8res de penser et d\u2019agir\u00a0\u00bb. Cette attitude et des  pratiques cons\u00e9quentes peuvent servir \u00e0 concevoir et \u00e0 vivre la  diversit\u00e9 et la solidarit\u00e9 dans une soci\u00e9t\u00e9 \u00abtransculturelle\u00bb qui  reconnaisse et fasse la promotion du m\u00e9tissage socio-culturel avec  l&rsquo;apport des solidarit\u00e9s d\u00e9j\u00e0 en marche mais encore tr\u00e8s marginales.  Je souhaite qu&rsquo;ensemble, minorit\u00e9s et majorit\u00e9, arrivions \u00e0  combattre la s\u00e9gr\u00e9gation, la discrimination, la marginalisation,  l&rsquo;exclusion et le racisme. Nous, les immigrants, nous  sommes d\u00e9j\u00e0 ici et nous participons comme de vrais \u00ab\u00a0combattants\u00a0\u00bb pour  b\u00e2tir une soci\u00e9t\u00e9 centr\u00e9e sur la solidarit\u00e9, la r\u00e9ciprocit\u00e9 et la  justice sociale.<\/em><\/p>\n","protected":false},"excerpt":{"rendered":"<p>M\u00e9decin pour le bien-\u00eatre des \u00e2mes, le respect, la justice et la dignit\u00e9 des personnes Mari\u00e9e depuis trente ans avec un Qu\u00e9b\u00e9cois, vingt-sept ans de vie d\u00e9sormais au Qu\u00e9bec. Celia Rojas-Viger, m\u00e9decin omnipraticien, est dipl\u00f4m\u00e9e de la Facult\u00e9 de m\u00e9decine de Lima (P\u00e9rou) mais encore titulaire d\u2019une ma\u00eetrise en sant\u00e9 communautaire (1995) de l\u2019Universit\u00e9 de [&hellip;]<\/p>\n","protected":false},"author":1,"featured_media":0,"comment_status":"open","ping_status":"open","sticky":false,"template":"","format":"standard","meta":{"_bbp_topic_count":0,"_bbp_reply_count":0,"_bbp_total_topic_count":0,"_bbp_total_reply_count":0,"_bbp_voice_count":0,"_bbp_anonymous_reply_count":0,"_bbp_topic_count_hidden":0,"_bbp_reply_count_hidden":0,"_bbp_forum_subforum_count":0,"_et_pb_use_builder":"","_et_pb_old_content":"","_et_gb_content_width":""},"categories":[17],"tags":[],"_links":{"self":[{"href":"http:\/\/www.yvesalavo.ca\/index.php?rest_route=\/wp\/v2\/posts\/198"}],"collection":[{"href":"http:\/\/www.yvesalavo.ca\/index.php?rest_route=\/wp\/v2\/posts"}],"about":[{"href":"http:\/\/www.yvesalavo.ca\/index.php?rest_route=\/wp\/v2\/types\/post"}],"author":[{"embeddable":true,"href":"http:\/\/www.yvesalavo.ca\/index.php?rest_route=\/wp\/v2\/users\/1"}],"replies":[{"embeddable":true,"href":"http:\/\/www.yvesalavo.ca\/index.php?rest_route=%2Fwp%2Fv2%2Fcomments&post=198"}],"version-history":[{"count":2,"href":"http:\/\/www.yvesalavo.ca\/index.php?rest_route=\/wp\/v2\/posts\/198\/revisions"}],"predecessor-version":[{"id":448,"href":"http:\/\/www.yvesalavo.ca\/index.php?rest_route=\/wp\/v2\/posts\/198\/revisions\/448"}],"wp:attachment":[{"href":"http:\/\/www.yvesalavo.ca\/index.php?rest_route=%2Fwp%2Fv2%2Fmedia&parent=198"}],"wp:term":[{"taxonomy":"category","embeddable":true,"href":"http:\/\/www.yvesalavo.ca\/index.php?rest_route=%2Fwp%2Fv2%2Fcategories&post=198"},{"taxonomy":"post_tag","embeddable":true,"href":"http:\/\/www.yvesalavo.ca\/index.php?rest_route=%2Fwp%2Fv2%2Ftags&post=198"}],"curies":[{"name":"wp","href":"https:\/\/api.w.org\/{rel}","templated":true}]}}