{"id":228,"date":"2010-08-17T22:18:59","date_gmt":"2010-08-17T22:18:59","guid":{"rendered":"http:\/\/www.yvesalavo.ca\/?p=228"},"modified":"2010-08-17T22:18:59","modified_gmt":"2010-08-17T22:18:59","slug":"janet-lumb","status":"publish","type":"post","link":"http:\/\/www.yvesalavo.ca\/?p=228","title":{"rendered":"JANET LUMB"},"content":{"rendered":"<p>Janet Lumb est d&rsquo;abord une  animatrice sociale, femme fortement engag\u00e9e, de tous les combats  sociaux, aux barricades pour faire reconna\u00eetre la dignit\u00e9 des jeunes de  la rue, au front pour l&rsquo;\u00e9galit\u00e9 entre hommes et femmes et de tous les  groupes pour la vitalit\u00e9 des caract\u00e9ristiques interculturelles de nos  grandes cit\u00e9s. Co-fondatrice du <strong>Festival du  Patrimoine asiatique<\/strong>, Janet Lumb rassemble, travaille avec les  forces vives de la communaut\u00e9 chinoise et fait advenir les changements  de comportements. Elle est vive, impatiente<em>, \u00ab\u00a0Je suis  pass\u00e9e de la r\u00e9volte, de la col\u00e8re, \u00e0 la croyance\u00a0\u00bb<\/em>. Janet  a d\u00e9couvert l&rsquo;ampleur de l&rsquo;action et la profondeur des r\u00e9volutions  humaines que l&rsquo;on peut op\u00e9rer en passant par <em>\u00ab\u00a0la vuln\u00e9rabilit\u00e9 des  \u00eatres\u00a0\u00bb<\/em>.<\/p>\n<p>Musicienne r\u00e9put\u00e9e pour ses  talents d&rsquo;instrumentiste, notamment sa ma\u00eetrise du saxophone, les trois  (soprano, alto et t\u00e9nor), Janet Lumb est pourtant une importante \u00ab\u00a0<em>activiste<\/em>\u00a0\u00bb  dans la lutte pour le respect des droits de la personne,  une militante de premi\u00e8re ligne pour la reconnaissance des droits des  femmes et une de nos meilleures \u00e9ducatrices sp\u00e9cialis\u00e9es aupr\u00e8s des  jeunes ayant des limitations intellectuelles et physiques. Comme  elle aime le dire Janet Lumb \u00ab\u00a0<em>porte de nombreux chapeaux<\/em>\u00ab\u00a0.<\/p>\n<p>Ces dix derni\u00e8res ann\u00e9es plus de  vingt musiques de films vid\u00e9o, de films, de documentaires, d\u2019\u00e9missions  de t\u00e9l\u00e9vision les plus remarquables\u00a0: <strong><em>Moving the Mountain,  Power of the North, Foreign Ghosts, Under the Willow Tree-Pioneer  Chinise women in Canada, Seducing Maarya, Who is Albert Woo?, Made in  China.<\/em><\/strong> Elle a jou\u00e9 en spectacle dans les  salles les plus r\u00e9put\u00e9es de Montr\u00e9al, fait des shows aux \u00c9tats-Unis et  en France, au Portugal, notamment avec Assar Santana lors du lever de  rideau l\u2019\u00e9t\u00e9 2000, du spectacle de Myriam Makeba au Spectrum.<\/p>\n<p>Plus de deux d\u00e9cennies de travail  communautaire <em>\u00abMa fiert\u00e9 va plus au travail que j\u2019ai fait pendant  plus de 15 ans avec les jeunes d\u00e9linquants, comme \u00e9ducatrice \u00e0 Vancouver  ainsi que ma contribution aux enfants autistes, l\u2019engagement  communautaire \u00e0 Montr\u00e9al pendant six ans avec ces jeunes dans le <\/em><strong>Centre<em> <\/em>Giant Steps. <\/strong><em>J\u2019ai v\u00e9cu avec ces enfants des moments  miraculeux\u00a0\u00bb.<\/em> Son regard s\u2019\u00e9claire de cette lumi\u00e8re  d\u2019ailleurs, elle s\u2019exprime avec passion car elle a toujours choisi  l\u2019ins\u00e9curit\u00e9 et le don aux plus d\u00e9munis plut\u00f4t que le confort des  bureaux des administrations. Nous d\u00e9couvrons la face autre  de Janet Lumb, elle fait respirer sa conscience, la musique est un lien  avec le cosmos. Elle a une  fringale de l&rsquo;action, elle cr\u00e9e, compose des musiques surtout pour des  films, des \u00e9missions de t\u00e9l\u00e9vision, enregistre des disques avec des \u00ab\u00a0<em>bands<\/em>\u00a0\u00bb  et des orchestres, du rock au jazz, en passant par tout ce qui peut y  avoir de moderne, de rythmes du monde (Afro-br\u00e9silien).<\/p>\n<p>Elle s&rsquo;\u00e9panouit dans l&rsquo;utopie  pure comprise comme r\u00e9sultat du d\u00e9tachement mat\u00e9riel et enfantement de  cr\u00e9ations jallies du chaos. La puret\u00e9 des orf\u00e8vres de  l&rsquo;\u00e2me, elle m\u00e9dite dans sa foi bouddhique elle l&rsquo;adepte du <strong>KUNG  FU<\/strong>, experte et pratiquante des arts dit \u00ab\u00a0martiaux\u00a0\u00bb, la voici au  piano ou \u00e0 la guitare pour mettre au monde la musique de la \u00ab\u00a0<strong>Marche  mondiale des Femmes 2000<\/strong>\u00a0\u00bb qu&rsquo;elle a jou\u00e9 sur sc\u00e8ne sur le  parvis du si\u00e8ge des <strong>Nations-Unies<\/strong> \u00e0 New-York. Elle  a v\u00e9cu lors de cet \u00e9v\u00e9nement, une synth\u00e8se de ses foyers d&rsquo;engagement :  la musique \u00e0 travers le <strong>Harlem Gospel Choir<\/strong>, le  syndicalisme via les <strong>Teamsters<\/strong> et le travail de la rue  par le service d&rsquo;ordre <strong>des Guardian Angels<\/strong>.<\/p>\n<p>Humour de ce constat plein de g\u00e9nie  d&rsquo;une montr\u00e9alaise n\u00e9e en Ontario, ayant travaill\u00e9 aupr\u00e8s des jeunes  autistes \u00e0 Vancouver et \u00e0 Montr\u00e9al, notamment avec <strong>Giant Steps<\/strong>,  Janet Lumb doit son sens communautaire et son d\u00e9vouement social \u00e0 sa  m\u00e8re Jean Lumb. Jean Lumb, la m\u00e8re supr\u00eame. Seule  femme parmi le Comit\u00e9 des Chinois (que des hommes) qui a travaill\u00e9 pour  que le gouvernement canadien reconnaisse les torts caus\u00e9s aux Canadiens  d&rsquo;origine chinoise. Femme de caract\u00e8re et d&rsquo;engagement,  mais aussi, Janet Lumb dit qu&rsquo;elle a une dette envers Malcom Guy, un  travailleur social, qui demeure pour elle un mod\u00e8le de d\u00e9termination.<\/p>\n<p>Femme enti\u00e8re dans ses engagements  personnels et sociaux, Janet Lumb d\u00e9veloppe son <em>\u00ab\u00a0Moi total\u00a0\u00bb<\/em> dans l&rsquo;int\u00e9grit\u00e9, elle met l&rsquo;accent sur l&rsquo;\u00e9thique et structure sa pens\u00e9e  comme son action, autour des principes de la v\u00e9rit\u00e9. Janet  est en harmonie avec elle et les autres car elle met au monde, tant \u00e0  travers sa cr\u00e9ation artistique que gr\u00e2ce \u00e0 son action sociale, des  moments de magie.<\/p>\n","protected":false},"excerpt":{"rendered":"<p>Janet Lumb est d&rsquo;abord une animatrice sociale, femme fortement engag\u00e9e, de tous les combats sociaux, aux barricades pour faire reconna\u00eetre la dignit\u00e9 des jeunes de la rue, au front pour l&rsquo;\u00e9galit\u00e9 entre hommes et femmes et de tous les groupes pour la vitalit\u00e9 des caract\u00e9ristiques interculturelles de nos grandes cit\u00e9s. Co-fondatrice du Festival du Patrimoine [&hellip;]<\/p>\n","protected":false},"author":1,"featured_media":0,"comment_status":"open","ping_status":"open","sticky":false,"template":"","format":"standard","meta":{"_bbp_topic_count":0,"_bbp_reply_count":0,"_bbp_total_topic_count":0,"_bbp_total_reply_count":0,"_bbp_voice_count":0,"_bbp_anonymous_reply_count":0,"_bbp_topic_count_hidden":0,"_bbp_reply_count_hidden":0,"_bbp_forum_subforum_count":0,"_et_pb_use_builder":"","_et_pb_old_content":"","_et_gb_content_width":""},"categories":[16],"tags":[],"_links":{"self":[{"href":"http:\/\/www.yvesalavo.ca\/index.php?rest_route=\/wp\/v2\/posts\/228"}],"collection":[{"href":"http:\/\/www.yvesalavo.ca\/index.php?rest_route=\/wp\/v2\/posts"}],"about":[{"href":"http:\/\/www.yvesalavo.ca\/index.php?rest_route=\/wp\/v2\/types\/post"}],"author":[{"embeddable":true,"href":"http:\/\/www.yvesalavo.ca\/index.php?rest_route=\/wp\/v2\/users\/1"}],"replies":[{"embeddable":true,"href":"http:\/\/www.yvesalavo.ca\/index.php?rest_route=%2Fwp%2Fv2%2Fcomments&post=228"}],"version-history":[{"count":1,"href":"http:\/\/www.yvesalavo.ca\/index.php?rest_route=\/wp\/v2\/posts\/228\/revisions"}],"predecessor-version":[{"id":229,"href":"http:\/\/www.yvesalavo.ca\/index.php?rest_route=\/wp\/v2\/posts\/228\/revisions\/229"}],"wp:attachment":[{"href":"http:\/\/www.yvesalavo.ca\/index.php?rest_route=%2Fwp%2Fv2%2Fmedia&parent=228"}],"wp:term":[{"taxonomy":"category","embeddable":true,"href":"http:\/\/www.yvesalavo.ca\/index.php?rest_route=%2Fwp%2Fv2%2Fcategories&post=228"},{"taxonomy":"post_tag","embeddable":true,"href":"http:\/\/www.yvesalavo.ca\/index.php?rest_route=%2Fwp%2Fv2%2Ftags&post=228"}],"curies":[{"name":"wp","href":"https:\/\/api.w.org\/{rel}","templated":true}]}}