{"id":232,"date":"2010-08-17T22:21:28","date_gmt":"2010-08-17T22:21:28","guid":{"rendered":"http:\/\/www.yvesalavo.ca\/?p=232"},"modified":"2010-08-17T22:21:28","modified_gmt":"2010-08-17T22:21:28","slug":"ana-luisa-iturriaga","status":"publish","type":"post","link":"http:\/\/www.yvesalavo.ca\/?p=232","title":{"rendered":"ANA LUISA ITURRIAGA"},"content":{"rendered":"<p>Militante de l\u2019interculturel<\/p>\n<p>Les ann\u00e9es passent, et Ana Luisa  Iturriaga demeure fid\u00e8le aux choix qu\u2019elle a faits il y a une d\u00e9cennie  et demie en obtenant son baccalaur\u00e9at en g\u00e9ographie, profil social et  culturel \u00e0 l\u2019UQ\u00c0M en 1988 suite \u00e0 des \u00e9tudes dans le m\u00eame  domaine \u00e0 l\u2019Universit\u00e9 nationale de Mexico. Depuis, elle  anime, forme et dirige, dou\u00e9e d\u2019une polyvalence que la r\u00e9alit\u00e9 et les  circonstances de l\u2019\u00e9volution des relations interculturelles exigent.  Comprendre les institutions, les organismes communautaires,  op\u00e9rer le va et vient entre toutes les composantes de notre soci\u00e9t\u00e9,  \u00e9tablir la ligne qui le mieux servira le rapprochement. Ana  Luisa est une actrice du monde sp\u00e9cialis\u00e9 de ceux qui, par leur  ouverture, leur perspicacit\u00e9, leur intuition, sont les architectes du  devenir de nos soci\u00e9t\u00e9s sans fronti\u00e8res.<\/p>\n<p>Pilier de Qu\u00e9bec Multi-Plus et formatrice pour  Continuum International, enseignante car elle est aussi professeur  d\u2019espagnol, Ana Luisa Iturriaga s\u2019applique et investit tout son \u00eatre  dans ce qu\u2019elle fait\u00a0: <em>La motivation de mon action et de mes choix  sont\u00a0: d\u2019encourager la compr\u00e9hension entre tous les Qu\u00e9b\u00e9cois afin  d\u2019enrayer les barri\u00e8res et toute forme de discrimination et d\u2019exclusion;  de promouvoir le respect et les relations harmonieuses. Ma  passion pour la culture qu\u00e9b\u00e9coise m\u2019a port\u00e9e \u00e0 faire la promotion de  l\u2019int\u00e9gration et de l\u2019adaptation de tous les citoyens dans un Qu\u00e9bec  juste et \u00e9quitable pour tous. La soci\u00e9t\u00e9 qu\u00e9b\u00e9coise est une  micro-plan\u00e8te repr\u00e9sentant l\u2019endroit id\u00e9al pour r\u00e9aliser cet objectif.<\/em><\/p>\n<p>Elle est fi\u00e8re et croit en ce qu\u2019elle fait\u00a0; elle y  met toute son \u00e9nergie<em>. Mes r\u00e9alisations les plus  significatives sont\u00a0: <\/em><em>la promotion de la culture qu\u00e9b\u00e9coise  aupr\u00e8s des nouveaux arrivants. En effet, certains ont pu  adapter leurs comportements aupr\u00e8s des Qu\u00e9b\u00e9cois d\u2019origine en  b\u00e9n\u00e9ficiant d\u2019ateliers d\u2019information portant sur les valeurs culturelles  au travail, les droits et devoirs des citoyens. Un autre  aspect de mes r\u00e9alisations consiste en l\u2019animation de plusieurs  \u00e9v\u00e9nements, l\u2019organisation de colloques et de conf\u00e9rences. Ceux-ci  ont permis le rapprochement entre les milieux impliqu\u00e9s, soit les  entreprises, les organismes communautaires et la client\u00e8le. Ainsi,  les employeurs ont pu trouver une tribune d\u2019expression dans ces  \u00e9v\u00e9nements afin de faire conna\u00eetre les comp\u00e9tences des groupes  ethnoculturels.<\/em><\/p>\n<p>Ana Luisa Iturriaga est r\u00e9aliste, consciente des  d\u00e9fis que les relations interculturelles ont \u00e0 relever\u00a0: <em>\u00c0 mon  humble avis, des efforts doivent \u00eatre faits de part et d\u2019autre afin de  construire des ponts plus solides entre les diverses communaut\u00e9s  latino-am\u00e9ricaines (22 pays r\u00e9pertori\u00e9s) et le Qu\u00e9bec. Cette  r\u00e9ciprocit\u00e9 devrait porter des fruits, et d\u00e9j\u00e0 les enfants de deuxi\u00e8me  g\u00e9n\u00e9ration vivent la transculturalit\u00e9, ce qui facilitera un plus grand  \u00e9panouissement mutuel.<\/em> Elle prend part \u00e0 de nombreuses  \u00e9missions de t\u00e9l\u00e9vision, si\u00e8ge sur des conseils d\u2019administration.  Elle si\u00e9gea sur ceux de La Maisonn\u00e9e Inc et de l\u2019anc\u00eatre du  Conseil des relations interculturelles du Qu\u00e9bec, le Conseil des  communaut\u00e9s culturelles et de l\u2019immigration du Qu\u00e9bec.<\/p>\n","protected":false},"excerpt":{"rendered":"<p>Militante de l\u2019interculturel Les ann\u00e9es passent, et Ana Luisa Iturriaga demeure fid\u00e8le aux choix qu\u2019elle a faits il y a une d\u00e9cennie et demie en obtenant son baccalaur\u00e9at en g\u00e9ographie, profil social et culturel \u00e0 l\u2019UQ\u00c0M en 1988 suite \u00e0 des \u00e9tudes dans le m\u00eame domaine \u00e0 l\u2019Universit\u00e9 nationale de Mexico. Depuis, elle anime, forme [&hellip;]<\/p>\n","protected":false},"author":1,"featured_media":0,"comment_status":"open","ping_status":"open","sticky":false,"template":"","format":"standard","meta":{"_bbp_topic_count":0,"_bbp_reply_count":0,"_bbp_total_topic_count":0,"_bbp_total_reply_count":0,"_bbp_voice_count":0,"_bbp_anonymous_reply_count":0,"_bbp_topic_count_hidden":0,"_bbp_reply_count_hidden":0,"_bbp_forum_subforum_count":0,"_et_pb_use_builder":"","_et_pb_old_content":"","_et_gb_content_width":""},"categories":[17],"tags":[],"_links":{"self":[{"href":"http:\/\/www.yvesalavo.ca\/index.php?rest_route=\/wp\/v2\/posts\/232"}],"collection":[{"href":"http:\/\/www.yvesalavo.ca\/index.php?rest_route=\/wp\/v2\/posts"}],"about":[{"href":"http:\/\/www.yvesalavo.ca\/index.php?rest_route=\/wp\/v2\/types\/post"}],"author":[{"embeddable":true,"href":"http:\/\/www.yvesalavo.ca\/index.php?rest_route=\/wp\/v2\/users\/1"}],"replies":[{"embeddable":true,"href":"http:\/\/www.yvesalavo.ca\/index.php?rest_route=%2Fwp%2Fv2%2Fcomments&post=232"}],"version-history":[{"count":1,"href":"http:\/\/www.yvesalavo.ca\/index.php?rest_route=\/wp\/v2\/posts\/232\/revisions"}],"predecessor-version":[{"id":233,"href":"http:\/\/www.yvesalavo.ca\/index.php?rest_route=\/wp\/v2\/posts\/232\/revisions\/233"}],"wp:attachment":[{"href":"http:\/\/www.yvesalavo.ca\/index.php?rest_route=%2Fwp%2Fv2%2Fmedia&parent=232"}],"wp:term":[{"taxonomy":"category","embeddable":true,"href":"http:\/\/www.yvesalavo.ca\/index.php?rest_route=%2Fwp%2Fv2%2Fcategories&post=232"},{"taxonomy":"post_tag","embeddable":true,"href":"http:\/\/www.yvesalavo.ca\/index.php?rest_route=%2Fwp%2Fv2%2Ftags&post=232"}],"curies":[{"name":"wp","href":"https:\/\/api.w.org\/{rel}","templated":true}]}}