{"id":246,"date":"2010-08-17T22:29:17","date_gmt":"2010-08-17T22:29:17","guid":{"rendered":"http:\/\/www.yvesalavo.ca\/?p=246"},"modified":"2010-08-17T22:29:17","modified_gmt":"2010-08-17T22:29:17","slug":"nora-solervicens","status":"publish","type":"post","link":"http:\/\/www.yvesalavo.ca\/?p=246","title":{"rendered":"NORA SOLERVICENS"},"content":{"rendered":"<p>Favoriser le rapprochement interculturel et le  partenariat<\/p>\n<p>Il y a un quart de si\u00e8cle que Nora Solervicens vit  au Qu\u00e9bec. Elle y est arriv\u00e9e, fuyant la dictature de  Augusto Pinochet au Chili, avec sa fille Lorena qui avait un an et demi  en 1977 alors que son fils David est natif de Montr\u00e9al. D\u00e9j\u00e0  tr\u00e8s active au sein de la ville de Concepci\u00f3n (Chili) o\u00f9  elle a obtenu un dipl\u00f4me en travail social \u00e0 l\u2019universit\u00e9, Nora  Solervicens avait entrepris au milieu des ann\u00e9es soixante-dix une s\u00e9rie  de choix et mis en action avec des \u00e9tudiants de diverses disciplines des  programmes d\u2019information et de formation au profit des femmes d\u00e9munies  de la ville de Concepci\u00f3n. La base de l\u2019engagement social  est en place, elle fait du terrain dans les quartiers les moins nantis,  apporte une aide pr\u00e9cieuse dans les bidonvilles, combat le taux \u00e9lev\u00e9 de  mortalit\u00e9 infantile et permet aux citoyens de se prendre en main en  constituant des comit\u00e9s d\u2019hygi\u00e8ne et de nutrition. Les  \u00e9tudes sont tout de suite utiles, elle effectue du counseling individuel  aupr\u00e8s des femmes et, avec d\u2019autres coll\u00e8gues, fait du soutien  psychosocial.<\/p>\n<p>D\u00e8s son arriv\u00e9e au Qu\u00e9bec, Nora Solervicens rejoint  le milieu communautaire et participe activement aux diff\u00e9rentes  activit\u00e9s de solidarit\u00e9, donne b\u00e9n\u00e9volement des cours d\u2019espagnol et de  connaissance de la culture sud-am\u00e9ricaine \u00e0 la Maison culturelle  Qu\u00e9bec-Am\u00e9rique latine. Afin de pouvoir travailler dans son  domaine d\u2019activit\u00e9, elle doit, comme beaucoup de personnes immigrantes,  reprendre une partie de ses \u00e9tudes. Tout en suivant le  programme en service social \u00e0 l\u2019Universit\u00e9 de Montr\u00e9al, elle travaille \u00e0  l\u2019organisme <strong>Au bas de l\u2019\u00e9chelle <\/strong>qui d\u00e9fend les droits  des travailleuses et travailleurs non syndiqu\u00e9s. Elle est engag\u00e9e dans  les dossiers relatifs aux femmes tels que\u00a0: le retrait pr\u00e9ventif pour  les femmes enceintes, le harc\u00e8lement sexuel au travail et les conditions  de travail.<\/p>\n<p>En 1986, elle accepte le poste, comme elle le dit,  de directrice g\u00e9n\u00e9rale de l\u2019Hirondelle, un organisme qui offre des  services aux personnes immigrantes\u00a0: services de soutien psychosocial,  des cours de fran\u00e7ais, du d\u00e9pannage alimentaire. Un virage  complet s\u2019op\u00e8re dans sa vie, elle va consacrer d\u00e9sormais \u00e0  l\u2019Hirondelle son talent en organisation et en planification et  d\u00e9velopper des services et des programmes selon quatre axes  d\u2019intervention\u00a0: accueil, \u00e9tablissement, adaptation; soutien \u00e0  l\u2019insertion en emploi; formation professionnelle et rapprochement  interculturel. En 1989, Nora Solervicens obtient sa  ma\u00eetrise en service social de l\u2019Universit\u00e9 de Montr\u00e9al. Son  m\u00e9moire est intitul\u00e9\u00a0: <em>Les travailleurs non-syndiqu\u00e9s au Qu\u00e9bec et  leurs conditions de travail.<\/em><\/p>\n<p>D\u00e9sormais, Nora Solervicens est,  \u00e0 l\u2019image d\u2019un chef d\u2019orchestre, coh\u00e9rente, m\u00e9thodique et chef de file  qui donne le ton, marque de g\u00e9n\u00e9rosit\u00e9 et d\u2019engagement social chaque  participation \u00e0 de nombreux regroupements de solidarit\u00e9\u00a0: le Comit\u00e9 des  Femmes, la Table de concertation des organismes au service des r\u00e9fugi\u00e9s  et immigrants, le Regroupement des organismes au service des nouveaux  arrivants (ROSNA), le Regroupement des organismes multiethniques pour le  logement. En 1996, elle devient membre du Comit\u00e9 aviseur  de Centraide sur l\u2019acc\u00e8s aux services communautaires pour les personnes  immigrantes. En 2001, elle a \u00e9t\u00e9 d\u00e9l\u00e9gu\u00e9e de la Table de  concertation des organismes au service des r\u00e9fugi\u00e9s et immigrants \u00e0 la  Conf\u00e9rence des Am\u00e9riques en pr\u00e9paration \u00e0 la Conf\u00e9rence mondiale sur le  racisme en Afrique du Sud (Durban).<\/p>\n<p>Qu\u2019est ce qui fait vivre Nora Solervicens, quelle  est sa motivation ? <em>La motivation de mon action et de  mes choix est orient\u00e9e ind\u00e9niablement vers les projets sociaux,  \u00e9conomiques et humanitaires puisqu\u2019ils contribuent concr\u00e8tement et  quotidiennement \u00e0 assurer l\u2019\u00e9galit\u00e9 des chances aux personnes d\u2019origines  diverses. Nous devons favoriser une approche personnalis\u00e9e  qui puisse r\u00e9pondre aux besoins de chaque personne. Il  faut pouvoir donner \u00e0 chacun les moyens qui lui permettront de  d\u00e9velopper son autonomie et sa capacit\u00e9 d\u2019agir sur sa propre situation  et sur son nouveau milieu de vie. De cette fa\u00e7on, chacun  pourra d\u00e9velopper son potentiel et contribuer activement au  d\u00e9veloppement social, \u00e9conomique et culturel du Qu\u00e9bec<\/em><\/p>\n<p>Il est difficile de dissocier  Nora Solervicens de l\u2019organisme l\u2019Hirondelle. Parler de ses  r\u00e9alisations serait faire le bilan de cet organisme dont le rayonnement  est important au sein de notre soci\u00e9t\u00e9 dans le milieu des relations  interculturelles. Ne manquons pas d\u2019attirer l\u2019attention sur  une situation qui refl\u00e8te l\u2019approche de cette femme qui a r\u00e9ussi \u00e0  vivre en harmonie avec ses convictions. Impliqu\u00e9e elle-m\u00eame  dans la coop\u00e9rative d\u2019habitation o\u00f9 elle demeure, elle participe en  1999 au projet de partenariat avec deux autres organismes du quartier  pour fonder <em>Les Loges du Mile End<\/em>. L\u2019avenir  des liens entre la majorit\u00e9 et ses communaut\u00e9s d\u2019appartenance trouve  une application \u00e0 Montr\u00e9al\u00a0: <em>Montr\u00e9al est une ville fascinante dans  laquelle il est possible de conjuguer appartenance et diversit\u00e9. Cependant,  l\u2019\u00e9tablissement d\u2019une soci\u00e9t\u00e9 plurielle permettant \u00e0 chacun de ses  citoyens de s\u2019\u00e9panouir pleinement exige des gestes permanents  d\u2019inclusion \u00e0 tous les niveaux et dans tous les sens.<\/em><\/p>\n","protected":false},"excerpt":{"rendered":"<p>Favoriser le rapprochement interculturel et le partenariat Il y a un quart de si\u00e8cle que Nora Solervicens vit au Qu\u00e9bec. Elle y est arriv\u00e9e, fuyant la dictature de Augusto Pinochet au Chili, avec sa fille Lorena qui avait un an et demi en 1977 alors que son fils David est natif de Montr\u00e9al. D\u00e9j\u00e0 tr\u00e8s [&hellip;]<\/p>\n","protected":false},"author":1,"featured_media":0,"comment_status":"open","ping_status":"open","sticky":false,"template":"","format":"standard","meta":{"_bbp_topic_count":0,"_bbp_reply_count":0,"_bbp_total_topic_count":0,"_bbp_total_reply_count":0,"_bbp_voice_count":0,"_bbp_anonymous_reply_count":0,"_bbp_topic_count_hidden":0,"_bbp_reply_count_hidden":0,"_bbp_forum_subforum_count":0,"_et_pb_use_builder":"","_et_pb_old_content":"","_et_gb_content_width":""},"categories":[17],"tags":[],"_links":{"self":[{"href":"http:\/\/www.yvesalavo.ca\/index.php?rest_route=\/wp\/v2\/posts\/246"}],"collection":[{"href":"http:\/\/www.yvesalavo.ca\/index.php?rest_route=\/wp\/v2\/posts"}],"about":[{"href":"http:\/\/www.yvesalavo.ca\/index.php?rest_route=\/wp\/v2\/types\/post"}],"author":[{"embeddable":true,"href":"http:\/\/www.yvesalavo.ca\/index.php?rest_route=\/wp\/v2\/users\/1"}],"replies":[{"embeddable":true,"href":"http:\/\/www.yvesalavo.ca\/index.php?rest_route=%2Fwp%2Fv2%2Fcomments&post=246"}],"version-history":[{"count":1,"href":"http:\/\/www.yvesalavo.ca\/index.php?rest_route=\/wp\/v2\/posts\/246\/revisions"}],"predecessor-version":[{"id":247,"href":"http:\/\/www.yvesalavo.ca\/index.php?rest_route=\/wp\/v2\/posts\/246\/revisions\/247"}],"wp:attachment":[{"href":"http:\/\/www.yvesalavo.ca\/index.php?rest_route=%2Fwp%2Fv2%2Fmedia&parent=246"}],"wp:term":[{"taxonomy":"category","embeddable":true,"href":"http:\/\/www.yvesalavo.ca\/index.php?rest_route=%2Fwp%2Fv2%2Fcategories&post=246"},{"taxonomy":"post_tag","embeddable":true,"href":"http:\/\/www.yvesalavo.ca\/index.php?rest_route=%2Fwp%2Fv2%2Ftags&post=246"}],"curies":[{"name":"wp","href":"https:\/\/api.w.org\/{rel}","templated":true}]}}