{"id":248,"date":"2010-08-17T22:30:14","date_gmt":"2010-08-17T22:30:14","guid":{"rendered":"http:\/\/www.yvesalavo.ca\/?p=248"},"modified":"2010-08-17T22:30:14","modified_gmt":"2010-08-17T22:30:14","slug":"victor-velasquez","status":"publish","type":"post","link":"http:\/\/www.yvesalavo.ca\/?p=248","title":{"rendered":"VICTOR VELASQUEZ"},"content":{"rendered":"<p>Sur le terrain de l\u2019int\u00e9gration<\/p>\n<p>Victor Velasquez est un homme actif. C\u2019est  un euph\u00e9misme que cette fa\u00e7on de d\u00e9crire quelqu\u2019un qui est toujours en  mouvement, prenant des contacts, s\u2019assurant que les actions, les  d\u00e9cisions qui vont permettre \u00e0 ces actions d\u2019exister soient r\u00e9alistes,  donc que cette succession d\u2019op\u00e9rations soit effective. En  bient\u00f4t trente ans de vie montr\u00e9alaise, Victor Veslasquez a \u00e9volu\u00e9 dans  l\u2019univers de l\u2019immigration, des nouveaux arrivants, passant des \u00e9tudes  en intervention, en gestion aux emplois dans l\u2019accueil des r\u00e9fugi\u00e9s,  puis comme agent d\u2019aide socio-\u00e9conomique du Bureau des nouveaux  arrivants de la Ville de Montr\u00e9al. Enfin, il s\u2019est impos\u00e9  comme un animateur de plusieurs organismes\u00a0: Le poste communautaire  multilingue, Radio centre-ville, le Centre d\u2019orientation pour immigrants  latino-am\u00e9ricains, la Table de concertation des organismes au service  des r\u00e9fugi\u00e9s.<\/p>\n<p>Au cours des dix-sept derni\u00e8res ann\u00e9es, Victor  Velasquez a concentr\u00e9 son \u00e9nergie sur le d\u00e9ploiement d\u2019associations  latino-am\u00e9ricaines et il a consacr\u00e9 de nombreux efforts favorisant les  regroupements d\u2019associations, le Congr\u00e8s hispanique qu\u00e9b\u00e9cois (35  groupes et associations latino-am\u00e9ricains), le Congr\u00e8s hispanique  canadien (qui en compte 300) dont il assum\u00e9 la pr\u00e9sidence de 1987 \u00e0  1989. Son engagement ne s\u2019arr\u00eate pas l\u00e0. Soulignons  le journal <em>El mundo latinoamericano<\/em> dont il a \u00e9t\u00e9 propri\u00e9taire  et directeur, le saut en politique municipale en 1998 avec le Parti  \u00c9quipe Montr\u00e9al dont il fut le pr\u00e9sident de mai 1998 \u00e0 mai 2000. R\u00e9cemment  encore, il fonde en janvier 2002 le Conseil latino-am\u00e9ricain de  Montr\u00e9al.<\/p>\n<p>Les objectifs de Monsieur Velasquez collent  au personnage, comme \u00e0 sa motivation, ils sont pr\u00e9cis\u00a0: <em>Ma  motivation premi\u00e8re est de m\u2019int\u00e9grer \u00e0 la soci\u00e9t\u00e9 de mani\u00e8re totale,  et en m\u00eame temps je veux ouvrir des espaces dans la soci\u00e9t\u00e9 d\u2019accueil  pour que les immigrants s\u2019int\u00e8grent \u00e0 la soci\u00e9t\u00e9 d\u2019une fa\u00e7on humaine,  harmonieuse et sans aucune discrimination.<\/em> Ses  r\u00e9alisations les plus significatives\u00a0: <em>La Semaine latino-am\u00e9ricaine,  une activit\u00e9 qui permet d\u2019exposer la pr\u00e9sence latino-am\u00e9ricaine \u00e0  Montr\u00e9al, la place des Am\u00e9riques, le seul endroit public qui met en  relief l\u2019existence des communaut\u00e9s latino-am\u00e9ricaines de Montr\u00e9al; et,  enfin, le fait d\u2019avoir \u00e9t\u00e9 pr\u00e9sident d\u2019un parti politique municipal.  C\u2019est la preuve d\u2019une certaine reconnaissance personnelle et  aussi envers ma communaut\u00e9 de la part des Montr\u00e9alais et des  Montr\u00e9alaises.<\/em><\/p>\n<p>Pour Victor Velasquez, l\u2019avenir des relations entre  la majorit\u00e9 et ses diff\u00e9rentes communaut\u00e9s d\u2019appartenance est d\u2019une  logique bien simple\u00a0: <em>D\u2019un c\u00f4t\u00e9 comme de l\u2019autre, il y a des pas \u00e0  faire. Nous faisons des efforts r\u00e9els et soutenus pour  notre pleine int\u00e9gration et faisons tout ce qui est humainement possible  afin de participer \u00e0 tous les niveaux de la soci\u00e9t\u00e9. Ceux  qui sont n\u00e9s au pays doivent, de leur part, comprendre l\u2019apport et la  place qui sont les n\u00f4tres, avec les m\u00eames droits. <\/em><\/p>\n","protected":false},"excerpt":{"rendered":"<p>Sur le terrain de l\u2019int\u00e9gration Victor Velasquez est un homme actif. C\u2019est un euph\u00e9misme que cette fa\u00e7on de d\u00e9crire quelqu\u2019un qui est toujours en mouvement, prenant des contacts, s\u2019assurant que les actions, les d\u00e9cisions qui vont permettre \u00e0 ces actions d\u2019exister soient r\u00e9alistes, donc que cette succession d\u2019op\u00e9rations soit effective. En bient\u00f4t trente ans de [&hellip;]<\/p>\n","protected":false},"author":1,"featured_media":0,"comment_status":"open","ping_status":"open","sticky":false,"template":"","format":"standard","meta":{"_bbp_topic_count":0,"_bbp_reply_count":0,"_bbp_total_topic_count":0,"_bbp_total_reply_count":0,"_bbp_voice_count":0,"_bbp_anonymous_reply_count":0,"_bbp_topic_count_hidden":0,"_bbp_reply_count_hidden":0,"_bbp_forum_subforum_count":0,"_et_pb_use_builder":"","_et_pb_old_content":"","_et_gb_content_width":""},"categories":[17],"tags":[],"_links":{"self":[{"href":"http:\/\/www.yvesalavo.ca\/index.php?rest_route=\/wp\/v2\/posts\/248"}],"collection":[{"href":"http:\/\/www.yvesalavo.ca\/index.php?rest_route=\/wp\/v2\/posts"}],"about":[{"href":"http:\/\/www.yvesalavo.ca\/index.php?rest_route=\/wp\/v2\/types\/post"}],"author":[{"embeddable":true,"href":"http:\/\/www.yvesalavo.ca\/index.php?rest_route=\/wp\/v2\/users\/1"}],"replies":[{"embeddable":true,"href":"http:\/\/www.yvesalavo.ca\/index.php?rest_route=%2Fwp%2Fv2%2Fcomments&post=248"}],"version-history":[{"count":1,"href":"http:\/\/www.yvesalavo.ca\/index.php?rest_route=\/wp\/v2\/posts\/248\/revisions"}],"predecessor-version":[{"id":249,"href":"http:\/\/www.yvesalavo.ca\/index.php?rest_route=\/wp\/v2\/posts\/248\/revisions\/249"}],"wp:attachment":[{"href":"http:\/\/www.yvesalavo.ca\/index.php?rest_route=%2Fwp%2Fv2%2Fmedia&parent=248"}],"wp:term":[{"taxonomy":"category","embeddable":true,"href":"http:\/\/www.yvesalavo.ca\/index.php?rest_route=%2Fwp%2Fv2%2Fcategories&post=248"},{"taxonomy":"post_tag","embeddable":true,"href":"http:\/\/www.yvesalavo.ca\/index.php?rest_route=%2Fwp%2Fv2%2Ftags&post=248"}],"curies":[{"name":"wp","href":"https:\/\/api.w.org\/{rel}","templated":true}]}}