{"id":252,"date":"2010-08-17T22:32:08","date_gmt":"2010-08-17T22:32:08","guid":{"rendered":"http:\/\/www.yvesalavo.ca\/?p=252"},"modified":"2010-08-17T22:32:08","modified_gmt":"2010-08-17T22:32:08","slug":"robert-kouri","status":"publish","type":"post","link":"http:\/\/www.yvesalavo.ca\/?p=252","title":{"rendered":"ROBERT KOURI"},"content":{"rendered":"<p>Il y a un demi-si\u00e8cle et trois  ann\u00e9es bien compt\u00e9es, Robert Kouri obtenait une licence, c\u2019est-\u00e0-dire  un baccalaur\u00e9at \u00e8s Sciences de <strong><em>l\u2019Universit\u00e9 Sir George  Williams<\/em><\/strong>, <strong><em>devenue l\u2019Universit\u00e9 Concordia<\/em><\/strong>,  puis en 1950 il d\u00e9crochait un baccalaur\u00e9at \u00e8s Lettres au sein de la  m\u00eame universit\u00e9, plus tard il r\u00e9ussissait brillamment le dipl\u00f4me  d\u2019enseignement, sp\u00e9cialit\u00e9 niveau secondaire, cette fois \u00e0 <strong><em>l\u2019Universit\u00e9  McGill<\/em><\/strong>. Ainsi d\u00e9butait la carri\u00e8re dans  l\u2019enseignement d\u2019un natif de Montr\u00e9al dont les parents sont originaires  du Liban.<\/p>\n<p>Trente-deux ans de  suite Robert Kouri va survoler avec beaucoup d\u2019aisance un complexe de  fonctions toutes structur\u00e9es dans le domaine de l\u2019\u00e9ducation, de la  formation. Il a \u00e9t\u00e9 professeur pendant une douzaine ann\u00e9es  (1951 \u00e0 1963) d\u2019abord au niveau primaire, puis au secondaire. Par  la suite, il sera directeur d\u2019\u00e9coles pendant vingt ans sans  discontinuer tout en donnant, en parall\u00e8le, des cours de langues,  conversation anglaise avanc\u00e9e, de 1963 \u00e0 1985 au profit d\u2019\u00e9tudiants  jeunes ou des adultes dans les universit\u00e9s <strong><em>McGill<\/em><\/strong> et <strong><em>de Montr\u00e9al<\/em><\/strong>. Les seize ann\u00e9es  les plus r\u00e9centes (1985-2001) ont permis \u00e0 Robert Kouri de faire valoir  ses talents de diplomate, comme directeur des affaires publiques d\u2019un  consortium pour qui il mettait en valeur son exp\u00e9rience d\u2019\u00e9ducateur et  pour le b\u00e9n\u00e9fice duquel il a mont\u00e9 un programme d\u2019\u00e9change \u00e9tudiants  entre francophones et anglophones.<\/p>\n<p>Employ\u00e9 d\u2019une firme en  courtage et produits financiers, <strong><em>Consultant en bourses  d\u2019Am\u00e9rique du Nord Lt\u00e9e<\/em><\/strong><em>, <\/em>Robert Kouri, de 1985 \u00e0  1992, a \u00e9t\u00e9 successivement directeur r\u00e9gional pour le Qu\u00e9bec, directeur  des ressources pour l\u2019Est du Canada et directeur g\u00e9n\u00e9ral. L\u2019homme  mettait ainsi un terme, comme un point d\u2019orgue \u00e0 une longue carri\u00e8re,  plus de quarante ans de d\u00e9vouement et de travail professionnel. Sa  motivation, Robert Kouri l\u2019explique ainsi\u00a0: <em>Pendant toute ma vie  j\u2019ai enseign\u00e9 les langues \u00e0 <strong>l\u2019Universit\u00e9 de Montr\u00e9al<\/strong> et  \u00e0 <strong>l\u2019Universit\u00e9 McGill<\/strong>, universit\u00e9 o\u00f9 j\u2019ai lanc\u00e9 des  programmes d\u2018\u00e9change \u00e9tudiants entre anglophones et francophones. Au  poste de directeur d\u2019\u00e9coles, tant primaires que secondaires, puis en  tant que pr\u00e9sident du Comit\u00e9 sur les relations interculturelles de la  Communaut\u00e9 urbaine de Montr\u00e9al, j\u2019ai eu l\u2019impression de suivre les  principes que mes parents m\u2019ont inculqu\u00e9. Cela m\u2019a motiv\u00e9 \u00e0  toujours promouvoir la tol\u00e9rance, le respect et la compr\u00e9hension entre  tous. Tout ce que j\u2019ai fait visait \u00e0 diminuer l\u2019ignorance, \u00e0  lutter contre la discrimination et les pr\u00e9jug\u00e9s.<\/em><\/p>\n<p>Vice-pr\u00e9sident du <strong><em>Conseil  des arts de la Communaut\u00e9 urbaine de Montr\u00e9al<\/em><\/strong>, membre du  conseil d\u2019administration de la <strong><em>Fondation du Coll\u00e8ge Vanier<\/em><\/strong>,  pr\u00e9sident du conseil d\u2019administration des anciens de <strong><em>l\u2019Universit\u00e9  Sir George Williams<\/em><\/strong>, membre du Comit\u00e9 sur les relations  raciales de la <strong><em>F\u00e9d\u00e9ration canadienne des municipalit\u00e9s<\/em><\/strong>,  pr\u00e9sident du Comit\u00e9 ethnoculturel de <strong><em>la Chambre de commerce  du Qu\u00e9bec<\/em><\/strong>, directeur du conseil d\u2019administration du <strong><em>Centre  de recherche-action sur les relations raciales<\/em><\/strong>, pr\u00e9sident  du Comit\u00e9 d\u2019examen des plaintes de <strong><em>la Soci\u00e9t\u00e9 de transport  de la Communaut\u00e9 urbaine de Montr\u00e9al<\/em><\/strong>, pr\u00e9sident du <strong><em>Comit\u00e9  consultatif sur les relations interculturelles de la Communaut\u00e9 urbaine  de Montr\u00e9al<\/em><\/strong>, directeur du conseil d\u2019administration de <strong><em>l\u2019Institut  des C\u00e8dres<\/em><\/strong> contre le cancer \u00e0 <strong><em>l\u2019H\u00f4pital Royal  Victoria<\/em><\/strong>, pr\u00e9sident du Fonds de bourses d\u2019\u00e9tudes de <strong><em>l\u2019Association  canadienne libanaise de Montr\u00e9al. <\/em><\/strong><\/p>\n<p>Pour ses diff\u00e9rentes  fonctions au service de la communaut\u00e9 et son b\u00e9n\u00e9volat exemplaire,  Robert Kouri a \u00e9t\u00e9 nomm\u00e9 gouverneur \u00e0 vie de <strong><em>l\u2019Association  libanaise canadienne<\/em><\/strong>, a re\u00e7u des distinctions pour loyaux  services rendus \u00e0 <strong><em>l\u2019Universit\u00e9 McGill<\/em><\/strong>, est  r\u00e9cipiendaire du Certificat du m\u00e9rite civique du <strong><em>minist\u00e8re  du Multiculturalisme et de la Citoyennet\u00e9 du Canada<\/em><\/strong> et  aussi laur\u00e9at du prix du rapprochement interculturel du <strong><em>minist\u00e8re  des Communaut\u00e9s culturelles et de l\u2019Immigration du Qu\u00e9bec<\/em><\/strong>.  Sur ce qui est la quintessence de ses r\u00e9alisations, il  reconna\u00eet\u00a0: <em>J\u2019ai toujours voulu atteindre les objectifs que je  m\u2019\u00e9tais fix\u00e9. Par-dessus tout le sens de mes r\u00e9alisations  tient essentiellement \u00e0 faire en sorte que les personnes de toutes  origines puissent prendre leur place \u00e0 tous les niveaux de d\u00e9cision de  notre soci\u00e9t\u00e9. En participant au d\u00e9veloppement de la  soci\u00e9t\u00e9 qu\u00e9b\u00e9coise, ces personnes puissent le faire avec l\u2019h\u00e9ritage qui  est le leur, ainsi se construirait un v\u00e9ritable dialogue des cultures,  positif et constructif.<\/em><\/p>\n<p>En ce qui \u00e0 trait \u00e0  l\u2019avenir des relations entre majorit\u00e9 et communaut\u00e9s ethnoculturelles,  Robert Kouri est sobre\u00a0: <em>Je crois que dans les faits, il y a tous  les \u00e9l\u00e9ments de r\u00e9ussite d\u2019une soci\u00e9t\u00e9 de participation, de  compr\u00e9hension et de tol\u00e9rance. Nous b\u00e2tissons tous ensemble  cette soci\u00e9t\u00e9, ce pays, et nous tous sommes d\u00e9termin\u00e9s \u00e0 faire tomber  les barri\u00e8res qui pourraient nous s\u00e9parer.<\/em><\/p>\n","protected":false},"excerpt":{"rendered":"<p>Il y a un demi-si\u00e8cle et trois ann\u00e9es bien compt\u00e9es, Robert Kouri obtenait une licence, c\u2019est-\u00e0-dire un baccalaur\u00e9at \u00e8s Sciences de l\u2019Universit\u00e9 Sir George Williams, devenue l\u2019Universit\u00e9 Concordia, puis en 1950 il d\u00e9crochait un baccalaur\u00e9at \u00e8s Lettres au sein de la m\u00eame universit\u00e9, plus tard il r\u00e9ussissait brillamment le dipl\u00f4me d\u2019enseignement, sp\u00e9cialit\u00e9 niveau secondaire, cette [&hellip;]<\/p>\n","protected":false},"author":1,"featured_media":0,"comment_status":"open","ping_status":"open","sticky":false,"template":"","format":"standard","meta":{"_bbp_topic_count":0,"_bbp_reply_count":0,"_bbp_total_topic_count":0,"_bbp_total_reply_count":0,"_bbp_voice_count":0,"_bbp_anonymous_reply_count":0,"_bbp_topic_count_hidden":0,"_bbp_reply_count_hidden":0,"_bbp_forum_subforum_count":0,"_et_pb_use_builder":"","_et_pb_old_content":"","_et_gb_content_width":""},"categories":[19],"tags":[],"_links":{"self":[{"href":"http:\/\/www.yvesalavo.ca\/index.php?rest_route=\/wp\/v2\/posts\/252"}],"collection":[{"href":"http:\/\/www.yvesalavo.ca\/index.php?rest_route=\/wp\/v2\/posts"}],"about":[{"href":"http:\/\/www.yvesalavo.ca\/index.php?rest_route=\/wp\/v2\/types\/post"}],"author":[{"embeddable":true,"href":"http:\/\/www.yvesalavo.ca\/index.php?rest_route=\/wp\/v2\/users\/1"}],"replies":[{"embeddable":true,"href":"http:\/\/www.yvesalavo.ca\/index.php?rest_route=%2Fwp%2Fv2%2Fcomments&post=252"}],"version-history":[{"count":1,"href":"http:\/\/www.yvesalavo.ca\/index.php?rest_route=\/wp\/v2\/posts\/252\/revisions"}],"predecessor-version":[{"id":253,"href":"http:\/\/www.yvesalavo.ca\/index.php?rest_route=\/wp\/v2\/posts\/252\/revisions\/253"}],"wp:attachment":[{"href":"http:\/\/www.yvesalavo.ca\/index.php?rest_route=%2Fwp%2Fv2%2Fmedia&parent=252"}],"wp:term":[{"taxonomy":"category","embeddable":true,"href":"http:\/\/www.yvesalavo.ca\/index.php?rest_route=%2Fwp%2Fv2%2Fcategories&post=252"},{"taxonomy":"post_tag","embeddable":true,"href":"http:\/\/www.yvesalavo.ca\/index.php?rest_route=%2Fwp%2Fv2%2Ftags&post=252"}],"curies":[{"name":"wp","href":"https:\/\/api.w.org\/{rel}","templated":true}]}}