{"id":256,"date":"2010-08-17T22:34:36","date_gmt":"2010-08-17T22:34:36","guid":{"rendered":"http:\/\/www.yvesalavo.ca\/?p=256"},"modified":"2010-08-17T22:34:36","modified_gmt":"2010-08-17T22:34:36","slug":"omar-aktouf","status":"publish","type":"post","link":"http:\/\/www.yvesalavo.ca\/?p=256","title":{"rendered":"OMAR AKTOUF"},"content":{"rendered":"<p>L\u2019homme est exceptionnel pour ceux  qui comprennent l\u2019immense balayage d\u2019un esprit perspicace mis en action  par des r\u00e9f\u00e9rences organis\u00e9es de mani\u00e8re brillante, un discours  rigoureux, une vitesse de conception et d\u2019analyse et surtout une  capacit\u00e9 rare de prospective et de mise en situation que seuls des  g\u00e9nies peuvent \u00e9galer, nous osons le dire, et comprendre en profondeur.  Les surdou\u00e9s sont plus souvent que les personnes ayant des  limitations, peu compris des leurs. Omar Aktouf est  brillant, l\u2019organisation de ses id\u00e9es, exprim\u00e9e par le filtre de la  m\u00e9thode auquel il les soumet, il fait des liens, c\u2019est le don le plus  \u00e9vident qu\u2019il poss\u00e8de, au point o\u00f9, plusieurs de ses interlocuteurs vont  jusqu\u2019\u00e0 penser que cet avantage qu\u2019il mesure avec tact, le conduirait  parfois \u00e0 une forme d\u2019autosuffisance intellectuelle. Il  n\u2019est pas question de faire plus que le portrait de ce grand penseur de  l\u2019\u00e9conomie de notre temps qu\u2019il est v\u00e9ritablement.<\/p>\n<p>Regard de feu tremp\u00e9 et aiguis\u00e9 au fil des  exp\u00e9riences enrichissantes des \u00e9coles et des pratiques diversifi\u00e9es qui  l\u2019ont fa\u00e7onn\u00e9, Omar Aktouf est titulaire de deux ma\u00eetrises\u00a0: une en  Psychologie avec th\u00e8se (1972) \u201c <em>Les <\/em><em>probl\u00e8mes d&rsquo;adaptation  et de gestion des ressources humaines dans les chantiers p\u00e9troliers de  la SONATRACH\u00a0\u201d de l\u2019Universit\u00e9 d\u2019Alger\/Jury de l\u2019\u00c9cole pratique des  Hautes \u00e9tudes de Paris, une autre ma\u00eetrise en Administration des  affaires (MBA en 1975-1976), gestion g\u00e9n\u00e9rale et majeure en organisation  et ressources humaines des HEC de Montr\u00e9al, un troisi\u00e8me cycle  (1974-1975) en Gestion, \u00c9conomie et D\u00e9veloppement obtenu \u00e0 l\u2019Institut  pour la Productivit\u00e9 et le D\u00e9veloppement (INPED), Alger, et enfin, un  Ph\u00a0. D. en Management obtenu avec mention excellent, th\u00e8se soutenue le  14\u00a0janvier\u00a01983 \u00e0 l&rsquo;\u00c9cole des HEC de Montr\u00e9al. Le sujet: \u201c\u00a0<em>Une  approche observation participante et interculturelle des syst\u00e8mes de  repr\u00e9sentation symbolique dans les rapports de travail\u00a0\u201d, <\/em>est  \u00e9loquent<strong><em> <\/em><\/strong>sur Omar Aktouf, sur sa vision, ses  r\u00e9flexions et ses travaux originaux. <\/em><\/p>\n<p><em> <\/em><\/p>\n<p><em> <\/em>Authentique  ma\u00eetre \u00e0 penser de la nouvelle \u00e9conomie, Omar Aktouf est l\u2019inspirateur  le plus solide des g\u00e9n\u00e9rations montantes de contestataires de l\u2019ordre  \u00e9conomique unidimensionnel et monopolistique strictement align\u00e9 sur les  diktats de l\u2019OMC et sur les mesures du FMI, mode monocorde et homog\u00e8ne  de conjugaison de la mondialisation \u00e0 la sauce \u00e9tasunienne. C\u2019est  que le professeur titulaire des HEC est le premier conf\u00e9rencier en  \u00e9conomie, par la qualit\u00e9 de ses pr\u00e9sentations, la profondeur de sa  r\u00e9flexion et, par-dessus tous, nous disons bien par-dessus tous, Omar  Aktouf orchestre avec les rimes de l\u2019\u00e9conomie et de l\u2019administration,  les m\u00e9lodies polyphoniques des disciplines structurantes et capables de  livrer un angle analytique r\u00e9el et une prospection historique et  conceptuelle valable\u00a0: l\u2019histoire, la philosophie, la sociologie et la  psychologie.<\/p>\n<p>Cette approche examine de mani\u00e8re lucide et  critique les contradictions de notre discours dominant sur la th\u00e9orie  \u00e9conomique ou manag\u00e9riale de la croissance ind\u00e9finie et les effets de  mode que sont l\u2019employabilit\u00e9 ou formation utile imm\u00e9diatement dans un  environnment de profusion m\u00e9diatique, d\u2019orgie informationelle alors que  les r\u00e9sultats des gouvernements et des entreprises sont aux antipodes de  la cr\u00e9ativit\u00e9 et de l\u2019innovation.<\/p>\n<p>\u00ab\u00a0On ne cr\u00e9e pas de richesse, rappelle Aktouf: on  transforme. Et toute transformation fait une ou des  victimes. Le capitalisme ne peut faire de profit sans faire  aussi du ch\u00f4mage et de la pollution. Comme il faut  rationaliser tout cela, on parle de la n\u00e9cessit\u00e9 de se soumettre au  r\u00e8gne absolu du march\u00e9 suppos\u00e9 autor\u00e9gul\u00e9. En r\u00e9alit\u00e9, ce  sont les ch\u00f4meurs et la pollution qui \u00ab\u00a0font\u00a0\u00bb le profit.\u00a0\u00bb Cette citation  provient d\u2019un entretien que le professeur a accord\u00e9 \u00e0 Normand  Baillargeon et que le quotidien Le Devoir a publi\u00e9 le mardi 7 septembre  1999.<\/p>\n<p>Omar Aktouf est comme le d\u00e9crit le texte le plus  court qui le pr\u00e9sente, a d\u00e9velopp\u00e9 plusieurs domaines d&rsquo;int\u00e9r\u00eat, soit la  culture d&rsquo;entreprise, la gestion par projets, la recherche critique sur  les th\u00e9ories et les pratiques en gestion, la recherche sur le  symbolisme et les activit\u00e9s de parole dans les organisations, la  m\u00e9thodologie et la p\u00e9dagogie des sciences de l&rsquo;administration. Auparavant,  M. Aktouf a assum\u00e9 diverses responsabilit\u00e9s de gestion,  d&rsquo;administration du personnel et de direction dans plusieurs soci\u00e9t\u00e9s.  Il m\u00e8ne, par ailleurs, une importante carri\u00e8re de consultant  international. M. Aktouf est l&rsquo;auteur de nombreux articles  et de plusieurs livres dans le domaine de la gestion (dont, en  particulier, Le management entre tradition et renouvellement, Montr\u00e9al :  Ga\u00e9tan Morin, 3<sup>e<\/sup> \u00e9dition mise \u00e0 jour, 1999 (traduite en  anglais, en espagnol et en portugais). Ses travaux ont \u00e9t\u00e9  r\u00e9compens\u00e9s par le Prix de la recherche 1987 des HEC-Universit\u00e9 de  Montr\u00e9al.<\/p>\n<p>Ses travaux sont nombreux, il est  d\u2019une fertilit\u00e9 intellectuelle et acad\u00e9mique unique, sans  cesse sur ses gardes conceptuellement, frais dans ses r\u00e9flexes  acad\u00e9miques, souple et pers\u00e9v\u00e9rant dans ses enqu\u00eates en entreprises, sur  le terrain constamment en t\u00e9moin participant et dialecticien. Omar  Aktouf r\u00e9pond \u00e0 notre question sur ce qui fait qu\u2019il agit\u00a0: Ma  motivation essentielle est la justice sociale et tout ce qu&rsquo;elle  implique comme changements radicaux n\u00e9cessaires et dans nos conceptions  fondamentales et dans nos pratiques concr\u00e8tes; ce qui met en premier  chef les r\u00f4les de l&rsquo;\u00c9tat, de l&rsquo;\u00e9conomie et des entreprises. Ses  r\u00e9alisations qui sont les plus significatives et qui donnent un sens \u00e0  son engagement et \u00e0 sa d\u00e9termination\u00a0: La publication d&rsquo;un livre \u00e0  caract\u00e8re \u00ab\u00a0social-humain\u00a0\u00bb portant sur le management et qui s&rsquo;av\u00e8re un  vif succ\u00e8s international, traduit en anglais, portugais, espagnol et  bient\u00f4t en arabe et d&rsquo;autres langues. Je m&rsquo;efforce d&rsquo;y  faire r\u00e9fl\u00e9chir sur une imp\u00e9rieuse transformation de la pens\u00e9e  manag\u00e9riale vers un souci plus humain et plus \u00e9cologique. Ce  livre a d\u00e9j\u00e0 form\u00e9 plus de 10 promotions de futurs managers de l&rsquo;\u00c9cole  des HEC-Montr\u00e9al et bien d&rsquo;autres \u00e0 travers le monde, depuis la France,  en passant par le Mexique et la Colombie, jusqu&rsquo;au Br\u00e9sil et des  universit\u00e9s de Miami. Il me vaut aussi d&rsquo;\u00eatre r\u00e9guli\u00e8rement  convi\u00e9 comme conf\u00e9rencier et consultant un peu partout dans le monde,  en particulier par l&rsquo;Agence de D\u00e9veloppement International de la RFA,  pour le service de plusieurs pays d&rsquo;Afrique.<\/p>\n<p>L\u2019avenir des relations entre la majorit\u00e9 et les  communaut\u00e9s d\u2019appartenance, Omar Aktouf le voit ainsi, dans le contexte  que nous vivons\u00a0: Apr\u00e8s l&rsquo;horreur du WTC de New York, beaucoup de choses  vont \u00e9voluer pour le bon et pour le moins bon entre ma communaut\u00e9 et la  majorit\u00e9. J&rsquo;opte pour le bon : consid\u00e9rer ce grand malheur comme un  appel \u00e0 la prise de conscience de l&rsquo;absolue n\u00e9cessit\u00e9 de changer l&rsquo;ordre  mondial dans sa composante des rapports Nord-Sud. Et admettre qu&rsquo;une <strong>justice  sociale plan\u00e9taire <\/strong>est indispensable pour le bonheur de tous :  les pays riches ont un <strong>devoir <\/strong>de partage des richesses  qu&rsquo;ils obtiennent en tr\u00e8s large partie des pays pauvres. Cette prise de  conscience ne peut qu&rsquo;am\u00e9liorer relations et dialogues.<\/p>\n","protected":false},"excerpt":{"rendered":"<p>L\u2019homme est exceptionnel pour ceux qui comprennent l\u2019immense balayage d\u2019un esprit perspicace mis en action par des r\u00e9f\u00e9rences organis\u00e9es de mani\u00e8re brillante, un discours rigoureux, une vitesse de conception et d\u2019analyse et surtout une capacit\u00e9 rare de prospective et de mise en situation que seuls des g\u00e9nies peuvent \u00e9galer, nous osons le dire, et comprendre [&hellip;]<\/p>\n","protected":false},"author":1,"featured_media":0,"comment_status":"open","ping_status":"open","sticky":false,"template":"","format":"standard","meta":{"_bbp_topic_count":0,"_bbp_reply_count":0,"_bbp_total_topic_count":0,"_bbp_total_reply_count":0,"_bbp_voice_count":0,"_bbp_anonymous_reply_count":0,"_bbp_topic_count_hidden":0,"_bbp_reply_count_hidden":0,"_bbp_forum_subforum_count":0,"_et_pb_use_builder":"","_et_pb_old_content":"","_et_gb_content_width":""},"categories":[19],"tags":[],"_links":{"self":[{"href":"http:\/\/www.yvesalavo.ca\/index.php?rest_route=\/wp\/v2\/posts\/256"}],"collection":[{"href":"http:\/\/www.yvesalavo.ca\/index.php?rest_route=\/wp\/v2\/posts"}],"about":[{"href":"http:\/\/www.yvesalavo.ca\/index.php?rest_route=\/wp\/v2\/types\/post"}],"author":[{"embeddable":true,"href":"http:\/\/www.yvesalavo.ca\/index.php?rest_route=\/wp\/v2\/users\/1"}],"replies":[{"embeddable":true,"href":"http:\/\/www.yvesalavo.ca\/index.php?rest_route=%2Fwp%2Fv2%2Fcomments&post=256"}],"version-history":[{"count":1,"href":"http:\/\/www.yvesalavo.ca\/index.php?rest_route=\/wp\/v2\/posts\/256\/revisions"}],"predecessor-version":[{"id":257,"href":"http:\/\/www.yvesalavo.ca\/index.php?rest_route=\/wp\/v2\/posts\/256\/revisions\/257"}],"wp:attachment":[{"href":"http:\/\/www.yvesalavo.ca\/index.php?rest_route=%2Fwp%2Fv2%2Fmedia&parent=256"}],"wp:term":[{"taxonomy":"category","embeddable":true,"href":"http:\/\/www.yvesalavo.ca\/index.php?rest_route=%2Fwp%2Fv2%2Fcategories&post=256"},{"taxonomy":"post_tag","embeddable":true,"href":"http:\/\/www.yvesalavo.ca\/index.php?rest_route=%2Fwp%2Fv2%2Ftags&post=256"}],"curies":[{"name":"wp","href":"https:\/\/api.w.org\/{rel}","templated":true}]}}