{"id":258,"date":"2010-08-17T22:37:04","date_gmt":"2010-08-17T22:37:04","guid":{"rendered":"http:\/\/www.yvesalavo.ca\/?p=258"},"modified":"2010-08-17T22:37:04","modified_gmt":"2010-08-17T22:37:04","slug":"la-candidature-du-senateur-democrate-barack-obama-vainqueur-en-iowa-et-en-caroline-du-sud","status":"publish","type":"post","link":"http:\/\/www.yvesalavo.ca\/?p=258","title":{"rendered":"La Candidature du S\u00e9nateur d\u00e9mocrate Barack OBAMA, vainqueur en IOWA et en CAROLINE DU SUD"},"content":{"rendered":"<p>La Candidature du S\u00e9nateur d\u00e9mocrate Barack OBAMA,  vainqueur en IOWA et en CAROLINE DU SUD<\/p>\n<p>Ce sont, pour la premi\u00e8re fois,  des milliers de jeunes entre 18 et 29 ans, des centaines de milliers de  citoyennes et citoyens de toutes les cat\u00e9gories sociales, issus des  communaut\u00e9s absentes de l\u2019\u00e9chiquier public, des millions d\u2019Am\u00e9ricains  qui se sont inscrits afin de prendre part aux votes des caucus  d\u00e9mocrates. Les primaires cette ann\u00e9e ont pris, gr\u00e2ce \u00e0 la pr\u00e9sence et  au tonus apport\u00e9 par la candidature de Barack Obama et \u00e0 son projet de  renouveau social et de refondation de la Nation \u00e9tatsunienne, les  primaires sont devenues cette ann\u00e9e un exercice citoyen de participation  et d\u2019engagement pour le changement total des pratiques politiques.<\/p>\n<p>Depuis le vote dans l\u2019IOWA le 8  janvier 2008 \u00e0 celui de samedi dernier 26 janvier dans la Caroline du  Sud, les appuis de l\u2019ex candidat d\u00e9mocrate John Kerry, celui des  Kennedy. Caroline et le S\u00e9nateur Edward Kennedy, les appels des  syndicalistes, la campagne de Barack Obama s\u2019enracine dans l\u2019Am\u00e9rique  profonde. Le S\u00e9nateur de l\u2019Illinois rallie autour de lui les grands  chefs de file patriotes et de nombreux professionnels des secteurs  publics, mais aussi et surtout tant d\u2019Am\u00e9ricains ordinaires qui  jusqu\u2019ici d\u00e9testaient les politiques et les politiciens.<\/p>\n<p>Barack Obama, avec une d\u00e9cennie  de service public \u00e0 son actif, d\u2019abord comme \u00e9lu de son \u00c9tat et ensuite  comme \u00e9lu f\u00e9d\u00e9ral, membre du S\u00e9nat, a cr\u00e9\u00e9 un mouvement puissant de  changement bas\u00e9 sur les convictions profondes de justice, de  d\u00e9termination \u00e0 croire que l\u2019action civique collective est payante, \u00e0  inviter tous, sans \u00e9tiquettes ou caract\u00e9ristiques particuli\u00e8res \u00e0  prendre part au processus politique \u00e0 la base. Pr\u00e8s d\u2019un million de  nouveaux \u00e9lecteurs viennent de votre au sein des caucus d\u00e9mocrates, dont  pr\u00e8s du tiers sont des jeunes et un autre tiers class\u00e9 parmi les  ind\u00e9pendants ou les ex-r\u00e9publicains, d\u00e9marche accomplie avec fiert\u00e9 et  enthousiasme reconnaissant qu\u2019un candidat de la stature de Barack Obama  repr\u00e9sentait la figure la plus solide capable de rassembler toutes les  couches de la population, toutes origines sociales, culturelles, des  milieux et niveaux \u00e9conomiques les plus divers, un candidat qui cr\u00e9e  l\u2019espoir, motive et conduit \u00e0 l\u2019engagement social et responsable, donne  confiance en soi en sa capacit\u00e9 de changer le pr\u00e9sent et d\u2019agir en  fonction des d\u00e9fis du futur.<\/p>\n<p>Son r\u00f4le de confectionneur d\u2019une  nouvelle vision mobilisatrice, responsable et \u00e9thiquement solide pour  recr\u00e9er le r\u00eave, incarner l\u2019espoir et faire rena\u00eetre un id\u00e9al qui  d\u00e9passe les fronti\u00e8res d\u2019un pays, irradie l\u2019esprit des uns et des autres  et g\u00e9n\u00e8re une \u00e9nergie nouvelle, Barack Obama l\u2019invente avec une force  telle qu\u2019il entra\u00eene \u00e0 sa suite la fameuse majorit\u00e9 silencieuse. Cet  ouragan qui porte un espoir fulgurant de changement, c\u2019est d\u00e9j\u00e0 une  victoire m\u00eame si celle qui est le but ultime de la campagne, pourrait ne  pas advenir. Si la Convention d\u00e9mocrate en ao\u00fbt 2008, le d\u00e9signait  comme candidat, en consid\u00e9rant que les r\u00e9sultats du 5 f\u00e9vrier 2008  imposaient ce choix, alors ce ne sont pas seulement les \u00c9tats-Unis qui  changeront mais ce vent de changement se fera sentir jusque chez nous.<\/p>\n","protected":false},"excerpt":{"rendered":"<p>La Candidature du S\u00e9nateur d\u00e9mocrate Barack OBAMA, vainqueur en IOWA et en CAROLINE DU SUD Ce sont, pour la premi\u00e8re fois, des milliers de jeunes entre 18 et 29 ans, des centaines de milliers de citoyennes et citoyens de toutes les cat\u00e9gories sociales, issus des communaut\u00e9s absentes de l\u2019\u00e9chiquier public, des millions d\u2019Am\u00e9ricains qui se [&hellip;]<\/p>\n","protected":false},"author":1,"featured_media":0,"comment_status":"open","ping_status":"open","sticky":false,"template":"","format":"standard","meta":{"_bbp_topic_count":0,"_bbp_reply_count":0,"_bbp_total_topic_count":0,"_bbp_total_reply_count":0,"_bbp_voice_count":0,"_bbp_anonymous_reply_count":0,"_bbp_topic_count_hidden":0,"_bbp_reply_count_hidden":0,"_bbp_forum_subforum_count":0,"_et_pb_use_builder":"","_et_pb_old_content":"","_et_gb_content_width":""},"categories":[12],"tags":[],"_links":{"self":[{"href":"http:\/\/www.yvesalavo.ca\/index.php?rest_route=\/wp\/v2\/posts\/258"}],"collection":[{"href":"http:\/\/www.yvesalavo.ca\/index.php?rest_route=\/wp\/v2\/posts"}],"about":[{"href":"http:\/\/www.yvesalavo.ca\/index.php?rest_route=\/wp\/v2\/types\/post"}],"author":[{"embeddable":true,"href":"http:\/\/www.yvesalavo.ca\/index.php?rest_route=\/wp\/v2\/users\/1"}],"replies":[{"embeddable":true,"href":"http:\/\/www.yvesalavo.ca\/index.php?rest_route=%2Fwp%2Fv2%2Fcomments&post=258"}],"version-history":[{"count":1,"href":"http:\/\/www.yvesalavo.ca\/index.php?rest_route=\/wp\/v2\/posts\/258\/revisions"}],"predecessor-version":[{"id":259,"href":"http:\/\/www.yvesalavo.ca\/index.php?rest_route=\/wp\/v2\/posts\/258\/revisions\/259"}],"wp:attachment":[{"href":"http:\/\/www.yvesalavo.ca\/index.php?rest_route=%2Fwp%2Fv2%2Fmedia&parent=258"}],"wp:term":[{"taxonomy":"category","embeddable":true,"href":"http:\/\/www.yvesalavo.ca\/index.php?rest_route=%2Fwp%2Fv2%2Fcategories&post=258"},{"taxonomy":"post_tag","embeddable":true,"href":"http:\/\/www.yvesalavo.ca\/index.php?rest_route=%2Fwp%2Fv2%2Ftags&post=258"}],"curies":[{"name":"wp","href":"https:\/\/api.w.org\/{rel}","templated":true}]}}