{"id":260,"date":"2010-08-17T22:38:03","date_gmt":"2010-08-17T22:38:03","guid":{"rendered":"http:\/\/www.yvesalavo.ca\/?p=260"},"modified":"2010-08-17T22:38:03","modified_gmt":"2010-08-17T22:38:03","slug":"louise-roy-nommee-parmi-les-100-femmes-d%e2%80%99influence-au-canada","status":"publish","type":"post","link":"http:\/\/www.yvesalavo.ca\/?p=260","title":{"rendered":"LOUISE ROY NOMM\u00c9E PARMI LES 100 FEMMES D\u2019INFLUENCE AU CANADA"},"content":{"rendered":"<p>Montr\u00e9al, le 30 novembre 2009 \u2013 Louise Roy, pr\u00e9sidente du  Conseil des arts de Montr\u00e9al<\/p>\n<p>et chanceli\u00e8re de l\u2019Universit\u00e9 de Montr\u00e9al, a \u00e9t\u00e9 choisie  parmi les 100 femmes les plus<\/p>\n<p>influentes au Canada par le <em>Women\u2019s Executive  Network <\/em>et le quotidien<em> Globe and <\/em><\/p>\n<p><em>Mail<\/em>. Madame Roy a \u00e9t\u00e9 choisie dans la cat\u00e9gorie des \u00ab  pionni\u00e8res et innovatrices \u00bb par<\/p>\n<p>un comit\u00e9 compos\u00e9 de leaders du monde des affaires et  d\u2019organisations \u00e0 but non<\/p>\n<p>lucratif.<\/p>\n<p>Le vice-pr\u00e9sident du Conseil des arts de Montr\u00e9al, Dany  Laferri\u00e8re, a d\u00e9clar\u00e9 : \u00ab Louise<\/p>\n<p>Roy est une femme exceptionnelle. Cette reconnaissance  remarquable qui s\u2019ajoute \u00e0<\/p>\n<p>celle de l\u2019Ordre national du Qu\u00e9bec re\u00e7ue au printemps  dernier,\u00a0 est un hommage<\/p>\n<p>m\u00e9rit\u00e9 car son parcours professionnel est exceptionnel \u00e0  plus d\u2019un \u00e9gard. Par son<\/p>\n<p>intensit\u00e9, son professionnalisme et son humanit\u00e9, Louise  Roy fait sa marque l\u00e0 o\u00f9 elle a<\/p>\n<p>choisi de s\u2019investir, que ce soit \u00e0 la STCUM, o\u00f9 on se  souvient encore aujourd\u2019hui de son<\/p>\n<p>passage, \u00e0 Air France ou actuellement \u00e0 l\u2019Universit\u00e9 de  Montr\u00e9al ou au Conseil des arts<\/p>\n<p>de Montr\u00e9al. Non seulement contribue-t-elle \u00e0 am\u00e9liorer la  gouvernance des<\/p>\n<p>organisations pour lesquelles elle \u0153uvre, mais elle arrive \u00e0  faire progresser les mentalit\u00e9s<\/p>\n<p>vers une meilleure acceptation du changement et de la  diff\u00e9rence. Son implication<\/p>\n<p>pr\u00e9sente et active dans les trois milieux fondamentaux de  l\u2019\u00e9conomie du savoir,<\/p>\n<p>l\u2019\u00e9ducation, la culture et les affaires, illustre  probablement le mieux les raisons pour<\/p>\n<p>lesquelles elle se retrouve dans cette prestigieuse liste  du Globe. \u00bb<\/p>\n<p>Le recteur de l\u2019Universit\u00e9 de Montr\u00e9al, Luc Vinet, a  ajout\u00e9 : \u00ab Le parcours de Louise Roy<\/p>\n<p>est exemplaire \u00e0 bien des \u00e9gards et repr\u00e9sente un mod\u00e8le  pour les jeunes femmes qui<\/p>\n<p>souhaitent elles aussi poursuivre une carri\u00e8re jusqu\u2019aux  plus hautes fonctions. Elle a mis<\/p>\n<p>au service de la soci\u00e9t\u00e9 son talent et ses valeurs humaines  et elle a ouvert la voie avec<\/p>\n<p>tout le dynamisme et la rigueur qui la caract\u00e9risent. Au  sein de notre universit\u00e9, elle a<\/p>\n<p>\u00e9t\u00e9 la premi\u00e8re femme \u00e0 occuper le poste de chancelier. La  contribution de Louise<\/p>\n<p>Roy aux organisations du domaine de l\u2019\u00e9ducation, de  l\u2019\u00e9conomie et des arts est<\/p>\n<p>immense et il est heureux que la soci\u00e9t\u00e9 canadienne le  souligne aujourd\u2019hui. Je joins<\/p>\n<p>ma voix \u00e0 celle de l\u2019\u00e9crivain Dany Laferri\u00e8re,  vice-pr\u00e9sident du Conseil des arts de<\/p>\n<p>Montr\u00e9al, pour f\u00e9liciter Louise Roy de cet honneur qui lui  est rendu. \u00bb<\/p>\n<p>Liens : www.wxnetwork.com\/top100_indexFrench.aspx et  www.theglobeandmail.com<\/p>\n<p>&#8211; 30 &#8211;<\/p>\n<p>Renseignements : Christian O\u2019Leary,<\/p>\n<p>Directeur des communications et du d\u00e9veloppement<\/p>\n<p>(514) 280-3991,<\/p>\n<p><script type=\"text\/javascript\"><\/p>\n<p> <\/script><a href=\"mailto:coleary.p@ville.montreal.qc.ca\">coleary.p@ville.montreal.qc.ca<\/a><\/p>\n","protected":false},"excerpt":{"rendered":"<p>Montr\u00e9al, le 30 novembre 2009 \u2013 Louise Roy, pr\u00e9sidente du Conseil des arts de Montr\u00e9al et chanceli\u00e8re de l\u2019Universit\u00e9 de Montr\u00e9al, a \u00e9t\u00e9 choisie parmi les 100 femmes les plus influentes au Canada par le Women\u2019s Executive Network et le quotidien Globe and Mail. Madame Roy a \u00e9t\u00e9 choisie dans la cat\u00e9gorie des \u00ab pionni\u00e8res [&hellip;]<\/p>\n","protected":false},"author":1,"featured_media":0,"comment_status":"open","ping_status":"open","sticky":false,"template":"","format":"standard","meta":{"_bbp_topic_count":0,"_bbp_reply_count":0,"_bbp_total_topic_count":0,"_bbp_total_reply_count":0,"_bbp_voice_count":0,"_bbp_anonymous_reply_count":0,"_bbp_topic_count_hidden":0,"_bbp_reply_count_hidden":0,"_bbp_forum_subforum_count":0,"_et_pb_use_builder":"","_et_pb_old_content":"","_et_gb_content_width":""},"categories":[12],"tags":[],"_links":{"self":[{"href":"http:\/\/www.yvesalavo.ca\/index.php?rest_route=\/wp\/v2\/posts\/260"}],"collection":[{"href":"http:\/\/www.yvesalavo.ca\/index.php?rest_route=\/wp\/v2\/posts"}],"about":[{"href":"http:\/\/www.yvesalavo.ca\/index.php?rest_route=\/wp\/v2\/types\/post"}],"author":[{"embeddable":true,"href":"http:\/\/www.yvesalavo.ca\/index.php?rest_route=\/wp\/v2\/users\/1"}],"replies":[{"embeddable":true,"href":"http:\/\/www.yvesalavo.ca\/index.php?rest_route=%2Fwp%2Fv2%2Fcomments&post=260"}],"version-history":[{"count":1,"href":"http:\/\/www.yvesalavo.ca\/index.php?rest_route=\/wp\/v2\/posts\/260\/revisions"}],"predecessor-version":[{"id":261,"href":"http:\/\/www.yvesalavo.ca\/index.php?rest_route=\/wp\/v2\/posts\/260\/revisions\/261"}],"wp:attachment":[{"href":"http:\/\/www.yvesalavo.ca\/index.php?rest_route=%2Fwp%2Fv2%2Fmedia&parent=260"}],"wp:term":[{"taxonomy":"category","embeddable":true,"href":"http:\/\/www.yvesalavo.ca\/index.php?rest_route=%2Fwp%2Fv2%2Fcategories&post=260"},{"taxonomy":"post_tag","embeddable":true,"href":"http:\/\/www.yvesalavo.ca\/index.php?rest_route=%2Fwp%2Fv2%2Ftags&post=260"}],"curies":[{"name":"wp","href":"https:\/\/api.w.org\/{rel}","templated":true}]}}