{"id":28,"date":"2010-08-09T12:43:20","date_gmt":"2010-08-09T12:43:20","guid":{"rendered":"http:\/\/www.yvesalavo.ca\/?p=28"},"modified":"2010-08-09T12:43:20","modified_gmt":"2010-08-09T12:43:20","slug":"mai-68-mai-2008-vers-un-nouveau-printemps","status":"publish","type":"post","link":"http:\/\/www.yvesalavo.ca\/?p=28","title":{"rendered":"MAI 68- MAI 2008, VERS UN NOUVEAU PRINTEMPS ?"},"content":{"rendered":"<p>MAI 68- MAI 2008, VERS UN NOUVEAU PRINTEMPS ?<\/p>\n<p>Mois magique, historique m\u00e9taphore du changement  v\u00e9ritable, figure et th\u00e8me universels de\u00a0 toute r\u00e9volution fond\u00e9e sur  les principes de l\u2019\u00e9quit\u00e9, sur la recherche de la dignit\u00e9 du travail et  des travailleurs, sur la lutte pour les droits humains fondamentaux,  dont les droits socio\u00e9conomiques, monument de la lib\u00e9ration f\u00e9minine et  de l\u2019\u00e9mancipation masculine de tous les atavismes politiques et  psychologiques, Mai 68 est essentiel \u00e0 la m\u00e9moire et \u00e0 l\u2019histoire du 20<sup>e<\/sup> si\u00e8cle.\u00a0 Premier vent de changement vraiment mondial, pr\u00e9curseur de la  vague altermondialiste.<\/p>\n<p>Comm\u00e9morer ce printemps des \u00e2mes pour toute une  g\u00e9n\u00e9ration, fonctionne comme une relecture, mais avec les lunettes  actuelles.\u00a0 Cette d\u00e9marche nous impose une capacit\u00e9 d\u2019analyse qui nous  permet de dire que l\u2019ancrage de toutes les revendications sociales, que  la mont\u00e9e des aspirations politiques, ainsi que le d\u00e9ploiement des  combats \u00e9conomiques de mai 68, sont d\u2019une actualit\u00e9 criante.\u00a0 Le souffle  de la libert\u00e9 face aux imp\u00e9rialismes, la t\u00e9nacit\u00e9 des luttes paysannes  et la d\u00e9termination des masses ouvri\u00e8res et des techniciens sp\u00e9cialis\u00e9s  face au capitalisme devenu encore plus f\u00e9roce en 2008, sont \u00e0 raviver et  \u00e0 maintenir.<\/p>\n<p>Ces d\u00e9monstrations et ces engagements de l\u2019\u00e9poque  sont une n\u00e9cessit\u00e9 plus vitale aujourd\u2019hui.\u00a0 Nous ne pouvons pas \u00eatre  nostalgiques ou romantiques, nous devons utiliser le tremplin de mai 68  pour aller plus en avant afin de contribuer \u00e0 enraciner solidement notre  engagement total pour plus de libert\u00e9 et plus de justice sociale et  politique.\u00a0 S\u2019impose aujourd\u2019hui un combat mieux structur\u00e9, se justifie  une strat\u00e9gie faite de concertation entre toutes les classes  socio\u00e9conomiques plus rationnelle.<\/p>\n<p>Nous avons accumul\u00e9 des reculs monumentaux dans  tous les secteurs de l\u2019activit\u00e9 humaine, tant individuelle que  collective.\u00a0 Les in\u00e9galit\u00e9s de toutes sortes sont plus grandes entre  individus, entre nations entre peuples.\u00a0 Les \u00e9carts entre les riches et  les autres sont encore plus criants au 21<sup>e<\/sup> si\u00e8cle qu\u2019ils ne  l\u2019ont jamais \u00e9t\u00e9.\u00a0 Nos syst\u00e8mes administratifs, nos machines sociales et  politiques carburent \u00e0 l\u2019injustice, roulent au profit sans honte et  sans vergogne, se d\u00e9veloppement gr\u00e2ce \u00e0 l\u2019exploitation sauvage et  \u00e9rigent des \u00e9conomies voraces, des instruments destructeurs de la  dignit\u00e9 humaine, partout sur la plan\u00e8te.<\/p>\n<p>Le tissu fin de nos acquis sociaux, de nos moyens  politiques, des nos pouvoirs \u00e9conomiques et de nos identit\u00e9s  culturelles, s\u2019il est plus superficiellement et plus formellement solide  \u00e0 cause des chartes que nos batailles ont mis au monde, gr\u00e2ce aux  conventions nationales et internationales fruits de nos souffrances et  des droits reconnus sur papier dans les d\u00e9clarations et les amendements  que nous avons impos\u00e9 et fait adopter d\u00e9mocratiquement; ce tissu est  d\u2019autant plus fragilis\u00e9 dans sa structure qu\u2019il laisse voir un progr\u00e8s  l\u00e0 o\u00f9 l\u2019\u00e9rosion\u00a0 en profondeur de nos droits sociaux, polit<\/p>\n<p>Un regard prospectif nous permet d\u2019\u00e9tablir,  continent apr\u00e8s continent, un bilan tr\u00e8s mitig\u00e9 de l\u2019\u00e9tat mondial des  droits humains et des luttes de tous les peuples pour leur lib\u00e9ration.\u00a0  Au moment concomitant, o\u00f9 se marquent 40 ans des luttes de Mai 68 et 60  ans depuis la proclamation et l\u2019entr\u00e9e en vigueur en 1948 de la  D\u00e9claration universelle des droits de la personne, les figures du  Mahatma Gandhi, de Nelson Mandela, de Martin Luther King jr. se  profilent face \u00e0 celles de Ernesto Guevara, de Steve Biko, de M\u00e8re  T\u00e9r\u00e9sa.<\/p>\n<p>Les victoires des peuples d\u2019Am\u00e9rique du Sud  (Br\u00e9sil, Bolivie, Chili, Venezuela, Cuba, P\u00e9rou, Paraguay) sur les  dictatures militaires et tortionnaires, la globalisation des  contestations \u00e9cologistes pour un d\u00e9veloppement humain durable et juste,  nous encouragent.\u00a0 Les avanc\u00e9es de certaines communaut\u00e9s africaines  pour \u00e9radiquer l\u2019analphab\u00e9tisme, pour cr\u00e9er les fondations de syst\u00e8mes  de sant\u00e9 fonctionnels, et pour g\u00e9rer des coop\u00e9ratives de commerce  \u00e9quitable, mais surtout le rayonnement de la contestation des artistes  africains engag\u00e9s, nous r\u00e9confortent.<\/p>\n<p>Encore mieux, les d\u00e9ploiements asiatiques  d\u2019\u00e9conomies dont certaines s\u2019articulent autour du microcr\u00e9dit ainsi que  la prise en main par les communaut\u00e9s de base de leur destin  socio\u00e9conomique, nous donnent des motifs d\u2019espoir.\u00a0 Et plus, les  nouvelles orientations europ\u00e9ennes des socialistes pour proposer un  nouveau contrat social (Congr\u00e8s de Reins en novembre 2008) face \u00e0 la  dictature du march\u00e9, ajout\u00e9s les r\u00e9sultats des forums sociaux mondiaux  pour une v\u00e9ritable <em>soci\u00e9t\u00e9 civile universelle<\/em>, en vue aussi  l\u2019extraordinaire campagne pr\u00e9sidentielle du candidat d\u00e9mocrate Barack  Obama, autant de raisons d\u2019esp\u00e9rer qui font na\u00eetre une solidarit\u00e9  nouvelle des nations et des peuples, ce dont Mai 68 est le ferment le  plus puissant.<\/p>\n","protected":false},"excerpt":{"rendered":"<p>MAI 68- MAI 2008, VERS UN NOUVEAU PRINTEMPS ? Mois magique, historique m\u00e9taphore du changement v\u00e9ritable, figure et th\u00e8me universels de\u00a0 toute r\u00e9volution fond\u00e9e sur les principes de l\u2019\u00e9quit\u00e9, sur la recherche de la dignit\u00e9 du travail et des travailleurs, sur la lutte pour les droits humains fondamentaux, dont les droits socio\u00e9conomiques, monument de la [&hellip;]<\/p>\n","protected":false},"author":1,"featured_media":0,"comment_status":"open","ping_status":"open","sticky":false,"template":"","format":"standard","meta":{"_bbp_topic_count":0,"_bbp_reply_count":0,"_bbp_total_topic_count":0,"_bbp_total_reply_count":0,"_bbp_voice_count":0,"_bbp_anonymous_reply_count":0,"_bbp_topic_count_hidden":0,"_bbp_reply_count_hidden":0,"_bbp_forum_subforum_count":0,"_et_pb_use_builder":"","_et_pb_old_content":"","_et_gb_content_width":""},"categories":[5],"tags":[],"_links":{"self":[{"href":"http:\/\/www.yvesalavo.ca\/index.php?rest_route=\/wp\/v2\/posts\/28"}],"collection":[{"href":"http:\/\/www.yvesalavo.ca\/index.php?rest_route=\/wp\/v2\/posts"}],"about":[{"href":"http:\/\/www.yvesalavo.ca\/index.php?rest_route=\/wp\/v2\/types\/post"}],"author":[{"embeddable":true,"href":"http:\/\/www.yvesalavo.ca\/index.php?rest_route=\/wp\/v2\/users\/1"}],"replies":[{"embeddable":true,"href":"http:\/\/www.yvesalavo.ca\/index.php?rest_route=%2Fwp%2Fv2%2Fcomments&post=28"}],"version-history":[{"count":2,"href":"http:\/\/www.yvesalavo.ca\/index.php?rest_route=\/wp\/v2\/posts\/28\/revisions"}],"predecessor-version":[{"id":30,"href":"http:\/\/www.yvesalavo.ca\/index.php?rest_route=\/wp\/v2\/posts\/28\/revisions\/30"}],"wp:attachment":[{"href":"http:\/\/www.yvesalavo.ca\/index.php?rest_route=%2Fwp%2Fv2%2Fmedia&parent=28"}],"wp:term":[{"taxonomy":"category","embeddable":true,"href":"http:\/\/www.yvesalavo.ca\/index.php?rest_route=%2Fwp%2Fv2%2Fcategories&post=28"},{"taxonomy":"post_tag","embeddable":true,"href":"http:\/\/www.yvesalavo.ca\/index.php?rest_route=%2Fwp%2Fv2%2Ftags&post=28"}],"curies":[{"name":"wp","href":"https:\/\/api.w.org\/{rel}","templated":true}]}}