{"id":282,"date":"2010-08-17T22:49:02","date_gmt":"2010-08-17T22:49:02","guid":{"rendered":"http:\/\/www.yvesalavo.ca\/?p=282"},"modified":"2010-08-17T22:49:02","modified_gmt":"2010-08-17T22:49:02","slug":"sze-kit-yvonne-lo","status":"publish","type":"post","link":"http:\/\/www.yvesalavo.ca\/?p=282","title":{"rendered":"SZE-KIT YVONNE LO"},"content":{"rendered":"<p>Il y a six ans Yvonne Lo d\u00e9couvrait le b\u00e9n\u00e9volat, \u00e0  l\u2019occasion de la 19<sup>e<\/sup> assembl\u00e9e g\u00e9n\u00e9rale annuelle du <strong>Service  \u00e0 la famille chinoise du Grand-Montr\u00e9al<\/strong> (<strong>SFCGM<\/strong>).  En dehors de ses \u00e9tudes, de sa vie strictement professionnelle,  elle est d\u00e9j\u00e0 reconnue pour son dynamisme, sa vitesse d\u2019adaptation et de  nombreuses qualit\u00e9s dont le sens de l\u2019organisation et une ponctualit\u00e9  de m\u00e9tronome. Le visage \u00e9clatant, le sourire intelligent,  la p\u00e9tillance \u00e0 la fine pointe des pupilles, Yvonne Lo a un sens subtil  de l\u2019humour, elle est toujours en action, un temps d\u2019avance sur les plus  rapides. Dipl\u00f4m\u00e9e du Coll\u00e8ge Dawson en commerce apr\u00e8s  avoir termin\u00e9 ses \u00e9tudes secondaires \u00e0 l\u2019Ecole Mont-Royal en fran\u00e7ais,  elle poursuit des \u00e9tudes en gestion des syst\u00e8mes d\u2019information \u00e0  l\u2019Universit\u00e9 McGill.<\/p>\n<p>Comme sur un champ d\u2019action immense, Yvonne Lo  d\u00e9ploie ses talents en tant que b\u00e9n\u00e9vole effectuant de nombreux services  administratifs au profit du Centre Man-Sau des a\u00een\u00e9s chinois de  Montr\u00e9al\u00a0: mise \u00e0 jour des listes et des coordonn\u00e9es, planification des  activit\u00e9s, r\u00e9ception des appels t\u00e9l\u00e9phoniques. Il y a  quelques ann\u00e9es elle fut l\u2019organisatrice principale du Programme  d\u2019enrichissement d\u2019\u00e9t\u00e9 pour les enfants chinois de Montr\u00e9al, \u00e2g\u00e9s de six  \u00e0 douze ans. Elle y avait donn\u00e9 toute son \u00e9nergie,  planification des activit\u00e9s r\u00e9cr\u00e9atives et surtout, pour elle d\u00e9velopper  des liens, une \u00ab\u00a0bonne communication\u00a0\u00bb entre les b\u00e9n\u00e9voles et les  enfants. Elle excelle, si cela se dit, dans tout ce qui  touche aux relations publiques, elle est dou\u00e9e pour cr\u00e9er des contacts,  pour mettre les personnes \u00e0 l\u2019aise, servir et aider les clients, \u00e9tablir  des espaces de confiance, donner tout pour que tous soient heureux.<\/p>\n<p>Mais s\u2019il y a une personne qui est  anim\u00e9e de d\u00e9termination et dont l\u2019enthousiasme communicatif la rend de  plus en plus charmante et attachante, c\u2019est Yvonne Lo. Elle  trouve dans le b\u00e9n\u00e9volat, en tant que responsable du Programme du  d\u00e9veloppement du b\u00e9n\u00e9volat ethnoculturel du <strong>Service \u00e0 la famille  chinoise du Grand-Montr\u00e9al, <\/strong>le levier id\u00e9al qui lui permet  d\u2019utiliser ses connaissances en informatique pour solidifier la  structure du d\u00e9partement des b\u00e9n\u00e9voles, monter des banques de donn\u00e9es  afin de faciliter l\u2019action b\u00e9n\u00e9vole, cr\u00e9er un site web.<\/p>\n<p>Par-dessus tout quand elle aura  r\u00e9ussi ses dipl\u00f4mes dans ce domaine, l\u2019informatique, elle va s\u2019inscrire  au cours intensif en travail social de McGill et ainsi r\u00e9aliser son  r\u00eave\u00a0: <em>\u00ab\u00a0Je veux devenir travailleuse sociale. Je suis  heureuse quand je travaille pour la communaut\u00e9, je r\u00e9alise que je suis  utile. En faisant ce que je fais, je pense que mes amis  sont pour moi une raison de motivation et en m\u00eame temps je sais que j\u2019ai  une influence sur eux car je vois que plusieurs participent aux  activit\u00e9s communautaires. J\u2019appartiens \u00e0 la deuxi\u00e8me  g\u00e9n\u00e9ration et nous n\u2019avons plus la barri\u00e8re linguistique, nous  ma\u00eetrisons le Fran\u00e7ais, l\u2019Anglais, le Chinois. Nous  constituons un lien et un changement entre la fa\u00e7on dont nous vivons et  celle dont nous sommes per\u00e7us. Je fais le pont entre les  membres de la communaut\u00e9 qui sont unilingues et le monde dans lequel  nous vivons qui est multilingue\u00a0\u00bb.<\/em><\/p>\n<p>Le choc des pr\u00e9jug\u00e9s, la violence  du racisme et toutes ces manifestations d\u2019ignorance ou de m\u00e9chancet\u00e9 qui  divisent les groupes sociaux, les communaut\u00e9s, Yvonne Lo ne comprend  pas <em>\u00ab\u00a0qu\u2019aujourd\u2019hui encore, au si\u00e8cle des communications et du  village global il y ait encore du racisme. J\u2019ai  l\u2019impression que les langues parfois sont un outil de rapprochement.  J\u2019ai travaill\u00e9 \u00e0 l\u2019accueil au <strong>Service \u00e0 la famille  chinoise du Grand-Montr\u00e9al<\/strong> et j\u2019ai vu des personnes qui \u00e9taient  emprisonn\u00e9es dans les limites de la communaut\u00e9 faute de parler le  Fran\u00e7ais ou l\u2019Anglais. Bien s\u00fbr il y a une dimension  \u00e9conomique, parler une langue donne acc\u00e8s au march\u00e9 du travail et \u00e0  l\u2019espace public. Partant de mon exp\u00e9rience personnelle j\u2019ai  r\u00e9ussi \u00e0 convaincre de nombreux a\u00een\u00e9s \u00e0 faire l\u2019effort n\u00e9cessaire pour  ma\u00eetriser les langues dites officielles et sortir de l\u2019isolement\u00a0\u00bb.<\/em><\/p>\n<p>Pour toute une g\u00e9n\u00e9ration, cette  jeune femme marquera fortement le monde de l\u2019action b\u00e9n\u00e9vole. Elle  d\u00e9couvre de nouvelles approches, invente sur la trame parfois ambigu\u00eb  de la cha\u00eene sur laquelle se tissent les liens communautaires, des modes  d\u2019intervention qui sont \u00e0 la fois modernes et tr\u00e8s professionnels.  Yvonne Lo dit\u00a0: <em>Le b\u00e9n\u00e9volat joue un r\u00f4le important dans ma  vie parce qu\u2019il me permet de d\u00e9couvrir tant de personnes extraordinaires  et en m\u00eame temps je me d\u00e9couvre moi-m\u00eame, j&rsquo;apprends qui je suis et  porte un regard diff\u00e9rent sur la communaut\u00e9 chinoise\u00a0\u00bb.<\/em><\/p>\n","protected":false},"excerpt":{"rendered":"<p>Il y a six ans Yvonne Lo d\u00e9couvrait le b\u00e9n\u00e9volat, \u00e0 l\u2019occasion de la 19e assembl\u00e9e g\u00e9n\u00e9rale annuelle du Service \u00e0 la famille chinoise du Grand-Montr\u00e9al (SFCGM). En dehors de ses \u00e9tudes, de sa vie strictement professionnelle, elle est d\u00e9j\u00e0 reconnue pour son dynamisme, sa vitesse d\u2019adaptation et de nombreuses qualit\u00e9s dont le sens de [&hellip;]<\/p>\n","protected":false},"author":1,"featured_media":0,"comment_status":"open","ping_status":"open","sticky":false,"template":"","format":"standard","meta":{"_bbp_topic_count":0,"_bbp_reply_count":0,"_bbp_total_topic_count":0,"_bbp_total_reply_count":0,"_bbp_voice_count":0,"_bbp_anonymous_reply_count":0,"_bbp_topic_count_hidden":0,"_bbp_reply_count_hidden":0,"_bbp_forum_subforum_count":0,"_et_pb_use_builder":"","_et_pb_old_content":"","_et_gb_content_width":""},"categories":[16],"tags":[],"_links":{"self":[{"href":"http:\/\/www.yvesalavo.ca\/index.php?rest_route=\/wp\/v2\/posts\/282"}],"collection":[{"href":"http:\/\/www.yvesalavo.ca\/index.php?rest_route=\/wp\/v2\/posts"}],"about":[{"href":"http:\/\/www.yvesalavo.ca\/index.php?rest_route=\/wp\/v2\/types\/post"}],"author":[{"embeddable":true,"href":"http:\/\/www.yvesalavo.ca\/index.php?rest_route=\/wp\/v2\/users\/1"}],"replies":[{"embeddable":true,"href":"http:\/\/www.yvesalavo.ca\/index.php?rest_route=%2Fwp%2Fv2%2Fcomments&post=282"}],"version-history":[{"count":1,"href":"http:\/\/www.yvesalavo.ca\/index.php?rest_route=\/wp\/v2\/posts\/282\/revisions"}],"predecessor-version":[{"id":283,"href":"http:\/\/www.yvesalavo.ca\/index.php?rest_route=\/wp\/v2\/posts\/282\/revisions\/283"}],"wp:attachment":[{"href":"http:\/\/www.yvesalavo.ca\/index.php?rest_route=%2Fwp%2Fv2%2Fmedia&parent=282"}],"wp:term":[{"taxonomy":"category","embeddable":true,"href":"http:\/\/www.yvesalavo.ca\/index.php?rest_route=%2Fwp%2Fv2%2Fcategories&post=282"},{"taxonomy":"post_tag","embeddable":true,"href":"http:\/\/www.yvesalavo.ca\/index.php?rest_route=%2Fwp%2Fv2%2Ftags&post=282"}],"curies":[{"name":"wp","href":"https:\/\/api.w.org\/{rel}","templated":true}]}}