{"id":288,"date":"2010-08-17T22:52:03","date_gmt":"2010-08-17T22:52:03","guid":{"rendered":"http:\/\/www.yvesalavo.ca\/?p=288"},"modified":"2010-08-17T22:52:03","modified_gmt":"2010-08-17T22:52:03","slug":"jose-del-pozo","status":"publish","type":"post","link":"http:\/\/www.yvesalavo.ca\/?p=288","title":{"rendered":"JOS\u00c9 DEL POZO"},"content":{"rendered":"<p>Justice et \u00e9quit\u00e9<\/p>\n<p>Dans l\u2019univers de l\u2019enseignement  de l\u2019histoire, Jos\u00e9 del Pozo est connu tant par ses pairs que par les  g\u00e9n\u00e9rations montantes de jeunes professeurs. Il est  passionn\u00e9 et avide de faire partager sa passion. De Vina  del Mar au Chili o\u00f9 il est n\u00e9 il y a cinquante-neuf ans \u00e0 Montr\u00e9al o\u00f9 il  vit depuis trente ans, une sym\u00e9trie parfaite pour un sp\u00e9cialiste des  dates et des faits\u00a0: <em>J&rsquo;ai fait d&rsquo;abord mon bac en  enseignement de l\u2019histoire et de la g\u00e9ographie \u00e0 l&rsquo;Universit\u00e9 du Chili, \u00e0  Santiago. J&rsquo;ai travaill\u00e9 pendant plusieurs ann\u00e9es dans  diverses \u00e9coles secondaires et j&rsquo;ai commenc\u00e9 \u00e0 enseigner au niveau  universitaire peu avant le coup d&rsquo;\u00e9tat de 1973. Je suis  ensuite parti au Canada. Une fois \u00e0 Montr\u00e9al, j&rsquo;ai fait  successivement ma ma\u00eetrise \u00e0 l&rsquo;UQ\u00c0M et mon doctorat \u00e0 l&rsquo;Universit\u00e9 de  Montr\u00e9al, toujours en histoire. En m\u00eame temps, j&rsquo;avais  commenc\u00e9 \u00e0 enseigner \u00e0 l&rsquo;UQ\u00c0M comme charg\u00e9 de cours. Pendant  quelques ann\u00e9e, j&rsquo;ai aussi enseign\u00e9\u00a0au C\u00e9gep de Saint-Hyacinthe et j&rsquo;ai  \u00e9t\u00e9 occasionnellement charg\u00e9 de cours \u00e0 l&rsquo;Universit\u00e9 de Sherbrooke, \u00e0  l&rsquo;Universit\u00e9 de Montr\u00e9al et \u00e0 Concordia University. Depuis  1987, je suis professeur r\u00e9gulier \u00e0 l&rsquo;UQ\u00c0M. J&rsquo;ai \u00e9t\u00e9  professeur invit\u00e9 \u00e0 l&rsquo;Universit\u00e9 Blaise-Pascal de Clermont-Ferrand (en  France) en 1996. \u00a0 J&rsquo;ai publi\u00e9 six livres depuis 1992, dont deux en  fran\u00e7ais et quatre en espagnol, en plus d&rsquo;une quinzaine d&rsquo;articles dans  diverses revues.<\/em><\/p>\n<p>Jos\u00e9 del Pozo est un chercheur  qui enseigne, vif d\u2019esprit, organisateur des id\u00e9es et champion des liens  entre les \u00e9v\u00e9nements. Il conjugue, aussi bien en fran\u00e7ais  qu\u2019en espagnol, les contextes sociaux et politiques qui fa\u00e7onnent le  patrimoine historique et permettent de d\u00e9ployer son talent d\u2019analyste  tout en plantant ses sondes proph\u00e9tiques\u00a0: <em>Je participe souvent aux  congr\u00e8s des \u00e9tudes latino-am\u00e9ricaines, autant au Canada qu&rsquo;aux  \u00c9tats-Unis ou dans certains pays latino-am\u00e9ricains. De temps \u00e0 autre, je  publie des articles dans <\/em>Le Devoir<em> ou <\/em>La Presse<em> et je  donne souvent des conf\u00e9rences aupr\u00e8s de groupes communautaires et de  coop\u00e9rants.<\/em><\/p>\n<p>Il est modeste, discret celui  qui s\u2019est b\u00e2ti, \u00e0 coups de travail, de publications, de rigueur dans  l\u2019enseignement, une r\u00e9putation solide comme le marbre\u00a0: <em>Je suis un  historien qui travaille principalement sur l&rsquo;histoire du Chili au XX<sup>e <\/sup>si\u00e8cle et qui s&rsquo;int\u00e9resse derni\u00e8rement aux liens entre le Chili  et le Canada.<\/em> Sa motivation est pr\u00e9cise\u00a0: <em>Ma  motivation dans mes engagements sociaux et professionnels r\u00e9side dans  mes principes en faveur d&rsquo;une soci\u00e9t\u00e9 plus juste et \u00e9quitable, que ce  soit au Qu\u00e9bec et ailleurs. C&rsquo;est ce qui m&rsquo;a amen\u00e9 \u00e0  participer \u00e0 <\/em>D\u00e9veloppement et paix<em> (1985 \u00e0 1990) et \u00e0 <\/em>la  Ligue des droits et des libert\u00e9s<em> (1995 \u00e0 1997). Ces  m\u00eames principes s&rsquo;appliquent dans mes cours et mes recherches. Au  niveau communautaire, surtout dans mon engagement aupr\u00e8s des Chiliens,  je suis aussi guid\u00e9 par mon d\u00e9sir de garder les racines avec\u00a0mon pays  d&rsquo;origine, tout en utilisant mes connaissances pour aider les Chiliens \u00e0  mieux comprendre autant notre pays de naissance que la soci\u00e9t\u00e9 qui nous  a accueillis. Actuellement, je suis membre du c.a. de  l&rsquo;Office Qu\u00e9bec-Am\u00e9riques pour la jeunesse (OQAJ). Depuis 1990, j&rsquo;ai  particip\u00e9 \u00e0 l&rsquo;Association des professionnels chiliens, d&rsquo;abord comme  membre fondateur, membre du c.a., et\u00a0pr\u00e9sident entre 1998 et 1999, et  j&rsquo;ai aussi particip\u00e9 aux travaux de deux autres associations des  Chiliens.<\/em><\/p>\n<p>Ses r\u00e9alisations les plus  significatives\u00a0: <em>Parmi mes r\u00e9alisations  significatives, il y a mes livres, qui refl\u00e8tent les id\u00e9es mentionn\u00e9es  plus haut, mais aussi le fait d&rsquo;enseigner depuis plus de 27 ans, sans  avoir jamais manqu\u00e9 d&rsquo;\u00e9tudiants, m\u00eame si tous les cours que je donne  sont optionnels. Au niveau communautaire, je suis tr\u00e8s  content d&rsquo;\u00eatre membre fondateur et d&rsquo;avoir \u00e9t\u00e9 pendant deux ans  pr\u00e9sident de l&rsquo;Association des professionnels chiliens, organisme qui me  permet de mettre en pratique mes objectifs.<\/em><\/p>\n<p>Jos\u00e9 del Pozo est r\u00e9aliste quant  au chemin \u00e0 parcourir pour une v\u00e9ritable \u00e9galit\u00e9 d\u2019acc\u00e8s au march\u00e9 du  travail, lieu incontournable de l\u2019int\u00e9gration\u00a0: <em>Je crois que les  relations entre ma communaut\u00e9 d&rsquo;appartenance et la soci\u00e9t\u00e9 qu\u00e9b\u00e9coise,  si on voit cela de fa\u00e7on large, se d\u00e9roulent et se d\u00e9rouleront de fa\u00e7on  assez r\u00e9ussie, vu l&rsquo;accueil que nous avons eu depuis notre arriv\u00e9e et  compte tenu du fait que les jeunes chiliens, n\u00e9s ici ou qui ont grandi  ici, sont assez bien int\u00e9gr\u00e9s, socialement parlant. Il me  semble n\u00e9anmoins qu\u2019il y a du chemin \u00e0 faire au\u00a0 niveau de l&rsquo;int\u00e9gration  au travail, puisque ce n&rsquo;est pas normal que les Chiliens, comme  d&rsquo;autres Latino-am\u00e9ricains, qui ont une scolarit\u00e9 assez \u00e9lev\u00e9e, aient un  taux de ch\u00f4mage deux fois plus \u00e9lev\u00e9 que la moyenne au Qu\u00e9bec.<\/em><\/p>\n","protected":false},"excerpt":{"rendered":"<p>Justice et \u00e9quit\u00e9 Dans l\u2019univers de l\u2019enseignement de l\u2019histoire, Jos\u00e9 del Pozo est connu tant par ses pairs que par les g\u00e9n\u00e9rations montantes de jeunes professeurs. Il est passionn\u00e9 et avide de faire partager sa passion. De Vina del Mar au Chili o\u00f9 il est n\u00e9 il y a cinquante-neuf ans \u00e0 Montr\u00e9al o\u00f9 il [&hellip;]<\/p>\n","protected":false},"author":1,"featured_media":0,"comment_status":"open","ping_status":"open","sticky":false,"template":"","format":"standard","meta":{"_bbp_topic_count":0,"_bbp_reply_count":0,"_bbp_total_topic_count":0,"_bbp_total_reply_count":0,"_bbp_voice_count":0,"_bbp_anonymous_reply_count":0,"_bbp_topic_count_hidden":0,"_bbp_reply_count_hidden":0,"_bbp_forum_subforum_count":0,"_et_pb_use_builder":"","_et_pb_old_content":"","_et_gb_content_width":""},"categories":[17],"tags":[],"_links":{"self":[{"href":"http:\/\/www.yvesalavo.ca\/index.php?rest_route=\/wp\/v2\/posts\/288"}],"collection":[{"href":"http:\/\/www.yvesalavo.ca\/index.php?rest_route=\/wp\/v2\/posts"}],"about":[{"href":"http:\/\/www.yvesalavo.ca\/index.php?rest_route=\/wp\/v2\/types\/post"}],"author":[{"embeddable":true,"href":"http:\/\/www.yvesalavo.ca\/index.php?rest_route=\/wp\/v2\/users\/1"}],"replies":[{"embeddable":true,"href":"http:\/\/www.yvesalavo.ca\/index.php?rest_route=%2Fwp%2Fv2%2Fcomments&post=288"}],"version-history":[{"count":1,"href":"http:\/\/www.yvesalavo.ca\/index.php?rest_route=\/wp\/v2\/posts\/288\/revisions"}],"predecessor-version":[{"id":289,"href":"http:\/\/www.yvesalavo.ca\/index.php?rest_route=\/wp\/v2\/posts\/288\/revisions\/289"}],"wp:attachment":[{"href":"http:\/\/www.yvesalavo.ca\/index.php?rest_route=%2Fwp%2Fv2%2Fmedia&parent=288"}],"wp:term":[{"taxonomy":"category","embeddable":true,"href":"http:\/\/www.yvesalavo.ca\/index.php?rest_route=%2Fwp%2Fv2%2Fcategories&post=288"},{"taxonomy":"post_tag","embeddable":true,"href":"http:\/\/www.yvesalavo.ca\/index.php?rest_route=%2Fwp%2Fv2%2Ftags&post=288"}],"curies":[{"name":"wp","href":"https:\/\/api.w.org\/{rel}","templated":true}]}}