{"id":290,"date":"2010-08-17T22:52:45","date_gmt":"2010-08-17T22:52:45","guid":{"rendered":"http:\/\/www.yvesalavo.ca\/?p=290"},"modified":"2010-08-17T22:52:45","modified_gmt":"2010-08-17T22:52:45","slug":"osvaldo-nunez","status":"publish","type":"post","link":"http:\/\/www.yvesalavo.ca\/?p=290","title":{"rendered":"OSVALDO NUNEZ"},"content":{"rendered":"<p>Droits, libert\u00e9 et dignit\u00e9<\/p>\n<p>Rencontrez Monsieur Osvaldo Nunez et vous  comprendrez que parmi les humains, souvent, les plus remarquables sont  ceux dont l\u2019acc\u00e8s est le plus authentique. Osvaldo Nunez  est rayonnant de bont\u00e9, brillant dans sa prise de contact avec l\u2019autre,  d\u2019une rare \u00e9l\u00e9gance spirituelle et, comme son regard le laisse voir,  intelligent, franc et vrai dans la pens\u00e9e, les propos et l\u2019ensemble de  sa kinesth\u00e9sie psychomotrice. Digne personne dont le  parcours public, l\u2019engagement social et les choix sont d\u2019une coh\u00e9rence  qui fondamentalement fait que, de tous les horizons politiques et  id\u00e9ologiques, il repr\u00e9sente une figure singuli\u00e8re d\u2019honn\u00eatet\u00e9 et de  dignit\u00e9 dans le champ du politique au Canada.<\/p>\n<p>\u00c0 35 ans, en 1973, le 11 septembre, quand la CIA et  Augusto Pinochet associ\u00e9s assassinent le pr\u00e9sident Salvador Allende,  d\u00e9mocratiquement \u00e9lu au Chili, le monde a bascul\u00e9 pour Osvaldo Nunez  alors sous-ministre des finances et responsable de la nationalisation  des banques dans un pays qui avait opt\u00e9 pour le socialisme d\u00e9mocratique.  Un coup du sort, car il est arriv\u00e9 en retard au bureau, lui vaut  de survivre aux massacres command\u00e9s par le dictateur-g\u00e9n\u00e9ral  sanguinaire de tous les intellectuels et de tous les cadres  progressistes du Chili. Il doit sa vie et celle des siens  d\u2019abord \u00e0 l\u2019accueil de pr\u00eatres r\u00e9demptoristes qui cachent la famille  Nunez dans un monast\u00e8re. Ensuite, ce sera gr\u00e2ce \u00e0 sa  personnalit\u00e9, aux liens qu\u2019il a tiss\u00e9s durant ses \u00e9tudes sup\u00e9rieures en  Belgique avec des Canadiens et \u00e0 la complicit\u00e9 de diplomates que lui et  sa famille parviennent \u00e0 sortir vivants du pays et \u00e0 venir \u00e0 Montr\u00e9al en  f\u00e9vrier 1974.<\/p>\n<p>Personnalit\u00e9 de premier rang,  avocat de talent et expert en relations industrielles, Osvaldo Nunez et  Zaida Macias, sa femme, ses deux fils Osvaldo junior et Gonzalo, secou\u00e9s  mais motiv\u00e9s reprennent racine. Monsieur Nunez maintient  le cap\u00a0: conseiller syndical et cadre principal \u00e0 la FTQ de 1974 \u00e0 1993,  figure de proue de la d\u00e9fense des droits des travailleurs aux c\u00f4t\u00e9 de  Louis Laberge; de 1993 \u00e0 1997, premier d\u00e9put\u00e9 f\u00e9d\u00e9ral d\u2019origine  latino-am\u00e9ricaine \u00e0 la Chambre des Communes au service des citoyens du  Comt\u00e9 f\u00e9d\u00e9ral de Bourassa; arbitre \u00e0 la Commission d\u2019assurance-emploi,  observateur des \u00e9lections dans plusieurs pays (Russie, Chili, El  Salvador), n\u00e9gociateur de nombreuses ententes pour redonner aux  expatri\u00e9s chiliens leurs droits civiques et leurs droits \u00e0 la s\u00e9curit\u00e9  sociale et aux avantages sociaux acquis dans leur pays d\u2019origine.<\/p>\n<p>A\u00een\u00e9 de famille, dou\u00e9 pour les responsabilit\u00e9s tr\u00e8s  jeune puis plus tard avec la lutte pour plus de justice sociale et  politique et l\u2019accession au pouvoir des socialistes de Salvador Allende,  il contribue aux changements qui auront \u00e9t\u00e9 b\u00e9n\u00e9fiques dans les  secteurs de l\u2019\u00e9ducation, de la sant\u00e9, de l\u2019agroalimentaire et du  logement social. Depuis, 30 ans au Qu\u00e9bec, en 2003, il  conserve cette fid\u00e9lit\u00e9 \u00e0 ses convictions, rare posture dans un contexte  de sp\u00e9culation id\u00e9ologique et de profit imm\u00e9diat. <em>Au  Qu\u00e9bec, j\u2019ai d\u00e9fendu, avec succ\u00e8s dans plusieurs cas, de  nombreux travailleurs immigr\u00e9s cong\u00e9di\u00e9s par les entreprises, ou  victimes de racisme et discrimination. Aussi, j\u2019ai apport\u00e9 ma  contribution \u00e0 la sensibilisation des Qu\u00e9b\u00e9cois concernant la situation  des immigrants et des r\u00e9fugi\u00e9s et \u00e0 l\u2019int\u00e9gration plus harmonieuse de  ces derniers \u00e0 la soci\u00e9t\u00e9 d\u2019accueil.<\/em><\/p>\n<p>En 1993, j\u2019ai eu le privil\u00e8ge de  devenir le premier d\u00e9put\u00e9 d\u2019origine latino-am\u00e9ricaine au Canada,  conscientisant ainsi plusieurs citoyens issus de l\u2019immigration \u00e0 la  n\u00e9cessit\u00e9 de s\u2019impliquer dans la vie politique de ce pays. Pendant mon  mandat de parlementaire, j\u2019ai fait plusieurs voyages sur le continent et  j\u2019ai exhort\u00e9 le gouvernement canadien \u00e0 intensifier ses relations, non  seulement diplomatiques et commerciales, mais \u00e9galement culturelles,  politiques et scientifiques avec l\u2019Am\u00e9rique latine. Aussi, j\u2019ai  pr\u00e9sent\u00e9 et appuy\u00e9 plusieurs projets de loi concernant l\u2019immigration,  les relations de travail, les droits humains et la coop\u00e9ration  internationale.<\/p>\n<p>Depuis 1998, il est juge administratif au Conseil  des services essentiels du Qu\u00e9bec. Il a fond\u00e9 de nombreuses  associations dont l\u2019Association des Chiliens de Montr\u00e9al en 1975, il  est au conseil d\u2019administration des professionnels Chiliens du Qu\u00e9bec,  il poursuit tout de m\u00eame un combat perp\u00e9tuel pour la participation  effective des communaut\u00e9s ethnoculturelles au devenir de la soci\u00e9t\u00e9 dont  elles sont aussi le moteur du devenir. Son \u0153uvre est  marqu\u00e9e par son passage en politique active\u00a0: <em>Au cours de mes quatre  ann\u00e9es (1993 \u2013 1997) comme d\u00e9put\u00e9 f\u00e9d\u00e9ral de Bourassa, \u00e0 Montr\u00e9al-Nord,  un comt\u00e9 qui conna\u00eet beaucoup de pauvret\u00e9, j\u2019ai travaill\u00e9 sans rel\u00e2che  pour apporter des solutions concr\u00e8tes aux probl\u00e8mes de la  population, notamment ceux des ch\u00f4meur, des assist\u00e9s  sociaux, des immigr\u00e9s, des personnes du troisi\u00e8me \u00e2ge et des familles  monoparentales. <\/em><\/p>\n<p>Sur Internet, de nombreux sites, qui portent  notamment sur le Chili ou sur les droits de la personnes, de nombreux  magazines et publications de calibre international, consacrent des pages  \u00e0 DON OSVALDO.<\/p>\n<p>Ce sexag\u00e9naire fringant comme aux tout premiers  jours de lune, esprit vif, r\u00e9partie sereine, grand-p\u00e8re de Olivia  (bient\u00f4t 10 ans) et de Raphael (6 ans), d\u00e9ploie avec tendresse une  r\u00e9flexion prospective sur les relations entre sa ou ses communaut\u00e9s  d\u2019appartenance et la communaut\u00e9 plus traditionnelle du Qu\u00e9bec\u00a0: <em>J\u2019appartiens  \u00e0 la communaut\u00e9 chilienne et latino-am\u00e9ricaine, l\u2019une des communaut\u00e9s  les plus r\u00e9centes au Qu\u00e9bec et au Canada. \u00c0 mon arriv\u00e9e, en  f\u00e9vrier 1974, il n\u2019y avait qu\u2019un petit nombre de personnes venant de  cette r\u00e9gion. Cependant, depuis lors, j\u2019ai constat\u00e9  beaucoup de progr\u00e8s. Avec 100 000 hispanophones  actuellement au Qu\u00e9bec et plus de 400 000 au Canada, l\u2019espagnol est  devenu une langue importante dans ce pays, la troisi\u00e8me langue la plus  parl\u00e9e \u00e0 Montr\u00e9al. Notre communaut\u00e9 est en croissance  permanente en raison de son immigration continue et de son taux de  natalit\u00e9 plus \u00e9lev\u00e9 que la moyenne qu\u00e9b\u00e9coise et canadienne. De  nombreux professionnels, professeurs d\u2019universit\u00e9 et artistes, entre  autres, ont apport\u00e9 une contribution consid\u00e9rable \u00e0 la soci\u00e9t\u00e9  d\u2019accueil. <\/em><\/p>\n<p><em> <\/em><\/p>\n<p>Il faut, n\u00e9anmoins, reconna\u00eetre que cette  communaut\u00e9 n\u2019est pas encore bien structur\u00e9e. Elle est encore absente,  sauf de rares exceptions, dans les \u00e9chelons sup\u00e9rieurs de l\u2019\u00e9conomie, de  la finance, de la fonction publique f\u00e9d\u00e9rale, provinciale et municipale  et surtout dans la structure politique de ce pays. Les  gouvernements et les d\u00e9cideurs politiques et \u00e9conomiques auraient  avantage \u00e0 \u00e9tablir des programmes et \u00e0 faciliter l\u2019acc\u00e8s des membres de  notre communaut\u00e9 \u00e0 tous les niveaux et dans tous les domaines de notre  soci\u00e9t\u00e9.<\/p>\n","protected":false},"excerpt":{"rendered":"<p>Droits, libert\u00e9 et dignit\u00e9 Rencontrez Monsieur Osvaldo Nunez et vous comprendrez que parmi les humains, souvent, les plus remarquables sont ceux dont l\u2019acc\u00e8s est le plus authentique. Osvaldo Nunez est rayonnant de bont\u00e9, brillant dans sa prise de contact avec l\u2019autre, d\u2019une rare \u00e9l\u00e9gance spirituelle et, comme son regard le laisse voir, intelligent, franc et [&hellip;]<\/p>\n","protected":false},"author":1,"featured_media":0,"comment_status":"open","ping_status":"open","sticky":false,"template":"","format":"standard","meta":{"_bbp_topic_count":0,"_bbp_reply_count":0,"_bbp_total_topic_count":0,"_bbp_total_reply_count":0,"_bbp_voice_count":0,"_bbp_anonymous_reply_count":0,"_bbp_topic_count_hidden":0,"_bbp_reply_count_hidden":0,"_bbp_forum_subforum_count":0,"_et_pb_use_builder":"","_et_pb_old_content":"","_et_gb_content_width":""},"categories":[17],"tags":[],"_links":{"self":[{"href":"http:\/\/www.yvesalavo.ca\/index.php?rest_route=\/wp\/v2\/posts\/290"}],"collection":[{"href":"http:\/\/www.yvesalavo.ca\/index.php?rest_route=\/wp\/v2\/posts"}],"about":[{"href":"http:\/\/www.yvesalavo.ca\/index.php?rest_route=\/wp\/v2\/types\/post"}],"author":[{"embeddable":true,"href":"http:\/\/www.yvesalavo.ca\/index.php?rest_route=\/wp\/v2\/users\/1"}],"replies":[{"embeddable":true,"href":"http:\/\/www.yvesalavo.ca\/index.php?rest_route=%2Fwp%2Fv2%2Fcomments&post=290"}],"version-history":[{"count":1,"href":"http:\/\/www.yvesalavo.ca\/index.php?rest_route=\/wp\/v2\/posts\/290\/revisions"}],"predecessor-version":[{"id":291,"href":"http:\/\/www.yvesalavo.ca\/index.php?rest_route=\/wp\/v2\/posts\/290\/revisions\/291"}],"wp:attachment":[{"href":"http:\/\/www.yvesalavo.ca\/index.php?rest_route=%2Fwp%2Fv2%2Fmedia&parent=290"}],"wp:term":[{"taxonomy":"category","embeddable":true,"href":"http:\/\/www.yvesalavo.ca\/index.php?rest_route=%2Fwp%2Fv2%2Fcategories&post=290"},{"taxonomy":"post_tag","embeddable":true,"href":"http:\/\/www.yvesalavo.ca\/index.php?rest_route=%2Fwp%2Fv2%2Ftags&post=290"}],"curies":[{"name":"wp","href":"https:\/\/api.w.org\/{rel}","templated":true}]}}