{"id":300,"date":"2010-08-17T23:02:03","date_gmt":"2010-08-17T23:02:03","guid":{"rendered":"http:\/\/www.yvesalavo.ca\/?p=300"},"modified":"2010-08-17T23:02:03","modified_gmt":"2010-08-17T23:02:03","slug":"marlene-jennings","status":"publish","type":"post","link":"http:\/\/www.yvesalavo.ca\/?p=300","title":{"rendered":"MARLENE JENNINGS"},"content":{"rendered":"<div id=\"attachment_301\" style=\"width: 108px\" class=\"wp-caption alignleft\"><a href=\"http:\/\/www.yvesalavo.ca\/wp-content\/uploads\/2010\/08\/Marlene-Jennings-d\u00e9put\u00e9e.jpg\"><img aria-describedby=\"caption-attachment-301\" loading=\"lazy\" class=\"size-full wp-image-301\" title=\"Marlene Jennings, d\u00e9put\u00e9e\" src=\"http:\/\/www.yvesalavo.ca\/wp-content\/uploads\/2010\/08\/Marlene-Jennings-d\u00e9put\u00e9e.jpg\" alt=\"Marlene Jennings\" width=\"98\" height=\"74\" \/><\/a><p id=\"caption-attachment-301\" class=\"wp-caption-text\">Marlene Jennings<\/p><\/div>\n<p>Celle qui repr\u00e9sente depuis  trois ans la circonscription f\u00e9d\u00e9rale de Notre-Dame-de-Gr\u00e2ce-Lachine est  une femme qui, \u00e0 plus d\u2019un titre, est l\u2019incarnation de son \u00e9poque.  Elle concentre en sa personne un ensemble de qualit\u00e9s, de  caract\u00e9ristiques professionnelles, de talents et de projets humains,  sociaux et politiques les plus modernes et les plus significatifs pour  le si\u00e8cle dans lequel nous venons d\u2019entrer.<\/p>\n<p>Le cheminement de Marlene   Jennings est fait de choix difficiles, de d\u00e9cisions que seul un esprit  visionnaire et un \u00eatre issu d\u2019une famille aussi engag\u00e9e dans les  r\u00e9alit\u00e9s de notre temps peuvent engendrer. Marlene Jennings  agit avec courage, elle a \u00e9tudi\u00e9 (Coll\u00e8ge Dawson, Universit\u00e9 Concordia,  Universit\u00e9 McGill) sachant que c\u2019\u00e9tait un outil capable de lui  permettre d\u2019aller plus loin et d\u2019apporter aux siens la preuve que <em>peu  de choses sont impossibles quand on a la volont\u00e9 de faire tous les  jours des sacrifices et que l\u2019on privil\u00e9gie le long terme<\/em>. Ces  propos de sagesse auraient pu \u00eatre les siens.<\/p>\n<p>Des \u00e9tudes en droit  (Baccalaur\u00e9at en droit de l\u2019Universit\u00e9 du Qu\u00e9bec \u00e0 Montr\u00e9al) et  rapidement l\u2019arriv\u00e9e sur le march\u00e9 du travail avec la d\u00e9termination de  r\u00e9aliser ses r\u00eaves\u00a0: plus de justice autour d\u2019elle, plus de dignit\u00e9 pour  les femmes et les hommes, plus de respect pour les personnes et surtout  faire en sorte qu\u2019il y ait chaque jour plus d\u2019humains qui prennent  conscience qu\u2019ils ont des devoirs et des droits. Elle  exerce la profession de juriste tout en poursuivant sa participation \u00e0  des programmes de soutien \u00e0 la communaut\u00e9. Son engagement  social et vital\u00a0: les jeunes en difficult\u00e9, les minorit\u00e9s, la communaut\u00e9  afro-canadienne et le YMCA.<\/p>\n<p>Elle \u00e9largit constamment le  champ de la citoyennet\u00e9 en faisant co\u00efncider ses convictions  personnelles et ses responsabilit\u00e9s professionnelles. Commissaire  \u00e0 la d\u00e9ontologie polici\u00e8re pour le Qu\u00e9bec, un milieu majoritairement  masculin, elle r\u00e9ussit un parcours exceptionnel qui lui vaut d\u2019\u00eatre  nomm\u00e9e commissaire adjointe. Sur plusieurs comit\u00e9s,  notamment \u00e0 Communaut\u00e9 urbaine de Montr\u00e9al, elle \u0153uvre au rapprochement  entre toutes les composantes de la soci\u00e9t\u00e9, les gens lui font confiance  car elle vit cette \u00e9nergie de la diversit\u00e9 et des diff\u00e9rences comme  force qui propulse notre soci\u00e9t\u00e9 vers des horizons meilleurs.<\/p>\n<p>En attendant, la d\u00e9put\u00e9e de  Notre-Dame-de-Gr\u00e2ce-Lachine est en phase avec ses \u00e9lecteurs, elle est  souvent pr\u00e8s d\u2019eux, comme lors de la trag\u00e9die du verglas en janvier  1998, elle est sur le terrain mais bien remarqu\u00e9e au Parlement par ses  interventions judicieuses et brillantes et ses contributions aux  r\u00e9alisations des comit\u00e9s des Communes.<\/p>\n","protected":false},"excerpt":{"rendered":"<p>Celle qui repr\u00e9sente depuis trois ans la circonscription f\u00e9d\u00e9rale de Notre-Dame-de-Gr\u00e2ce-Lachine est une femme qui, \u00e0 plus d\u2019un titre, est l\u2019incarnation de son \u00e9poque. Elle concentre en sa personne un ensemble de qualit\u00e9s, de caract\u00e9ristiques professionnelles, de talents et de projets humains, sociaux et politiques les plus modernes et les plus significatifs pour le si\u00e8cle [&hellip;]<\/p>\n","protected":false},"author":1,"featured_media":0,"comment_status":"open","ping_status":"open","sticky":false,"template":"","format":"standard","meta":{"_bbp_topic_count":0,"_bbp_reply_count":0,"_bbp_total_topic_count":0,"_bbp_total_reply_count":0,"_bbp_voice_count":0,"_bbp_anonymous_reply_count":0,"_bbp_topic_count_hidden":0,"_bbp_reply_count_hidden":0,"_bbp_forum_subforum_count":0,"_et_pb_use_builder":"","_et_pb_old_content":"","_et_gb_content_width":""},"categories":[19],"tags":[],"_links":{"self":[{"href":"http:\/\/www.yvesalavo.ca\/index.php?rest_route=\/wp\/v2\/posts\/300"}],"collection":[{"href":"http:\/\/www.yvesalavo.ca\/index.php?rest_route=\/wp\/v2\/posts"}],"about":[{"href":"http:\/\/www.yvesalavo.ca\/index.php?rest_route=\/wp\/v2\/types\/post"}],"author":[{"embeddable":true,"href":"http:\/\/www.yvesalavo.ca\/index.php?rest_route=\/wp\/v2\/users\/1"}],"replies":[{"embeddable":true,"href":"http:\/\/www.yvesalavo.ca\/index.php?rest_route=%2Fwp%2Fv2%2Fcomments&post=300"}],"version-history":[{"count":1,"href":"http:\/\/www.yvesalavo.ca\/index.php?rest_route=\/wp\/v2\/posts\/300\/revisions"}],"predecessor-version":[{"id":302,"href":"http:\/\/www.yvesalavo.ca\/index.php?rest_route=\/wp\/v2\/posts\/300\/revisions\/302"}],"wp:attachment":[{"href":"http:\/\/www.yvesalavo.ca\/index.php?rest_route=%2Fwp%2Fv2%2Fmedia&parent=300"}],"wp:term":[{"taxonomy":"category","embeddable":true,"href":"http:\/\/www.yvesalavo.ca\/index.php?rest_route=%2Fwp%2Fv2%2Fcategories&post=300"},{"taxonomy":"post_tag","embeddable":true,"href":"http:\/\/www.yvesalavo.ca\/index.php?rest_route=%2Fwp%2Fv2%2Ftags&post=300"}],"curies":[{"name":"wp","href":"https:\/\/api.w.org\/{rel}","templated":true}]}}