{"id":305,"date":"2010-08-17T23:03:51","date_gmt":"2010-08-17T23:03:51","guid":{"rendered":"http:\/\/www.yvesalavo.ca\/?p=305"},"modified":"2010-08-17T23:03:51","modified_gmt":"2010-08-17T23:03:51","slug":"afifa-maaninou","status":"publish","type":"post","link":"http:\/\/www.yvesalavo.ca\/?p=305","title":{"rendered":"AFIFA MAANINOU"},"content":{"rendered":"<p>C\u2019est d\u2019entr\u00e9e de jeu que cette  femme, d\u00e9vou\u00e9e \u00e0 la cause de la formation et de l\u2019\u00e9ducation de la  jeunesse du Qu\u00e9bec, m\u00e8re de famille et engag\u00e9e dans la politique  scolaire, nous parle\u00a0: <em>Originaire du Maroc, je suis arriv\u00e9e avec ma  famille au Qu\u00e9bec en janvier 1988. Je me suis install\u00e9e par  hasard dans le quartier C\u00f4te-des-Neiges et j\u2019y suis rest\u00e9e. Engag\u00e9e  politiquement pour les droits de la personne dans mon pays d\u2019origine,  je me suis investie totalement dans l\u2019action communautaire et scolaire<\/em>.  En effet, elle est candidate et \u00e9lue membre du Comit\u00e9 d\u2019\u00e9cole et  du Conseil d\u2019orientation de l\u2019\u00e9cole Pascal Baylon que fr\u00e9quentaient ses  filles. Les d\u00e9marches qu\u2019elle coordonne aboutissent,  r\u00e9clamations pratiques concernant la propret\u00e9, les besoins d\u2019un  gymnase pour les \u00e9l\u00e8ves, n\u00e9cessit\u00e9 d\u2019une nouvelle \u00e9cole  (Simone-Monet-Chartrand) dans un quartier majoritairement peupl\u00e9 de  familles issues de l\u2019immigration. Plus s\u00e9rieusement, Afifa  Maaninou sait qu\u2019il s\u2019agit d\u2019abord de la qu\u00eate de dignit\u00e9 pour ces  personnes, elle se pr\u00e9sente aux \u00e9lections scolaires de 1994 afin d\u2019\u00eatre \u00e0  la fois repr\u00e9sentante et actrice du changement. Elle est  \u00e9lue. Elle devient commissaire de la Commission scolaire de  Montr\u00e9al <strong><em> (CSDM)<\/em><\/strong>.<\/p>\n<p>Battante, femme de t\u00eate et de  c\u0153ur, Afifa Maaninou aborde la vie avec une \u00e9nergie exceptionnelle.  Elle est dipl\u00f4m\u00e9e de <strong><em>l\u2019Universit\u00e9 Paris VIII<\/em><\/strong> en linguistique g\u00e9n\u00e9rale et en informatique de gestion, elle conserve  de ses \u00e9tudes la m\u00e9thode scientifique, l\u2019analyse sereine et la valeur  ajout\u00e9e que lui procurent ses talents de conciliatrice r\u00e9aliste et de  diplomate id\u00e9aliste. Elle a travailler dans le secteur de l\u2019informatique  de gestion pendant douze ans. Les r\u00e9sultats sont  impressionnants\u00a0: <em>Forte du soutien des parents, j\u2019utilisais  mon nouveau r\u00f4le davantage pour les informer, les motiver et les  maintenir mobilis\u00e9s afin que le dossier \u00e9pineux de la surpopulation dans  les \u00e9coles \u00e0 C\u00f4te-des-Neiges soit r\u00e9gl\u00e9 d\u00e9finitivement et que leurs  enfants aient de meilleures conditions de r\u00e9ussite. Ce  travail sur le terrain, en direct avec les parents, a donn\u00e9 fruit et  d\u2019autres nouvelles \u00e9coles ont \u00e9t\u00e9 ouvertes dont l\u2019\u00e9cole des Nations,  l\u2019\u00e9cole St-K\u00e9vin, un centre d\u2019\u00e9ducation des adultes et tout r\u00e9cemment  l\u2019annonce de la construction d\u2019une nouvelle \u00e9cole primaire.<\/em><\/p>\n<p>L\u2019essentiel de l\u2019action de Afifa  Maaninou consiste \u00e0 faire en sorte que les communaut\u00e9s ethnoculturelles  puissent prendre part, leurs droits et devoirs partag\u00e9s, \u00e0 la vie  normale de notre soci\u00e9t\u00e9. Pour elle, il s\u2019agit d\u2019un \u00e9change  et d\u2019un enrichissement mutuels\u00a0: <em>J\u2019ai particip\u00e9 \u00e0 la  cr\u00e9ation d&rsquo;un comit\u00e9-femmes au <strong>Centre d&rsquo;\u00e9tudes arabes pour le  d\u00e9veloppement<\/strong> (CEAD) o\u00f9, de 1990 \u00e0 1992, j\u2019ai \u00e9t\u00e9 membre du  conseil d&rsquo;administration et du comit\u00e9 ex\u00e9cutif de cet organisme vou\u00e9 \u00e0  favoriser l&rsquo;int\u00e9gration des membres des communaut\u00e9s arabes du Qu\u00e9bec \u00e0  la soci\u00e9t\u00e9 montr\u00e9alaise et \u00e0 la promotion de la solidarit\u00e9 canado-arabe.  Pouss\u00e9e par le d\u00e9sir de m&rsquo;associer \u00e0 la communaut\u00e9, j\u2019ai si\u00e9g\u00e9  au comit\u00e9 pour les \u00e9quipements collectifs du quartier C\u00f4te-des-Neiges ce  qui a permis, notamment, \u00e0 la suite de nombreuses interventions, la  r\u00e9alisation du projet de construction d&rsquo;un complexe sportif dans le  quartier. J\u2019ai \u00e9galement si\u00e9g\u00e9 comme copr\u00e9sidente du Comit\u00e9  du Oui d\u2019Outremont afin de soutenir les revendications et les  aspirations du peuple qu\u00e9b\u00e9cois.<\/em><\/p>\n<p>Membre du comit\u00e9 ex\u00e9cutif du  Conseil scolaire de l\u2019\u00eele de Montr\u00e9al (CSIM), o\u00f9 elle si\u00e8ge \u00e0 titre de  pr\u00e9sidente soit de l\u2019une ou de l\u2019autre de ces instances, Afifa Maaninou  explique la gen\u00e8se de son engagement et de ses motivations\u00a0:<\/p>\n<p>Depuis mon enfance, j\u2019ai \u00e9t\u00e9  sensibilis\u00e9e par ma famille aux injustices sociales et \u00e0 la lutte pour  les droits \u00e0 la dignit\u00e9 pour tous les humains. Mon p\u00e8re,  qui n\u2019avait qu\u2019un gar\u00e7on et six filles, nous encourageait vivement \u00e0  bien \u00e9tudier, particuli\u00e8rement nous les filles, et nous disait souvent\u00a0:  \u201c\u00a0Mes chers enfants, j\u2019insiste peut-\u00eatre un peu trop sur les \u00e9tudes,  mais sachez que c\u2019est le seul h\u00e9ritage que je vais vous laisser. Je  veux que vous soyez autonomes\u00a0\u201d. J\u2019ai l\u2019impression que  j\u2019ai \u00e9t\u00e9 fa\u00e7onn\u00e9e pour combattre l\u2019injustice et l\u2019exclusion partout o\u00f9  je me trouve. Ce combat peut prendre plusieurs formes; des  implications dans des mouvements progressistes \u0153uvrant pour la paix, la  justice sociale, l\u2019\u00e9mancipation des femmes ou le droit \u00e0 l\u2019\u00e9ducation\u00a0;  des revendications plus concr\u00e8tes telles les nouvelles \u00e9coles pour les  enfants de C\u00f4te-des-Neiges (CDN).<em> <\/em><\/p>\n<p><em> <\/em><\/p>\n<p><em>Le bilan de la commissaire  scolaire Afifa Maaninou est comparable \u00e0 un palmar\u00e8s\u00a0: Les r\u00e9novations,  les agrandissements et l\u2019ouverture de nouvelles \u00e9coles primaires dans le  quartier C\u00f4te-des-Neiges, l\u2019ouverture d\u2019une \u00e9cole pour l\u2019\u00e9ducation des  adultes, le gel de la taxe scolaire en 2000. Imm\u00e9diatement,  Afifa Maaninou insiste pour souligner\u00a0: <\/em>Pour dire vrai, toutes ces r\u00e9alisations n\u2019ont pu se  concr\u00e9tiser que gr\u00e2ce au travail et au soutien de personnes qui  g\u00e9n\u00e9ralement restent dans l\u2019ombre. C\u2019est ce travail en  \u00e9quipe qu\u2019il faut reconna\u00eetre\u00a0; sans lui, personne ne peut faire avancer  quoi que ce soit.<em> <\/em><\/p>\n<p>L\u2019avenir place l\u2019\u00e9ducation au c\u0153ur  des d\u00e9fis de notre soci\u00e9t\u00e9, Afifa Maaninou le dit et croit, non  seulement \u00e0 l\u2019\u00e9ducation dans le respect des cultures, mais surtout  l\u2019abolition des fronti\u00e8res au sein de notre soci\u00e9t\u00e9<em> <\/em>: <em>Dans  mon implication, la dimension interculturelle a toujours \u00e9t\u00e9 pr\u00e9sente.  J\u2019ai toujours travaill\u00e9 avec toutes les communaut\u00e9s, je ne me  suis jamais limi<\/em><em>t\u00e9e \u00e0 ma communaut\u00e9. Je  pense que c\u2019est la meilleure fa\u00e7on de conna\u00eetre et de se faire conna\u00eetre  par les autres, de d\u00e9velopper la compr\u00e9hension mutuelle et la  connaissance n\u00e9cessaire afin de lutter contre les pr\u00e9jug\u00e9s et la  discrimination. Le contexte dans lequel nous vivons depuis  le mardi 11 septembre 2001 l\u2019oblige \u00e0 atterrir si l\u2019on veut\u00a0: Toutefois,  depuis les \u00e9v\u00e9nements survenus aux USA, un vent de m\u00e9fiance s\u2019\u00e9l\u00e8ve  vis-\u00e0-vis des Musulmans en g\u00e9n\u00e9ral et des Arabes en particulier. Je  sens la n\u00e9cessit\u00e9 de joindre ma voix \u00e0 celle de toutes celles qui  clament la paix et d\u00e9noncent la guerre, et d\u2019expliquer aux autres  Qu\u00e9b\u00e9cois ce qu\u2019est la civilisation musulmane, ce qu\u2019est la r\u00e9alit\u00e9 du  monde arabe et du monde musulman, les distinctions et les nuances entre  ces divers univers, afin d\u2019informer et de contrer la m\u00e9connaissance qui  engendre l\u2019intol\u00e9rance et de d\u00e9velopper ainsi la solidarit\u00e9 entre tous  les peuples. J\u2019ai confiance que nous saurons tous ensemble  construire un monde plus convivial.<\/em><\/p>\n","protected":false},"excerpt":{"rendered":"<p>C\u2019est d\u2019entr\u00e9e de jeu que cette femme, d\u00e9vou\u00e9e \u00e0 la cause de la formation et de l\u2019\u00e9ducation de la jeunesse du Qu\u00e9bec, m\u00e8re de famille et engag\u00e9e dans la politique scolaire, nous parle\u00a0: Originaire du Maroc, je suis arriv\u00e9e avec ma famille au Qu\u00e9bec en janvier 1988. Je me suis install\u00e9e par hasard dans le [&hellip;]<\/p>\n","protected":false},"author":1,"featured_media":0,"comment_status":"open","ping_status":"open","sticky":false,"template":"","format":"standard","meta":{"_bbp_topic_count":0,"_bbp_reply_count":0,"_bbp_total_topic_count":0,"_bbp_total_reply_count":0,"_bbp_voice_count":0,"_bbp_anonymous_reply_count":0,"_bbp_topic_count_hidden":0,"_bbp_reply_count_hidden":0,"_bbp_forum_subforum_count":0,"_et_pb_use_builder":"","_et_pb_old_content":"","_et_gb_content_width":""},"categories":[19],"tags":[],"_links":{"self":[{"href":"http:\/\/www.yvesalavo.ca\/index.php?rest_route=\/wp\/v2\/posts\/305"}],"collection":[{"href":"http:\/\/www.yvesalavo.ca\/index.php?rest_route=\/wp\/v2\/posts"}],"about":[{"href":"http:\/\/www.yvesalavo.ca\/index.php?rest_route=\/wp\/v2\/types\/post"}],"author":[{"embeddable":true,"href":"http:\/\/www.yvesalavo.ca\/index.php?rest_route=\/wp\/v2\/users\/1"}],"replies":[{"embeddable":true,"href":"http:\/\/www.yvesalavo.ca\/index.php?rest_route=%2Fwp%2Fv2%2Fcomments&post=305"}],"version-history":[{"count":1,"href":"http:\/\/www.yvesalavo.ca\/index.php?rest_route=\/wp\/v2\/posts\/305\/revisions"}],"predecessor-version":[{"id":306,"href":"http:\/\/www.yvesalavo.ca\/index.php?rest_route=\/wp\/v2\/posts\/305\/revisions\/306"}],"wp:attachment":[{"href":"http:\/\/www.yvesalavo.ca\/index.php?rest_route=%2Fwp%2Fv2%2Fmedia&parent=305"}],"wp:term":[{"taxonomy":"category","embeddable":true,"href":"http:\/\/www.yvesalavo.ca\/index.php?rest_route=%2Fwp%2Fv2%2Fcategories&post=305"},{"taxonomy":"post_tag","embeddable":true,"href":"http:\/\/www.yvesalavo.ca\/index.php?rest_route=%2Fwp%2Fv2%2Ftags&post=305"}],"curies":[{"name":"wp","href":"https:\/\/api.w.org\/{rel}","templated":true}]}}