{"id":309,"date":"2010-08-17T23:05:30","date_gmt":"2010-08-17T23:05:30","guid":{"rendered":"http:\/\/www.yvesalavo.ca\/?p=309"},"modified":"2010-08-17T23:05:30","modified_gmt":"2010-08-17T23:05:30","slug":"leila-ikhlef","status":"publish","type":"post","link":"http:\/\/www.yvesalavo.ca\/?p=309","title":{"rendered":"LE\u00cfLA IKHLEF"},"content":{"rendered":"<p>Plus d\u2019un quart de si\u00e8cle  d\u2019activit\u00e9s professionnelles, dont 24 ann\u00e9es au Qu\u00e9bec,  l\u2019essentiel comme secr\u00e9taire juridique dans des cabinets priv\u00e9s, mais  aussi un long s\u00e9jour au service du Centre communautaire juridique de  Montr\u00e9al, division jeunesse. Le\u00efla Ikhlef se consacre aux  jeunes, par vocation, par id\u00e9al et avec une volont\u00e9 de contribuer \u00e0 leur  d\u00e9veloppement, pour les aider \u00e0 exister dans la soci\u00e9t\u00e9. Port\u00e9e  par une jeunesse fondamentale, femme d\u2019action et v\u00e9ritable trap\u00e9ziste  pour qui le risque en vaut souvent la chandelle quand il s\u2019agit de  s\u2019engager pour changer les mentalit\u00e9s ou lorsqu\u2019il est question de  soutenir des jeunes en qu\u00eate d\u2019identit\u00e9 ou d\u2019affirmer ses convictions  sociales pour une soci\u00e9t\u00e9 de droit, de justice et d\u2019\u00e9quit\u00e9, Leila Ikhlef  r\u00e9pond pr\u00e9sente.<\/p>\n<p>Si elle a toujours travaill\u00e9  dans un bureau pour assurer la survie des siens, la part de contribution  \u00e0 la dignit\u00e9 que procure l\u2019exercice d\u2019une profession, Le\u00efla Ikhlef se  place, un peu comme une travailleuse sociale \u00e0 l\u2019\u00e9chelle d\u2019un pays, aux  avant-postes des initiatives d\u00a0\u2018\u00e9changes, des activit\u00e9s d\u2019accueil, des  interventions de sensibilisation et de soutien \u00e0 l\u2019int\u00e9gration active.  Sportive dans la vie et dans l\u2019\u00e2me, Madame Ikhlef consacre  \u00e9nergie, temps et force de conviction, rencontre les nouveaux arrivants,  construit litt\u00e9ralement des ponts entre le noyau dur de notre soci\u00e9t\u00e9  et tous les citoyens issus des communaut\u00e9s ethnoculturelles.<\/p>\n<p>Le\u00efla Ikhlef est sans \u00e9quivoque  l\u00e0-dessus : <em>La motivation de mes engagements, c\u2019est ma communaut\u00e9 et  la soci\u00e9t\u00e9 dans laquelle je vis depuis maintenant 26 ans, qui me  motivent dans mes actions et mes engagements sociaux et communautaires.  Pour moi, l\u2019une ne va pas sans l\u2019autre.<\/em> \u00c0  plusieurs reprises elle a, avec <em>Les Promotions Pleine Lune Enr<\/em>.  organis\u00e9 des spectacles, des concerts d\u2019artistes de renomm\u00e9e mondiale (  deux fois Idir, Brahim Izri et Fellag, tous produits dans des salles de  la prestigieuse Place des arts) qui sont les porte-\u00e9tendards d\u2019une  culture fondatrice et universelle, la culture des inventeurs et des  philosophes, des g\u00e9nies des math\u00e9matiques et des ing\u00e9nieurs, des  astronomes, la culture tamazight\/berb\u00e8re.<\/p>\n<p>Au-del\u00e0 du pr\u00e9sent, dans la mire  d\u2019un pass\u00e9 proche et enceint d\u2019angoisse, Le\u00efla Ihklef conserve le  regard au-dessus de la m\u00eal\u00e9e. Ce pass\u00e9 proche dont certains  \u00e9v\u00e9nements sont pour elle un boomerang sur sa vie familiale. En  effet, elle a v\u00e9cu de pr\u00e8s, la terreur au sein de sa famille  d\u2019origine, son sang, sa soeur Fadila a \u00e9t\u00e9 assassin\u00e9e par des fous  int\u00e9gristes. D\u00e9sormais, elle est comme un sacrifice pour  nos libert\u00e9s, nos esp\u00e9rances. La terreur meurtri\u00e8re, Le\u00efla  Ikhlef sait de quoi elle se forme, elle en a une exp\u00e9rience, comme le  peuple alg\u00e9rien l\u2019a. Victime innocente sur l\u2019autel des  int\u00e9r\u00eats \u00e9go\u00efstes de mouvances arm\u00e9es de haine qui agissent sous la  banni\u00e8re pernicieuse d\u2019une religion monoth\u00e9iste dont le nom pourtant est  PAIX.<\/p>\n<p>Alors, elle s\u2019exprime sur ce que  reste au fond de son coeur, sa r\u00e9alisation majeure : <em>Un exemple se distingue parmi d&rsquo;autres et qui m&rsquo;a donn\u00e9 une  satisfaction sans borne une fois r\u00e9alis\u00e9, c&rsquo;est celui o\u00f9, par ma  t\u00e9nacit\u00e9 et ma pers\u00e9v\u00e9rance, j&rsquo;ai r\u00e9ussi \u00e0 sauver quatre jeunes filles  d&rsquo;une m\u00eame famille des mains de terroristes-islamistes.<\/em><\/p>\n<p>Elle pr\u00e9cise\u00a0: <em>J&rsquo;ai rencontr\u00e9  leur fr\u00e8re qui vit au Canada et qui a sollicit\u00e9 mon aide afin que ses  soeurs puissent obtenir le plus rapidement possible leurs documents  d&rsquo;immigration. Effectivement, ses soeurs vivaient prostr\u00e9es  dans la terreur, ayant \u00e9t\u00e9 kidnapp\u00e9es par les terroristes-islamistes.  Elles ont r\u00e9ussi, par je ne sais quel miracle, \u00e0 leur \u00e9chapper  et prendre contact avec leur fr\u00e8re. Aujourd&rsquo;hui, elles  vivent toutes ici au Canada<\/em>.<\/p>\n<p>L\u2019avenir des relations entre la  majorit\u00e9 et ses communaut\u00e9s d\u2019appartenance est pour Le\u00efla Ikhlef, assez  simple\u00a0: <em>Si je fais abstraction de la conjoncture actuelle, je  dirais que je suis confiante que le temps fera bien les choses. Mais  cela ne suffira pas. Il faut que chacun de nous y mette du  sien, afin que toutes les communaut\u00e9s puissent vivre harmonieusement  dans cette magnifique terre d&rsquo;accueil. <\/em><\/p>\n","protected":false},"excerpt":{"rendered":"<p>Plus d\u2019un quart de si\u00e8cle d\u2019activit\u00e9s professionnelles, dont 24 ann\u00e9es au Qu\u00e9bec, l\u2019essentiel comme secr\u00e9taire juridique dans des cabinets priv\u00e9s, mais aussi un long s\u00e9jour au service du Centre communautaire juridique de Montr\u00e9al, division jeunesse. Le\u00efla Ikhlef se consacre aux jeunes, par vocation, par id\u00e9al et avec une volont\u00e9 de contribuer \u00e0 leur d\u00e9veloppement, pour [&hellip;]<\/p>\n","protected":false},"author":1,"featured_media":0,"comment_status":"open","ping_status":"open","sticky":false,"template":"","format":"standard","meta":{"_bbp_topic_count":0,"_bbp_reply_count":0,"_bbp_total_topic_count":0,"_bbp_total_reply_count":0,"_bbp_voice_count":0,"_bbp_anonymous_reply_count":0,"_bbp_topic_count_hidden":0,"_bbp_reply_count_hidden":0,"_bbp_forum_subforum_count":0,"_et_pb_use_builder":"","_et_pb_old_content":"","_et_gb_content_width":""},"categories":[19],"tags":[],"_links":{"self":[{"href":"http:\/\/www.yvesalavo.ca\/index.php?rest_route=\/wp\/v2\/posts\/309"}],"collection":[{"href":"http:\/\/www.yvesalavo.ca\/index.php?rest_route=\/wp\/v2\/posts"}],"about":[{"href":"http:\/\/www.yvesalavo.ca\/index.php?rest_route=\/wp\/v2\/types\/post"}],"author":[{"embeddable":true,"href":"http:\/\/www.yvesalavo.ca\/index.php?rest_route=\/wp\/v2\/users\/1"}],"replies":[{"embeddable":true,"href":"http:\/\/www.yvesalavo.ca\/index.php?rest_route=%2Fwp%2Fv2%2Fcomments&post=309"}],"version-history":[{"count":1,"href":"http:\/\/www.yvesalavo.ca\/index.php?rest_route=\/wp\/v2\/posts\/309\/revisions"}],"predecessor-version":[{"id":310,"href":"http:\/\/www.yvesalavo.ca\/index.php?rest_route=\/wp\/v2\/posts\/309\/revisions\/310"}],"wp:attachment":[{"href":"http:\/\/www.yvesalavo.ca\/index.php?rest_route=%2Fwp%2Fv2%2Fmedia&parent=309"}],"wp:term":[{"taxonomy":"category","embeddable":true,"href":"http:\/\/www.yvesalavo.ca\/index.php?rest_route=%2Fwp%2Fv2%2Fcategories&post=309"},{"taxonomy":"post_tag","embeddable":true,"href":"http:\/\/www.yvesalavo.ca\/index.php?rest_route=%2Fwp%2Fv2%2Ftags&post=309"}],"curies":[{"name":"wp","href":"https:\/\/api.w.org\/{rel}","templated":true}]}}