{"id":311,"date":"2010-08-17T23:06:20","date_gmt":"2010-08-17T23:06:20","guid":{"rendered":"http:\/\/www.yvesalavo.ca\/?p=311"},"modified":"2010-08-17T23:06:20","modified_gmt":"2010-08-17T23:06:20","slug":"jawad-skalli","status":"publish","type":"post","link":"http:\/\/www.yvesalavo.ca\/?p=311","title":{"rendered":"JAWAD SKALLI"},"content":{"rendered":"<p>Jawad Skalli, \u00e9tudes primaires et  secondaires \u00e0 Casablanca au Maroc, \u00e9tudes de gestion \u00e0 Montpellier en  France et de sciences \u00e9conomiques \u00e0 Rabat, au Maroc. Au  c\u0153ur de la vie \u00e9conomique et culturelle de son pays natal, il donne le  meilleur de lui pour comprendre et faire comprendre aux siens que la  dignit\u00e9 de la personne ne se monnaye pas. Autour de lui  s\u00e9vit le syst\u00e8me d\u2019exploitation d\u2019un r\u00e9gime monarchique align\u00e9 sur les  m\u00eames r\u00e9f\u00e9rences que celles de l\u2019ancienne nation  colonisatrice. Il fait carri\u00e8re comme gestionnaire d&rsquo;un  groupe d&rsquo;entreprises priv\u00e9es au Maroc (1973 \u00e0 1987) dans le domaine de  l&rsquo;\u00e9dition et des arts graphiques.<\/p>\n<p>Le  cheminement de ce militant des droits de la personne est instructif \u00e0  plus d\u2019un titre, il en parle avec rigueur et franchise\u00a0: <em>J&rsquo;ai \u00e9t\u00e9  engag\u00e9 dans l&rsquo;action sociale et communautaire depuis ma toute premi\u00e8re  jeunesse.<\/em> <em>J&rsquo;ai eu la chance de na\u00eetre dans une  p\u00e9riode excitante<br \/>\net motivante. Mon enfance \u00e9tait  marqu\u00e9e par la lutte de mon pays pour son ind\u00e9pendance et \u00e0 l&rsquo;\u00e2ge de 10  ans, j&rsquo;ai v\u00e9cu ce grand \u00e9lan d&rsquo;enthousiasme et de mobilisation qui a  accompagn\u00e9 l&rsquo;av\u00e8nement de cette ind\u00e9pendance. Cet  enthousiasme et cette passion de servir la communaut\u00e9 ne m&rsquo;ont jamais  quitt\u00e9 par la suite en d\u00e9pit des d\u00e9sillusions et des d\u00e9ceptions d&rsquo;une  libert\u00e9 et d&rsquo;une ind\u00e9pendance confisqu\u00e9es par un pouvoir politique \u00e0 la  fois autoritaire, corrompu et incomp\u00e9tent.<\/em><\/p>\n<p>Il y a quatorze ans, il est oblig\u00e9  de quitter le Maroc, Jawad Skalli reste fid\u00e8le \u00e0 ses convictions\u00a0: <em>C&rsquo;est  tout naturellement qu&rsquo;\u00e0 mon arriv\u00e9e au Qu\u00e9bec en 1988, j&rsquo;ai cherch\u00e9 \u00e0<br \/>\nm&rsquo;impliquer dans des actions et dans des causes qui rejoignaient mes  options fondamentales: justice sociale, droits et libert\u00e9s, solidarit\u00e9  internationale et rapprochement interculturel.<\/em> Ce  n\u2019est jamais, nous le savons, la meilleure mani\u00e8re de devenir riche ou  d\u2019acc\u00e9der, m\u00eame dans une soci\u00e9t\u00e9 qui pr\u00e9tend relayer les messages en  faveur des droits humains, \u00e0 des postes en vue ou simplement d\u2019esp\u00e9rer  gagner sa vie normalement.<\/p>\n<p>Combattant pour la justice sociale,  Jawad Skalli fait la dure exp\u00e9rience des sacrifices et des luttes  contre l\u2019\u00e9difice administratif, des emb\u00fbches techniques et de tous les  moyens que notre soci\u00e9t\u00e9 a d\u00e9velopp\u00e9 pour assurer la stabilit\u00e9 des  int\u00e9r\u00eats \u00e9conomiques dominants et le statu quo d\u2019un gris politico-social  ambiant qui profite aux plus favoris\u00e9s d\u2019entre nous. Il  demeure pourtant philosophe\u00a0: <em>Au niveau des r\u00e9alisations, nous  vivons dans un monde o\u00f9 les grandes<br \/>\nvictoires ne sont que  l&rsquo;accumulation des petites; je n&rsquo;ai rien r\u00e9alis\u00e9 de spectaculaire, mais  je pense avoir modestement contribu\u00e9 \u00e0 faire avancer les causes et les  communaut\u00e9s pour lesquelles je me suis engag\u00e9. Ayant \u00e9t\u00e9  l&rsquo;un des animateurs principaux du d\u00e9funt <strong>Centre d&rsquo;\u00e9tudes arabes  pour le d\u00e9veloppement<\/strong> (CEAD) pendant une dizaine d&rsquo;ann\u00e9es, j&rsquo;ai  contribu\u00e9 \u00e0 mieux faire conna\u00eetre la culture, la civilisation et la  r\u00e9alit\u00e9 politique et socio-<br \/>\n\u00e9conomique du monde arabe au Qu\u00e9bec et  au Canada, J&rsquo;ai pos\u00e9 quelques pierres dans la construction de ce pont de  compr\u00e9hension et de solidarit\u00e9 entre le monde arabe et le Qu\u00e9bec que  constituait cet organisme avant son assassinat.<\/em><\/p>\n<p>Jawad Skalli consacre temps et  \u00e9nergie \u00e0 l\u2019\u00e9ducation au civisme, \u00e0 la prise de conscience des droits et  devoirs que conf\u00e8re la citoyennet\u00e9; une forme urgente de partage avec  les g\u00e9n\u00e9rations montantes et toutes les franges de notre soci\u00e9t\u00e9 o\u00f9 le  confort et l\u2019abondance r\u00e8gnent. Cette d\u00e9marche g\u00e9n\u00e9reuse,  il la situe dans la droite ligne de son pass\u00e9 de victime des  injustices\u00a0:<\/p>\n<p><em>Ancien d\u00e9tenu d&rsquo;opinion,  ancienne victime de torture dans mon pays d&rsquo;origine, j&rsquo;ai tenu \u00e0 mettre  mes t\u00e9moignages et le fruit de ma r\u00e9flexion sur cette situation au  service de ceux et celles qui se battent pour tous les d\u00e9tenus d&rsquo;opinion  et contre toutes les formes de torture: J&rsquo;ai donn\u00e9 des dizaines  d&rsquo;ateliers pour Amnistie Internationale (un bien modeste retour  d&rsquo;ascenseur \u00e0 un organisme qui a tant fait pour moi et mes camarades de  d\u00e9tention pendant les ann\u00e9es de noirceur que nous avons v\u00e9cues), et  livr\u00e9 d&rsquo;innombrables t\u00e9moignages pour motiver la masse de jeunes et de  moins jeunes qui se d\u00e9vouent \u00e0 la lutte pour la libert\u00e9.<\/em><\/p>\n<p>Jawad, comme il est souvent appel\u00e9,  est la personnification de la solidarit\u00e9, un mim\u00e9tisme de fond, une  fa\u00e7on pour lui de faire corps avec une soci\u00e9t\u00e9 \u00e0 laquelle il  s\u2019identifie. Il est entier et nous confie : <em>Ayant \u00e9t\u00e9  \u00e9lev\u00e9 dans une ambiance de lutte pour l&rsquo;ind\u00e9pendance, j&rsquo;ai \u00e9prouv\u00e9 une  empathie quasi spontan\u00e9e avec les aspirations du peuple qu\u00e9b\u00e9cois.  Je me suis impliqu\u00e9 \u00e9galement dans ce dossier, une implication  non partisane (je n&rsquo;ai jamais \u00e9t\u00e9 membre d&rsquo;un parti politique) qui s&rsquo;est  exerc\u00e9e, entre autres, au sein du <strong>Conseil de la souverainet\u00e9<\/strong> dont j&rsquo;ai \u00e9t\u00e9 un membre du conseil d&rsquo;administration jusqu&rsquo;\u00e0 sa  disparition apr\u00e8s le dernier \u00e9chec r\u00e9f\u00e9rendaire<\/em>. En  premi\u00e8re ligne de l\u2019action sociale et communautaire, Jawad Skalli est  b\u00e9n\u00e9vole au profit de plusieurs initiatives, notamment : porte-parole d\u2019<strong><em>Amnistie  internationale<\/em><\/strong> dans la campagne pour l&rsquo;\u00e9limination de la  torture, membre du conseil d&rsquo;administration des organismes, <strong><em>Parole  Arabe<\/em><\/strong>, organisme de repr\u00e9sentation des communaut\u00e9s arabes  \u00e0 Montr\u00e9al, le Regroupement des organismes du Montr\u00e9al ethnique pour le  logement (<strong><em>ROMEL<\/em><\/strong>) et <strong><em>Baobab  Familial<\/em><\/strong>, un organisme d&rsquo;aide aux familles d\u00e9favoris\u00e9es.<\/p>\n<p>L\u2019avenir, il le voit avec optimisme\u00a0: <em>Le monde \u00e0 venir sera  n\u00e9cessairement un monde<br \/>\nqui aura appris \u00e0 tirer fiert\u00e9 et richesse  de sa diversit\u00e9. La future d\u00e9finition du  sous-d\u00e9veloppement sera l&rsquo;homog\u00e9n\u00e9it\u00e9 et celle du progr\u00e8s sera la   diversit\u00e9. J&rsquo;ai suffisamment confiance en l&rsquo;intelligence  humaine pour croire que cette diversit\u00e9 sera de mieux en mieux v\u00e9cue et  que les \u00e9preuves telles que celles qui nous sont impos\u00e9es par les  r\u00e9cents \u00e9v\u00e9nements de New York et Washington, si elles nous font  traverser des moments de questionnements et de m\u00e9fiance qui sont  difficiles, s&rsquo;\u00e9clipseront devant le sentiment grandissant de notre<br \/>\nappartenance conjointe \u00e0 la m\u00eame communaut\u00e9 en construction, au m\u00eame  projet d&rsquo;avenir.<\/em><\/p>\n","protected":false},"excerpt":{"rendered":"<p>Jawad Skalli, \u00e9tudes primaires et secondaires \u00e0 Casablanca au Maroc, \u00e9tudes de gestion \u00e0 Montpellier en France et de sciences \u00e9conomiques \u00e0 Rabat, au Maroc. Au c\u0153ur de la vie \u00e9conomique et culturelle de son pays natal, il donne le meilleur de lui pour comprendre et faire comprendre aux siens que la dignit\u00e9 de la [&hellip;]<\/p>\n","protected":false},"author":1,"featured_media":0,"comment_status":"open","ping_status":"open","sticky":false,"template":"","format":"standard","meta":{"_bbp_topic_count":0,"_bbp_reply_count":0,"_bbp_total_topic_count":0,"_bbp_total_reply_count":0,"_bbp_voice_count":0,"_bbp_anonymous_reply_count":0,"_bbp_topic_count_hidden":0,"_bbp_reply_count_hidden":0,"_bbp_forum_subforum_count":0,"_et_pb_use_builder":"","_et_pb_old_content":"","_et_gb_content_width":""},"categories":[19],"tags":[],"_links":{"self":[{"href":"http:\/\/www.yvesalavo.ca\/index.php?rest_route=\/wp\/v2\/posts\/311"}],"collection":[{"href":"http:\/\/www.yvesalavo.ca\/index.php?rest_route=\/wp\/v2\/posts"}],"about":[{"href":"http:\/\/www.yvesalavo.ca\/index.php?rest_route=\/wp\/v2\/types\/post"}],"author":[{"embeddable":true,"href":"http:\/\/www.yvesalavo.ca\/index.php?rest_route=\/wp\/v2\/users\/1"}],"replies":[{"embeddable":true,"href":"http:\/\/www.yvesalavo.ca\/index.php?rest_route=%2Fwp%2Fv2%2Fcomments&post=311"}],"version-history":[{"count":1,"href":"http:\/\/www.yvesalavo.ca\/index.php?rest_route=\/wp\/v2\/posts\/311\/revisions"}],"predecessor-version":[{"id":312,"href":"http:\/\/www.yvesalavo.ca\/index.php?rest_route=\/wp\/v2\/posts\/311\/revisions\/312"}],"wp:attachment":[{"href":"http:\/\/www.yvesalavo.ca\/index.php?rest_route=%2Fwp%2Fv2%2Fmedia&parent=311"}],"wp:term":[{"taxonomy":"category","embeddable":true,"href":"http:\/\/www.yvesalavo.ca\/index.php?rest_route=%2Fwp%2Fv2%2Fcategories&post=311"},{"taxonomy":"post_tag","embeddable":true,"href":"http:\/\/www.yvesalavo.ca\/index.php?rest_route=%2Fwp%2Fv2%2Ftags&post=311"}],"curies":[{"name":"wp","href":"https:\/\/api.w.org\/{rel}","templated":true}]}}