{"id":313,"date":"2010-08-17T23:07:08","date_gmt":"2010-08-17T23:07:08","guid":{"rendered":"http:\/\/www.yvesalavo.ca\/?p=313"},"modified":"2010-08-17T23:07:08","modified_gmt":"2010-08-17T23:07:08","slug":"jean-karam","status":"publish","type":"post","link":"http:\/\/www.yvesalavo.ca\/?p=313","title":{"rendered":"JEAN KARAM"},"content":{"rendered":"<p>Depuis un quart de si\u00e8cle, le  professeur du <strong><em>D\u00e9partement des sciences sociales du Coll\u00e8ge  Ahuntsic<\/em><\/strong>, qui en a \u00e9t\u00e9 le chef jusqu\u2019en 2000, un v\u00e9ritable  pionnier qui est arriv\u00e9 au Qu\u00e9bec il y a trente deus ans venant de  Beyrouth (Liban), a plac\u00e9 son action sous le signe de la participation  et du changement. Jean Karam est un athl\u00e8te, un coureur de  fond dans le secteur de l\u2019enseignement, il n\u2019a cess\u00e9 de prendre des  initiatives en faveur des jeunes, au profit de toute notre soci\u00e9t\u00e9\u00a0: <em>Pour  moi la citoyennet\u00e9 est importante. La citoyennet\u00e9 dans le  sens du r\u00f4le d&rsquo;un \u00eatre humain dans une soci\u00e9t\u00e9, peu importe la  coloration ou la connotation qu&rsquo;on veut lui donner. Toute  mon action au Coll\u00e8ge a \u00e9t\u00e9 motiv\u00e9e par cette pr\u00e9occupation de la  citoyennet\u00e9 participante. J&rsquo;ai voulu informer le milieu sur  ce qui se passe dans le monde. Aider la communaut\u00e9  coll\u00e9giale \u00e0 s&rsquo;ouvrir sur le monde. Quand je suis arriv\u00e9 en  1969, ce n&rsquo;\u00e9tait pas \u00e9vident. Le Qu\u00e9bec \u00e9tait plut\u00f4t  ferm\u00e9. Je l&rsquo;ai accept\u00e9 comme tel et j&rsquo;ai voulu pallier \u00e0 ce  manque que j&rsquo;ai constat\u00e9. J&rsquo;appelle \u00e7a un \u00e9l\u00e9ment d\u2019int\u00e9gration,  accepter une soci\u00e9t\u00e9 et vouloir la changer. Agir pour  contribuer \u00e0 ce changement, agir pour que le Qu\u00e9bec s&rsquo;ouvre sur  l&rsquo;ext\u00e9rieur.<\/em><\/p>\n<p>Titulaire d\u2019une ma\u00eetrise  d\u2019enseignement, ma\u00eetrise \u00e8s-Arts en islamologie obtenue avec mention  Tr\u00e8s bien de l\u2019Universit\u00e9 McGill de Montr\u00e9al (1971), Jean Karam qui  avait d\u00e9j\u00e0 un dipl\u00f4me en litt\u00e9rature arabe de <strong><em>l\u2019Universit\u00e9  Saint-Joseph de Beyrouth<\/em><\/strong>, a d\u00e9ploy\u00e9 son avidit\u00e9 de savoir  et ouvert son champ de comp\u00e9tence en d\u00e9crochant une ma\u00eetrise \u00e8s-Sciences  en sciences politiques en 1973 de <strong><em>l\u2019Universit\u00e9 de Montr\u00e9al<\/em><\/strong>,  compl\u00e9t\u00e9 sa scolarit\u00e9 en doctorat, toujours en sciences politiques \u00e0 <strong><em>l\u2019Universit\u00e9  de Montr\u00e9al<\/em><\/strong> en 1975 et par la suite il a fait des \u00e9tudes  en droit \u00e0 <strong><em>l\u2019Universit\u00e9 de Montr\u00e9al<\/em><\/strong> et \u00e0 <strong><em>l\u2019Universit\u00e9  du Qu\u00e9bec \u00e0 Montr\u00e9al<\/em><\/strong>. Ce p\u00e9dagogue  exceptionnel a toujours consacr\u00e9 l&rsquo;essentiel de ses \u00e9nergie \u00e0 la  formation, \u00e0 l\u2019enseignement des langues, il a enseign\u00e9 la langue arabe  de 1970 \u00e0 1986 \u00e0 <strong><em>l\u2019Institute of Islamic Studies<\/em><\/strong> et au <strong><em>Continuing Education<\/em><\/strong> de <strong><em>l\u2019Universit\u00e9  McGill<\/em><\/strong>.<\/p>\n<p>Jean Karam est un professeur, un  organisateur, un homme d\u2019\u00e9quipe qui participe, qui a d\u00e9velopp\u00e9 un mode  de contribution au perfectionnement de l\u2019institution, dans ce cas le  Coll\u00e8ge Ahuntsic, dans laquelle il travaille. Il est  actif dans le monde de la recherche et de l\u2019\u00e9ducation, mais souvent  aupr\u00e8s d\u2019organismes qui ont une vocation internationale\u00a0: Membre du <strong><em>Conseil  des relations internationales de Montr\u00e9al<\/em><\/strong> (CORIM), du  bureau de direction de la <strong><em>Soci\u00e9t\u00e9 canadienne de sciences  politiques<\/em><\/strong>, du bureau de la section de Montr\u00e9al de <strong><em>l\u2019Institut  canadien des affaires internationales<\/em><\/strong>. Il a  particip\u00e9 \u00e0 la pr\u00e9paration de nombreux dossiers bibliographiques, \u00e9tudes  pour plusieurs institutions politiques canadiennes et qu\u00e9b\u00e9coises,  membre du Comit\u00e9 ex\u00e9cutif du <strong><em>Centre qu\u00e9b\u00e9cois des relations  internationales<\/em><\/strong> et il a organis\u00e9 pour les \u00e9tudiants de  nombreux voyages \u00e0 New York (ONU, OEA), Bruxelles (CEE, OTAN), Paris  (Francophonie, UNESCO), Washington (politique \u00e9trang\u00e8re am\u00e9ricaine).<\/p>\n<p>Donnons la parole \u00e0 Jean Karam, car  pouvoir cerner l\u2019action de ce castor de l\u2019intelligence et de cet  enseignant qui mise sur l\u2019ouverture d\u2019esprit pour les \u00e9tudiants  demanderait un espace consid\u00e9rable, tellement il a obtenu de r\u00e9sultats  dans ce domaine avec une vision aussi novatrice. Sur la  signification de son action, il dit\u00a0: <em>Essentiellement j&rsquo;ai \u00e9t\u00e9 chef  de d\u00e9partement pendant 26 ans et je m&rsquo;\u00e9tais fix\u00e9 de faire cohabiter cinq  disciplines en harmonie, de veiller \u00e0 ce que tout ce beau monde  s&rsquo;entendent entre eux malgr\u00e9 leurs horizons disciplinaires diff\u00e9rents.   \u00c9galement, je suis tr\u00e8s fier d&rsquo;avoir amen\u00e9 des \u00e9tudiants \u00e0  s&rsquo;int\u00e9resser \u00e0 la politique. Parce que des jeunes ont suivi  mes cours, ils se sont dirig\u00e9s vers des \u00e9tudes en politique ou encore  ils se sont engag\u00e9s dans l&rsquo;action politique d\u2019une fa\u00e7on ou d&rsquo;une autre. <\/em><\/p>\n<p><em>Comme enseignant, je crois que  si l&rsquo;on se donne la peine d&rsquo;encadrer nos \u00e9tudiants, on a une influence  majeure sur eux. Donc mon action la plus significative  demeure celle que j\u2019ai accomplie dans mon milieu. Je peux  aussi vous parler de \u00ab\u00a0mon b\u00e9b\u00e9\u00a0\u00bb Le Forum \u00e9tudiant qui est une simulation  des travaux parlementaires \u00e0 l\u2019Assembl\u00e9e Nationale du Qu\u00e9bec. C&rsquo;est  le 10<sup>e <\/sup>anniversaire cette ann\u00e9e du Forum qui permet aux  \u00e9tudiants de niveau coll\u00e9gial de v\u00e9ritablement vivre la d\u00e9mocratie et  ses limites.<\/em><\/p>\n<p>Au c\u0153ur des enjeux de notre  soci\u00e9t\u00e9, au milieu des jeunes qui sont, il le voit chaque ann\u00e9e, ceux  qui prennent le relais comme chefs de file de toutes les institutions,  des mouvements sociaux, Jean Karam est en mouvement mais toujours  passionn\u00e9 par l\u2019expression de la d\u00e9mocratie. C\u2019est appartenir \u00e0 une  culture du changement qu\u2019\u00eatre dans le monde de l\u2019\u00e9ducation, en premi\u00e8re  ligne avec la frange mouvante de la soci\u00e9t\u00e9 que sont les jeunes de 17 \u00e0  23 ans et souvent aussi les jeunes adultes ou les adultes  qui fr\u00e9quentent le c\u00e9gep.<\/p>\n<p>Jean Karam est pr\u00e9cis sur l\u2019avenir  des relations intercommunautaires\u00a0: <em>Ce sont des relations tr\u00e8s  fragiles. Un rien peut les remettre en cause. \u00c7a  m&rsquo;inqui\u00e8te. Il y a du ghettoisme qui se fait \u00e0 Montr\u00e9al.  L\u00e0-dessus je suis plut\u00f4t pessimiste. Je n\u2019ai pas la  recette pour amener les immigrants \u00e0 appr\u00e9cier ce qu\u2019il y a ici. Ni  pour amener les Qu\u00e9b\u00e9cois \u00e0 reconna\u00eetre l&rsquo;apport des autres cultures.  Ce n&rsquo;est pas un sens unique. C&rsquo;est cet \u00e9quilibre-l\u00e0  qui est difficile. Au Qu\u00e9bec on n&rsquo;a pas trouv\u00e9 la fa\u00e7on  d&rsquo;attirer les immigrants et de faire valoir ce qu&rsquo;on a, la d\u00e9mocratie  que l\u2019on a. Une d\u00e9mocratie avec ses limites, bien s\u00fbr, mais  une d\u00e9mocratie qui a besoin de la participation de tous ses citoyens.  La tol\u00e9rance l\u00e9gendaire des Qu\u00e9b\u00e9cois envers la diversit\u00e9  culturelle, \u00e7a ne peut pas \u00eatre bas\u00e9 seulement sur le principe des deux  solitudes et d&rsquo;en ajouter une troisi\u00e8me, la solitude immigrante. Cette  r\u00e9ponse qu\u2019un Am\u00e9ricain fait \u00e0 un Canadien qui lui demande pourquoi il  l&rsquo;ignore : I don\u2019t know and I dont care, n&rsquo;est plus acceptable. C&rsquo;est  un devoir citoyen de s&rsquo;informer, c&rsquo;est un devoir citoyen de se  pr\u00e9occuper de la r\u00e9alit\u00e9 de l&rsquo;autre.<\/em><\/p>\n","protected":false},"excerpt":{"rendered":"<p>Depuis un quart de si\u00e8cle, le professeur du D\u00e9partement des sciences sociales du Coll\u00e8ge Ahuntsic, qui en a \u00e9t\u00e9 le chef jusqu\u2019en 2000, un v\u00e9ritable pionnier qui est arriv\u00e9 au Qu\u00e9bec il y a trente deus ans venant de Beyrouth (Liban), a plac\u00e9 son action sous le signe de la participation et du changement. Jean [&hellip;]<\/p>\n","protected":false},"author":1,"featured_media":0,"comment_status":"open","ping_status":"open","sticky":false,"template":"","format":"standard","meta":{"_bbp_topic_count":0,"_bbp_reply_count":0,"_bbp_total_topic_count":0,"_bbp_total_reply_count":0,"_bbp_voice_count":0,"_bbp_anonymous_reply_count":0,"_bbp_topic_count_hidden":0,"_bbp_reply_count_hidden":0,"_bbp_forum_subforum_count":0,"_et_pb_use_builder":"","_et_pb_old_content":"","_et_gb_content_width":""},"categories":[19],"tags":[],"_links":{"self":[{"href":"http:\/\/www.yvesalavo.ca\/index.php?rest_route=\/wp\/v2\/posts\/313"}],"collection":[{"href":"http:\/\/www.yvesalavo.ca\/index.php?rest_route=\/wp\/v2\/posts"}],"about":[{"href":"http:\/\/www.yvesalavo.ca\/index.php?rest_route=\/wp\/v2\/types\/post"}],"author":[{"embeddable":true,"href":"http:\/\/www.yvesalavo.ca\/index.php?rest_route=\/wp\/v2\/users\/1"}],"replies":[{"embeddable":true,"href":"http:\/\/www.yvesalavo.ca\/index.php?rest_route=%2Fwp%2Fv2%2Fcomments&post=313"}],"version-history":[{"count":1,"href":"http:\/\/www.yvesalavo.ca\/index.php?rest_route=\/wp\/v2\/posts\/313\/revisions"}],"predecessor-version":[{"id":314,"href":"http:\/\/www.yvesalavo.ca\/index.php?rest_route=\/wp\/v2\/posts\/313\/revisions\/314"}],"wp:attachment":[{"href":"http:\/\/www.yvesalavo.ca\/index.php?rest_route=%2Fwp%2Fv2%2Fmedia&parent=313"}],"wp:term":[{"taxonomy":"category","embeddable":true,"href":"http:\/\/www.yvesalavo.ca\/index.php?rest_route=%2Fwp%2Fv2%2Fcategories&post=313"},{"taxonomy":"post_tag","embeddable":true,"href":"http:\/\/www.yvesalavo.ca\/index.php?rest_route=%2Fwp%2Fv2%2Ftags&post=313"}],"curies":[{"name":"wp","href":"https:\/\/api.w.org\/{rel}","templated":true}]}}