{"id":321,"date":"2010-08-17T23:10:52","date_gmt":"2010-08-17T23:10:52","guid":{"rendered":"http:\/\/www.yvesalavo.ca\/?p=321"},"modified":"2010-08-17T23:10:52","modified_gmt":"2010-08-17T23:10:52","slug":"samira-salem","status":"publish","type":"post","link":"http:\/\/www.yvesalavo.ca\/?p=321","title":{"rendered":"SAMIRA SALEM"},"content":{"rendered":"<p>Pendant douze ans, elle a \u00e9t\u00e9  membre du Barreau d\u2019Alger, de 1983 \u00e0 1995 (Alg\u00e9rie), alors que son  exp\u00e9rience, elle l\u2019a construite dans le domaine de la  pratique. D\u00e9j\u00e0 quatre ans auparavant, d\u00e8s 1979, elle  assumait la responsabilit\u00e9 de l\u2019administration et du fonctionnement de  la direction des affaires juridiques d\u2019une grande entreprise  parapublique qui monopolise la commercialisation des hydrocarbures.  Elle d\u00e9veloppait ainsi ses comp\u00e9tences en contentieux  d\u2019entreprise. Dans sa pratique priv\u00e9e, Me Samira Salem  repr\u00e9sentait plusieurs compagnies nationales et des compagnies  \u00e9trang\u00e8res accr\u00e9dit\u00e9es en Alg\u00e9rie, devant les sections et chambres  commerciales et civiles des tribunaux alg\u00e9riens.<\/p>\n<p>Elle a eu l\u2019occasion de  contribuer \u00e0 la mise en place de solutions dans le dossier tr\u00e8s  m\u00e9diatis\u00e9 en France de la probl\u00e9matique de la double nationalit\u00e9 des  enfants issus de parents mixtes (Alg\u00e9riens \/Fran\u00e7ais) et la question de  l\u2019exercice de la tutelle de ces enfants en cas de rupture du lien  conjugal des parents (conflit de lois en droit international priv\u00e9) ; Me  Samira Salem repr\u00e9sentait aussi quelques avocats \u00e9trangers  qui avaient des causes pendantes au niveau des tribunaux alg\u00e9riens.<\/p>\n<p>Il y a six ans, pour les raisons  que nous connaissons, la dipl\u00f4m\u00e9e en Droit et Sciences juridiques de la  Facult\u00e9 de Droit de <strong><em>l\u2019Universit\u00e9 d\u2019Alger<\/em><\/strong> (Alg\u00e9rie), dipl\u00f4m\u00e9e aussi en Relations publiques et Communications de <strong><em>l\u2019\u00c9cole  internationale de Gen\u00e8ve<\/em><\/strong> (Suisse), avocate connue, quitte  le pays natal. Me Samira Salem est arriv\u00e9e \u00e0 Montr\u00e9al au  cours de l\u2019\u00e9t\u00e9 1995 avec son conjoint et ses trois enfants. Imm\u00e9diatement  elle s\u2019engage, enseigne le fran\u00e7ais aux nouveaux immigrants au centre  communautaire de son quartier d\u2019adoption. Apr\u00e8s 6 mois,  elle d\u00e9m\u00e9nage et se rapproche du centre ville. Elle  contacte alors <strong><em>le Centre des femmes de Montr\u00e9al<\/em><\/strong> o\u00f9 elle travaille (1997 et 1998) principalement aupr\u00e8s des femmes  nouvellement arriv\u00e9es au Qu\u00e9bec, pour leur fournir aide, appui et  conseils n\u00e9cessaires \u00e0 leur processus d\u2019\u00e9tablissement et \u00e0 leur  int\u00e9gration, elle pr\u00e9cise\u00a0<em>: Je vivais les m\u00eames  probl\u00e8mes que ces femmes vivaient, ce qui m\u2019a motiv\u00e9 davantage au niveau  de mon implication dans cette mission, et m\u2019a encourag\u00e9 \u00e0 vivre ces  moments difficiles qui sont le lot de tous les nouveaux arrivants.<\/em><\/p>\n<p>Puis Me Samira Salem d\u00e9croche un  contrat aupr\u00e8s de <strong><em>SNC-LAVALIN<\/em><\/strong> comme  consultante en formation. Elle organise et anime des cours  et des s\u00e9minaires au profit de jeunes cadres venus se former \u00e0 Montr\u00e9al.  \u00c0 la fin de son contrat, elle prend une d\u00e9cision qui va changer  son parcours. Face aux nouveaux horizons personnels, elle  va retrouver les bancs de la Facult\u00e9 de droit \u00e0 <strong><em>l\u2019Universit\u00e9  du Qu\u00e9bec \u00e0 Montr\u00e9al<\/em><\/strong>, elle r\u00e9ussit son baccalaur\u00e9at et  puis c\u2019est le Barreau, en 2001 elle en est membre et avocate une fois de  plus\u00a0: <em>Les \u00e9tudes de droit sont tr\u00e8s exigeantes, je n\u2019avais pas  l\u2019\u00e9nergie des jeunes qui m\u2019entouraient, mais je crois que j\u2019avais plus  de courage et de d\u00e9termination, c\u2019est ce qui m\u2019a sauv\u00e9. C\u2019\u00e9tait  une tr\u00e8s belle exp\u00e9rience, j\u2019ai beaucoup appris, c\u2019\u00e9tait tr\u00e8s  int\u00e9ressant et je me suis fait beaucoup d\u2019amis.<\/em><\/p>\n<p>Son \u00e9nergie, Me Samira Salem la  renouvelle dans la succession de d\u00e9fis qu\u2019elle se donne, malgr\u00e9 les  difficult\u00e9s. Elle puise une force \u00e9tonnante, cette force  ma\u00eetris\u00e9e qui caract\u00e9rise les femmes d\u2019Alg\u00e9rie, faite de ferme volont\u00e9  et d\u2019opini\u00e2tre douceur face \u00e0 l\u2019adversit\u00e9 de la vie. Samira  Salem est motiv\u00e9e par ses enfants\u00a0: <em>Mon retour aux \u00e9tudes pour  l\u2019acquisition de mon permis d\u2019exercice de la profession d\u2019avocate se  justifie aussi par un autre motif. Je voulais constituer  une r\u00e9f\u00e9rence pour mes enfants (une image vaut mille mots) et pour  l\u2019ensemble des  enfants de ma communaut\u00e9 \u00e0 qui je voulais  transmettre le message suivant\u00a0: \u201c\u00a0Il est possible de se refaire  ailleurs et de r\u00e9ussir, c\u2019est une question de volont\u00e9 et de courage\u00a0\u201d<\/em>.  Elle va plus loin dans son analyse\u00a0: <em>Psychologiquement, j\u2019a  senti comme un devoir de retourner \u00e0 l\u2019universit\u00e9 pour comprendre les  principes fondamentaux du syst\u00e8me juridique de la soci\u00e9t\u00e9 d\u2019accueil afin  de pouvoir m\u2019en servir au profit de ma communaut\u00e9 et \u00e9viter \u00e0 celle-ci  de commettre des erreurs (parfois tr\u00e8s lourdes de cons\u00e9quences) et lui  \u00e9viter de se faire condamner pour des infractions \u00e0 des lois mal  comprises<\/em>.<\/p>\n<p>Elle est membre fondateur de <strong><em>l\u2019Association  \u201c\u00a0Enfants d\u2019Alg\u00e9rie<\/em> \u201d<\/strong> un organisme sans but lucratif qui  vient en aide aux enfants en difficult\u00e9 en Alg\u00e9rie, notamment des  orphelins dont les parents ont \u00e9t\u00e9 victimes d\u2019actes terroristes. Me  Samira Salem est aussi avocate b\u00e9n\u00e9vole <strong><em>au Centre culturel  alg\u00e9rien<\/em><\/strong>, o\u00f9 elle rencontre des immigrants pour les guider  et les conseiller notamment par rapport \u00e0 leur statut juridique face \u00e0  la loi sur l\u2019immigration et aussi autour des questions li\u00e9es au droit  familial. Cette vocation d\u2019aide, elle en fait un moteur de  son action, participer \u00e0 l\u2019am\u00e9lioration des conditions de vie de tous  comme meilleur rem\u00e8de \u00e0 cette vague latente de x\u00e9nophobie qui est  souvent subtile. Elle explique\u00a0: <em>Face \u00e0 cette  situation, je me suis sentie comme interpell\u00e9e par ma communaut\u00e9  culturelle, j\u2019ai alors \u00e9prouv\u00e9 un sentiment \u201c\u00a0bizarre\u201d en  ce sens que j\u2019avais l\u2019impression d\u2019\u00eatre la personne \u201cla mieux plac\u00e9e\u201d  autrement dit, la personne sur laquelle reposait  l\u2019obligation d\u2019aller chercher la compr\u00e9hension des textes de loi. Devant  la complexit\u00e9 des m\u00e9canismes juridiques du pays d\u2019accueil et devant le  questionnement de ma communaut\u00e9 face \u00e0 ce syst\u00e8me (les moyens mat\u00e9riels  de la communaut\u00e9 ne permettent pas d\u2019aller consulter un avocat pour  avoir l\u2019explication du contenu d\u2019une loi), j\u2019ai mis en place une adresse  \u00e9lectronique qui permet aux membres de ma communaut\u00e9 de m\u2019interroger  virtuellement sur des questions qui les pr\u00e9occupent pour les \u00e9clairer le  mieux que je peux sur certains points de droit.<strong> <\/strong><\/em><\/p>\n<p><em> <\/em><\/p>\n<p>Le sens de ses actions, Me  Samira Salem le trouve en elle, elle s\u2019est donn\u00e9e les moyens d\u2019\u00eatre plus  active dans notre soci\u00e9t\u00e9, apporter un soutien \u00e0 une  participation plus effective des communaut\u00e9s ethnoculturelles \u00e0 la  construction d\u2019un Qu\u00e9bec cosmopolite et riche des apports de tous\u00a0: <em>\u00c0  ce titre j\u2019agis comme avocate b\u00e9n\u00e9vole aupr\u00e8s de ma communaut\u00e9  culturelle pour l\u2019aider \u00e0 r\u00e9ussir son \u00e9tablissement et son int\u00e9gration \u00e0  la soci\u00e9t\u00e9 d\u2019accueil, en l\u2019informant sur ses droits et obligations, en  lui assurant aide et appui par des conseils. J\u2019essaye, du  mieux que je peux, de faire profiter les nouveaux immigrants de ma  propre exp\u00e9rience et des exp\u00e9riences v\u00e9cues par d\u2019autres immigrants afin  de multiplier leurs chances de r\u00e9ussite.<\/em> Pour Me  Samira Salem, l\u2019avenir des liens entres les communaut\u00e9s passent par  l\u2019int\u00e9gration, c\u2019est-\u00e0-dire, la dignit\u00e9 que conf\u00e8re le travail, un  emploi qui ouvre les portes de la participation v\u00e9ritable \u00e0 la  construction de la soci\u00e9t\u00e9.<\/p>\n","protected":false},"excerpt":{"rendered":"<p>Pendant douze ans, elle a \u00e9t\u00e9 membre du Barreau d\u2019Alger, de 1983 \u00e0 1995 (Alg\u00e9rie), alors que son exp\u00e9rience, elle l\u2019a construite dans le domaine de la pratique. D\u00e9j\u00e0 quatre ans auparavant, d\u00e8s 1979, elle assumait la responsabilit\u00e9 de l\u2019administration et du fonctionnement de la direction des affaires juridiques d\u2019une grande entreprise parapublique qui monopolise [&hellip;]<\/p>\n","protected":false},"author":1,"featured_media":0,"comment_status":"open","ping_status":"open","sticky":false,"template":"","format":"standard","meta":{"_bbp_topic_count":0,"_bbp_reply_count":0,"_bbp_total_topic_count":0,"_bbp_total_reply_count":0,"_bbp_voice_count":0,"_bbp_anonymous_reply_count":0,"_bbp_topic_count_hidden":0,"_bbp_reply_count_hidden":0,"_bbp_forum_subforum_count":0,"_et_pb_use_builder":"","_et_pb_old_content":"","_et_gb_content_width":""},"categories":[19],"tags":[],"_links":{"self":[{"href":"http:\/\/www.yvesalavo.ca\/index.php?rest_route=\/wp\/v2\/posts\/321"}],"collection":[{"href":"http:\/\/www.yvesalavo.ca\/index.php?rest_route=\/wp\/v2\/posts"}],"about":[{"href":"http:\/\/www.yvesalavo.ca\/index.php?rest_route=\/wp\/v2\/types\/post"}],"author":[{"embeddable":true,"href":"http:\/\/www.yvesalavo.ca\/index.php?rest_route=\/wp\/v2\/users\/1"}],"replies":[{"embeddable":true,"href":"http:\/\/www.yvesalavo.ca\/index.php?rest_route=%2Fwp%2Fv2%2Fcomments&post=321"}],"version-history":[{"count":2,"href":"http:\/\/www.yvesalavo.ca\/index.php?rest_route=\/wp\/v2\/posts\/321\/revisions"}],"predecessor-version":[{"id":323,"href":"http:\/\/www.yvesalavo.ca\/index.php?rest_route=\/wp\/v2\/posts\/321\/revisions\/323"}],"wp:attachment":[{"href":"http:\/\/www.yvesalavo.ca\/index.php?rest_route=%2Fwp%2Fv2%2Fmedia&parent=321"}],"wp:term":[{"taxonomy":"category","embeddable":true,"href":"http:\/\/www.yvesalavo.ca\/index.php?rest_route=%2Fwp%2Fv2%2Fcategories&post=321"},{"taxonomy":"post_tag","embeddable":true,"href":"http:\/\/www.yvesalavo.ca\/index.php?rest_route=%2Fwp%2Fv2%2Ftags&post=321"}],"curies":[{"name":"wp","href":"https:\/\/api.w.org\/{rel}","templated":true}]}}