{"id":326,"date":"2010-08-17T23:16:22","date_gmt":"2010-08-17T23:16:22","guid":{"rendered":"http:\/\/www.yvesalavo.ca\/?p=326"},"modified":"2010-08-17T23:16:22","modified_gmt":"2010-08-17T23:16:22","slug":"eva-de-gosztonyi-2","status":"publish","type":"post","link":"http:\/\/www.yvesalavo.ca\/?p=326","title":{"rendered":"EVA DE GOSZTONYI"},"content":{"rendered":"<p>C\u2019est l\u2019ann\u00e9e de ses quatre-vingt ans, Eva de Gosztonyi a commenc\u00e9 \u00e0 \u00eatre f\u00eat\u00e9, sa famille vient de la c\u00e9l\u00e9brer.\u00a0 Ses trois enfants, ses cinq petits enfants et tout le clan viennent de c\u00e9l\u00e9brer le succ\u00e8s \u00e9clatant d\u2019une vie qui a d\u00e9but\u00e9 en Hongrie et qui se d\u00e9veloppe depuis plus de cinquante ans \u00e0 Montr\u00e9al.\u00a0 Trois enfants qui sont au centre de son existence.\u00a0 Tous ont r\u00e9ussi de brillantes \u00e9tudes universitaires\u00a0: un professeur d\u2019histoire de l\u2019art qui vit \u00e0 Montr\u00e9al, un psychologue qui vit au Yukon et un ing\u00e9nieur qui vit \u00e0 Ottawa.\u00a0 Dot\u00e9e d\u2019une \u00e9nergie exceptionnelle, fi\u00e8re de parler de nombreuses langues, hongrois, allemand, fran\u00e7ais, Eva de Gosztonyi est issue d\u2019une grande famille bourgeoise, les Pinter, du centre de l\u2019Europe qu\u2019elle a fui \u00e0 vingt-six ans en 1949 avec un dipl\u00f4me universitaire en \u00e9conomie et commerce.<\/p>\n<p>Le r\u00e9cit de la vie de madame de Gosztonyi est un vrai roman, une aventure vers la libert\u00e9, loin des massacres du r\u00e9gime stalinien et des affres de la deuxi\u00e8me Guerre mondiale.\u00a0 Elle a des convictions\u00a0: \u00ab <em>Le but de mes actions est en effet de faciliter l\u2019int\u00e9gration des\u00a0 immigrants\u00a0 en les encourageant a conserver\u00a0 les caract\u00e9ristiques de leur culture nationale, de leur langue et de leurs traditions.\u00a0 Ainsi, ils enrichissent\u00a0 leur pays adoptif.\u00a0 En plus, la promotion des \u00e9tudes et le perfectionnement des deux langues officielles du pays sont\u00a0 pour moi tr\u00e8s importants \u00bb.<\/em><\/p>\n<p>Sp\u00e9cialiste des litt\u00e9ratures fran\u00e7aise, anglaise, allemande et italienne, madame Eva de Gosztonyi a consacr\u00e9 sa vie professionnelle de biblioth\u00e9caire en milieu scolaire aux jeunes.\u00a0 Plus tard, elle a poursuivi son \u0153uvre d\u2019\u00e9ducatrice.\u00a0 Ses r\u00e9alisations sont pleines de cette g\u00e9n\u00e9rosit\u00e9.\u00a0 Elles donnent un sens \u00e0 son engagement\u00a0:\u00a0 \u00ab <em>Mes exp\u00e9riences personnelles avec les enfants, comme biblioth\u00e9caire,\u00a0 et comme guide, au mus\u00e9e du Ch\u00e2teau Ramezay, \u00e9taient tr\u00e8s satisfaisantes.\u00a0 La possibilit\u00e9 d\u2019ouvrir les horizons,\u00a0 de donner une vue sur le monde par la lecture est un moyen\u00a0 int\u00e9ressant de faire conna\u00eetre l\u2019histoire du\u00a0 Canada et de celle de l\u2019Europe.\u00a0 C\u2019est ce que j\u2019ai fait pendant trente ans de travail au Ch\u00e2teau Ramzay.\u00a0 Pour moi, c\u2019est une victoire.\u00a0 Notre client\u00e8le \u00e9tait toujours tr\u00e8s vari\u00e9e, elle provenait de tous les coins du monde entier.\u00a0 Ces activit\u00e9s donnent l\u2019esp\u00e9rance qu\u2019un grand nombre de jeunes ont su profiter de mes efforts \u00bb.<\/em><\/p>\n<p>Elle est profond\u00e9ment unie \u00e0 la communaut\u00e9, engag\u00e9e, et vit sa foi dans le concret des apostolats du dioc\u00e8se. Elle est membre de <em>La Vie montante<\/em> et de nombreux mouvements religieux.\u00a0 Sa participation comme Chevalier de l\u2019Ordre de Malte est inscrite dans la coh\u00e9rence de ses choix.\u00a0 Pour elle, les relations entre ses communaut\u00e9s d\u2019appartenance et la soci\u00e9t\u00e9 d\u2019ici, qu\u2019elle baptise d\u2019adoptive, se tissent autour des valeurs de base.\u00a0 Les meilleurs investissements pour les membres de la communaut\u00e9 d\u2019origine hongroise, ceux des g\u00e9n\u00e9rations qui se succ\u00e8dent au fil des vagues d\u2019immigration, sont pour Eva de Gosztonyi, les investissements consacr\u00e9s \u00e0 l\u2019\u00e9ducation, aux \u00e9tudes\u00a0: \u00ab <em>Si on prend la communaut\u00e9 hongroise,\u00a0 la plupart de ses membres s\u2019adaptent tr\u00e8s bien.\u00a0 Ceux qui sont\u00a0 capables d\u2019apprendre les langues facilement se place mieux.\u00a0 Nous, les parents qui\u00a0 sommes arriv\u00e9s avec une bonne \u00e9ducation, mais sans un sous, nous avons r\u00e9ussi dans un pays nouveau, sur un continent inconnu et \u00e9tranger.\u00a0 Nous avons soulign\u00e9, pour la prochaine g\u00e9n\u00e9ration, que l\u2019\u00e9ducation est de premi\u00e8re importance.\u00a0 On peut tout perdre, mais ce qu\u2019on sait reste toujours avec nous.\u00a0 Cette th\u00e9orie s\u2019applique aussi bien \u00e0 l\u2019artisanat\u00a0 qu\u2019\u00e0 l\u2019\u00e9ducation en g\u00e9n\u00e9ral.\u00a0 Pour l\u2018avenir, les possibilit\u00e9s existent.\u00a0 La jeunesse hongroise semble \u00eatre bien dispos\u00e9e \u00e0\u00a0 prendre sa place dans la soci\u00e9t\u00e9 d\u2019accueil.\u00a0 Naturellement, il y a toujours des succ\u00e8s et des faillites, mais c\u2019est in\u00e9vitable \u00bb.<\/em><\/p>\n","protected":false},"excerpt":{"rendered":"<p>C\u2019est l\u2019ann\u00e9e de ses quatre-vingt ans, Eva de Gosztonyi a commenc\u00e9 \u00e0 \u00eatre f\u00eat\u00e9, sa famille vient de la c\u00e9l\u00e9brer.\u00a0 Ses trois enfants, ses cinq petits enfants et tout le clan viennent de c\u00e9l\u00e9brer le succ\u00e8s \u00e9clatant d\u2019une vie qui a d\u00e9but\u00e9 en Hongrie et qui se d\u00e9veloppe depuis plus de cinquante ans \u00e0 Montr\u00e9al.\u00a0 [&hellip;]<\/p>\n","protected":false},"author":1,"featured_media":0,"comment_status":"open","ping_status":"open","sticky":false,"template":"","format":"standard","meta":{"_bbp_topic_count":0,"_bbp_reply_count":0,"_bbp_total_topic_count":0,"_bbp_total_reply_count":0,"_bbp_voice_count":0,"_bbp_anonymous_reply_count":0,"_bbp_topic_count_hidden":0,"_bbp_reply_count_hidden":0,"_bbp_forum_subforum_count":0,"_et_pb_use_builder":"","_et_pb_old_content":"","_et_gb_content_width":""},"categories":[15],"tags":[],"_links":{"self":[{"href":"http:\/\/www.yvesalavo.ca\/index.php?rest_route=\/wp\/v2\/posts\/326"}],"collection":[{"href":"http:\/\/www.yvesalavo.ca\/index.php?rest_route=\/wp\/v2\/posts"}],"about":[{"href":"http:\/\/www.yvesalavo.ca\/index.php?rest_route=\/wp\/v2\/types\/post"}],"author":[{"embeddable":true,"href":"http:\/\/www.yvesalavo.ca\/index.php?rest_route=\/wp\/v2\/users\/1"}],"replies":[{"embeddable":true,"href":"http:\/\/www.yvesalavo.ca\/index.php?rest_route=%2Fwp%2Fv2%2Fcomments&post=326"}],"version-history":[{"count":1,"href":"http:\/\/www.yvesalavo.ca\/index.php?rest_route=\/wp\/v2\/posts\/326\/revisions"}],"predecessor-version":[{"id":327,"href":"http:\/\/www.yvesalavo.ca\/index.php?rest_route=\/wp\/v2\/posts\/326\/revisions\/327"}],"wp:attachment":[{"href":"http:\/\/www.yvesalavo.ca\/index.php?rest_route=%2Fwp%2Fv2%2Fmedia&parent=326"}],"wp:term":[{"taxonomy":"category","embeddable":true,"href":"http:\/\/www.yvesalavo.ca\/index.php?rest_route=%2Fwp%2Fv2%2Fcategories&post=326"},{"taxonomy":"post_tag","embeddable":true,"href":"http:\/\/www.yvesalavo.ca\/index.php?rest_route=%2Fwp%2Fv2%2Ftags&post=326"}],"curies":[{"name":"wp","href":"https:\/\/api.w.org\/{rel}","templated":true}]}}