{"id":330,"date":"2010-08-17T23:19:29","date_gmt":"2010-08-17T23:19:29","guid":{"rendered":"http:\/\/www.yvesalavo.ca\/?p=330"},"modified":"2010-08-17T23:19:29","modified_gmt":"2010-08-17T23:19:29","slug":"karmela-krleza-jeric-2","status":"publish","type":"post","link":"http:\/\/www.yvesalavo.ca\/?p=330","title":{"rendered":"KARMELA KRLEZA-JERIC"},"content":{"rendered":"<p>Docteur en m\u00e9decine depuis trente-trois ans, Karmela Krleza-Jeric est sp\u00e9cialiste en sant\u00e9 publique.\u00a0 Elle est titulaire d\u2019une ma\u00eetrise en \u00e9pid\u00e9miologie de l\u2019universit\u00e9 de Zagreb.\u00a0 Cette femme remarquable est une scientifique de premier niveau.\u00a0 Elle a ajout\u00e9 \u00e0 ses qualifications en m\u00e9decine sociale et \u00e0 son exp\u00e9rience (de 1977 \u00e0 1986) avec l\u2019Organisation mondiale de la sant\u00e9 (OMS) comme conseill\u00e8re sur les questions de sant\u00e9 internationale, en lien avec l\u2019\u00e9conomie et la planification des syst\u00e8mes de sant\u00e9, un doctorat en sciences qui lui permit de r\u00e9diger un th\u00e8se (Universit\u00e9 de Zagreb, Croatie, 1991) sur les facteurs de risque du cancer gastro-intestinal.<\/p>\n<p>Pour son conjoint et leur trois enfants, tout bascule au tournant des ann\u00e9es 90 quand les ravages de la guerre en ex-Yougoslavie les conduisent sur les chemins de l\u2019exil.\u00a0 Karmela Krleza-Jeric qui avait \u00e9t\u00e9 boursi\u00e8re Fullbright en de 1975 \u00e0 1977 de l\u2019American\u00a0 Health Foundation de New York et\u00a0 qui avait assum\u00e9 de 1985 \u00e0 1990 la direction du d\u00e9partement de pr\u00e9vention de la R\u00e9gie d\u2019assurance des pensions et des invalidit\u00e9s de la R\u00e9publique de Croatie, se retrouvait \u00e0 un \u00ab deuxi\u00e8me d\u00e9but \u00bb.\u00a0 Elle entre \u00e0 l\u2019Universit\u00e9 de Montr\u00e9al en post-doctorat et travaille pour le Groupe de recherche interdisciplinaire en sant\u00e9 (GRIS).\u00a0 En 1993, elle fonde le Projet ZORA.\u00a0 Elle en assume la direction jusqu\u2019en 1996.\u00a0 Ce projet a comme principal objectif, de venir en aide et de contribuer \u00e0 la r\u00e9habilitation des femmes victimes de violence, des femmes d\u00e9truites par la guerre en Croatie et en Bosnie-Herz\u00e9govine.<\/p>\n<p>D\u2019\u00e9tape en \u00e9tape, Karmela Krleza-Jeric fonce, elle est engag\u00e9e au travail.\u00a0 En 1995-1996, en tant que directrice du secteur de la gestion en sant\u00e9 internationale pour le Groupe Benefit Canada Inc, elle coordonne un projet en Bulgarie.\u00a0 Ensuite, elle est coordonnatrice de 1998 \u00e0 2000 du Projet d\u2019engagement communautaire du quartier Notre-Dame-de-Gr\u00e2ce o\u00f9 elle vit\u00a0: \u00ab<em>Ma passion, c\u2019est la population. Comme m\u00e9decin sp\u00e9cialiste en sant\u00e9 publique j\u2019analyse et je planifie.\u00a0 En Croatie ou ici je suis engag\u00e9e dans des activit\u00e9s qui visent \u00e0 am\u00e9liorer la vie de la population.\u00a0 Je suis engag\u00e9e dans la communaut\u00e9, il y a une unit\u00e9 totale en ma personne du point de vue professionnel et social, avec la soci\u00e9t\u00e9 en g\u00e9n\u00e9ral ou au sein de la communaut\u00e9 croate.\u00a0 J\u2019ai besoin d\u2019\u00eatre engag\u00e9e pour une vie meilleure de la population.\u00a0 Je plonge avec la m\u00eame \u00e9nergie et de tout c\u0153ur dans mes engagements<\/em>\u00bb.<\/p>\n<p>Depuis trois ans, elle exerce et met \u00e0 profit ses talents d\u2019agente de programmes en recherche clinique pour l\u2019Institut de recherche en sant\u00e9 du Canada, apr\u00e8s avoir \u0153uvr\u00e9 au sein de la Fondation canadienne de la recherche sur les services de sant\u00e9.\u00a0 Karmela Krleza-Jeric explique\u00a0: \u00ab<em>Je travaille avec conviction afin de m\u2019assurer de la qualit\u00e9 des recherches que nous finan\u00e7ons.\u00a0 J\u2019effectue des analyses qui permettent une meilleure planification des ressources humaines et la diffusion des r\u00e9sultats\u00bb.<\/em><\/p>\n<p>Qu\u2019est ce qui fait courir Karmela ?\u00a0 Elle est directe\u00a0: ses engagements au Qu\u00e9bec et les relations entre ses communaut\u00e9s d\u2019appartenance, notamment le Comit\u00e9 \u0153cum\u00e9nique et multiculturel de la Paroisse Notre-Dame-de-Gr\u00e2ce.\u00a0 \u00ab<em>Une diversit\u00e9 de causes, le f\u00e9minisme, les r\u00e9fugi\u00e9s, le mouvement pacifiste.\u00a0 J\u2019ai d\u00e9velopp\u00e9 un grand int\u00e9r\u00eat pour toutes les autres cultures et des espaces de rapprochement entre ces cultures, un lieu de sensibilisation.\u00a0 En ce qui concerne la dimension religieuse, pour la plupart des Croates, le catholicisme fait partie de leur culture depuis un mill\u00e9naire.\u00a0 Gr\u00e2ce au volet \u0153cum\u00e9nique et aux projets inter-religieux je d\u00e9veloppe une meilleure compr\u00e9hension et un respect des autres<\/em>\u00bb.<\/p>\n","protected":false},"excerpt":{"rendered":"<p>Docteur en m\u00e9decine depuis trente-trois ans, Karmela Krleza-Jeric est sp\u00e9cialiste en sant\u00e9 publique.\u00a0 Elle est titulaire d\u2019une ma\u00eetrise en \u00e9pid\u00e9miologie de l\u2019universit\u00e9 de Zagreb.\u00a0 Cette femme remarquable est une scientifique de premier niveau.\u00a0 Elle a ajout\u00e9 \u00e0 ses qualifications en m\u00e9decine sociale et \u00e0 son exp\u00e9rience (de 1977 \u00e0 1986) avec l\u2019Organisation mondiale de la [&hellip;]<\/p>\n","protected":false},"author":1,"featured_media":0,"comment_status":"open","ping_status":"open","sticky":false,"template":"","format":"standard","meta":{"_bbp_topic_count":0,"_bbp_reply_count":0,"_bbp_total_topic_count":0,"_bbp_total_reply_count":0,"_bbp_voice_count":0,"_bbp_anonymous_reply_count":0,"_bbp_topic_count_hidden":0,"_bbp_reply_count_hidden":0,"_bbp_forum_subforum_count":0,"_et_pb_use_builder":"","_et_pb_old_content":"","_et_gb_content_width":""},"categories":[15],"tags":[],"_links":{"self":[{"href":"http:\/\/www.yvesalavo.ca\/index.php?rest_route=\/wp\/v2\/posts\/330"}],"collection":[{"href":"http:\/\/www.yvesalavo.ca\/index.php?rest_route=\/wp\/v2\/posts"}],"about":[{"href":"http:\/\/www.yvesalavo.ca\/index.php?rest_route=\/wp\/v2\/types\/post"}],"author":[{"embeddable":true,"href":"http:\/\/www.yvesalavo.ca\/index.php?rest_route=\/wp\/v2\/users\/1"}],"replies":[{"embeddable":true,"href":"http:\/\/www.yvesalavo.ca\/index.php?rest_route=%2Fwp%2Fv2%2Fcomments&post=330"}],"version-history":[{"count":1,"href":"http:\/\/www.yvesalavo.ca\/index.php?rest_route=\/wp\/v2\/posts\/330\/revisions"}],"predecessor-version":[{"id":331,"href":"http:\/\/www.yvesalavo.ca\/index.php?rest_route=\/wp\/v2\/posts\/330\/revisions\/331"}],"wp:attachment":[{"href":"http:\/\/www.yvesalavo.ca\/index.php?rest_route=%2Fwp%2Fv2%2Fmedia&parent=330"}],"wp:term":[{"taxonomy":"category","embeddable":true,"href":"http:\/\/www.yvesalavo.ca\/index.php?rest_route=%2Fwp%2Fv2%2Fcategories&post=330"},{"taxonomy":"post_tag","embeddable":true,"href":"http:\/\/www.yvesalavo.ca\/index.php?rest_route=%2Fwp%2Fv2%2Ftags&post=330"}],"curies":[{"name":"wp","href":"https:\/\/api.w.org\/{rel}","templated":true}]}}