{"id":334,"date":"2010-08-17T23:22:01","date_gmt":"2010-08-17T23:22:01","guid":{"rendered":"http:\/\/www.yvesalavo.ca\/?p=334"},"modified":"2010-08-17T23:22:01","modified_gmt":"2010-08-17T23:22:01","slug":"maria-haladyn-dudek-2","status":"publish","type":"post","link":"http:\/\/www.yvesalavo.ca\/?p=334","title":{"rendered":"MARIA HALADYN DUDEK"},"content":{"rendered":"<p>Maria Dudek \u0153uvre au c\u0153ur du tissu le plus fin de l\u2019humanit\u00e9, elle est psychologue, membre de la\u00a0 Corporation professionnelle des psychologues du Qu\u00e9bec depuis 1989 et elle vit au pays depuis bient\u00f4t 20 ans.\u00a0 N\u00e9e en Pologne, elle y a obtenu une ma\u00eetrise en psychologie, sp\u00e9cialisation clinique \u00e0 l\u2019universit\u00e9 de Wroclaw en 1975.\u00a0 Son action a consist\u00e9, d\u2019une part \u00e0 se perfectionner de mani\u00e8re continue, notamment en mati\u00e8re de syndrome du stress postraumatique, de diagnostic et sur les techniques d\u2019intervention de crise\u00a0 et de traitement clinique, et, d\u2019autre part, se consacrer aux client\u00e8les provenant de diff\u00e9rents milieux ethniques.\u00a0 Pour mettre au service de toute les communaut\u00e9s son talent, son expertise et agir en toute connaissance de cause, l\u00e0 o\u00f9 elle peut contribuer pleinement au d\u00e9veloppement de la soci\u00e9t\u00e9, Maria Dudek fonde la Maison multiethnique Myosotis en 1991.<\/p>\n<p>L\u2019aventure de la sant\u00e9 mentale, de la prise en charge des difficult\u00e9s, des traumatismes des personnes d\u00e9plac\u00e9es, des nouveaux immigrants et des r\u00e9fugi\u00e9s est importante.\u00a0 Pour Maria Dudek, le soutien le plus intime aux plus fragiles est l\u2019action strat\u00e9gique la plus d\u00e9terminante de construction d\u2019une soci\u00e9t\u00e9 plurielle.\u00a0 Maria Dudek\u00a0 en explique la gen\u00e8se\u00a0: \u00ab <em>Avec un groupe de th\u00e9rapeutes originaires de diff\u00e9rents pays, je commence un travail b\u00e9n\u00e9vole au centre communautaire en sant\u00e9 mentale.\u00a0 Un centre con\u00e7u par nous pour desservir la client\u00e8le provenant de diff\u00e9rents milieux ethniques.\u00a0 C\u2019est le d\u00e9but de l\u2019histoire de Maison multiethnique Myosotis (1991).\u00a0 Graduellement, nous d\u00e9veloppons Myosotis et nous obtenons les premi\u00e8res subventions provenant du Gouvernement du Qu\u00e9bec (SOC\u00a0: Soutien aux Organismes Communautaires).\u00a0 Nous utilisons une approche th\u00e9rapeutique interculturelle et souvent nous travaillons en langue maternelle du client.\u00a0 Notre petite \u00e9quipe de th\u00e9rapeutes donne le service en fran\u00e7ais, anglais, espagnol, grec, portugais, italien, polonais, russe et arabe<\/em> \u00bb.\u00a0 Depuis l\u2019an 2000, Maria Dudek est directrice de Myosotis.\u00a0 Elle partage son temps entre\u00a0 l\u2019engagement de th\u00e9rapeute, avec le don total que cela n\u00e9cessite, et les responsabilit\u00e9s administratives.<\/p>\n<p>Les choix de Maria Dudek, son engagement communautaire, trouvent dans leur expression une harmonie remarquable.\u00a0 Cette femme sereine, tenace, belle de cette comp\u00e9tence tranquille, d\u00e9termin\u00e9e, cherche et se situe dans la dur\u00e9e.\u00a0 Sa motivation\u00a0: \u00ab <em>\u00c0 travers mon exp\u00e9rience professionnelle, j\u2019ai pu ensuite ne pas seulement\u00a0sentir, mais aussi conna\u00eetre de pr\u00e8s, beaucoup de difficult\u00e9s et de probl\u00e8mes v\u00e9cus par les gens provenant de milieu ethnique, quelque soit leur \u00e2ge, leur sexe, leur appartenance religieuse.\u00a0 J\u2019ai \u00e9t\u00e9 t\u00e9moin\u00a0 de beaucoup de malheurs \u00e0 cause de conflits familiaux d\u00e9clench\u00e9s par le choc culturel, la perte de sch\u00e9mas de r\u00e9f\u00e9rence, la\u00a0 d\u00e9pr\u00e9ciation des valeurs, la d\u00e9construction identitaire et le d\u00e9paysement.\u00a0 De l\u2019autre c\u00f4t\u00e9 je savais quel\u00a0 est la prix de l\u2019adaptation et de l\u2019int\u00e9gration.\u00a0 De combien de travail et de ressources internes il faut disposer pour arriver \u00e0 faire certaines r\u00e9alisations ou simplement atteindre un\u00a0 certain \u00e9quilibre\u00a0 psychique \u00bb<\/em>.<\/p>\n<p>Sur ce qu\u2019elle consid\u00e8re \u00eatre ses principales r\u00e9alisations, Maria Dudek est sobre, mais pr\u00e9cise\u00a0: \u00ab <em>La cr\u00e9ation du centre MMM, ainsi que ma contribution \u00e0 son d\u00e9veloppement restent pour moi une contribution tr\u00e8s constructive et enrichissante.\u00a0 Cette r\u00e9alisation \u00e0 dimension sociale importante apporte beaucoup de bon sens \u00e0 ma d\u00e9termination et \u00e0 ma pers\u00e9v\u00e9rance.\u00a0 Je re\u00e7ois souvent des r\u00e9actions positives de mon travail sous la forme de satisfaction individuelle de mes clients ainsi qu\u2019en termes de changements positifs dans leur vie.\u00a0 J\u2019ai r\u00e9ussi \u00e0 contribuer \u00e0 l\u2019engagement de d\u2019autres personnes et, ensemble, nous avons cr\u00e9\u00e9 une action communautaire utile, le mouvement AA polonais, et un groupe d\u2019entraide<\/em> \u00bb.<\/p>\n<p>Maria Dudek mesure toute les subtilit\u00e9s et comprend de l\u2019int\u00e9rieur, \u00e0 la fois le processus et le contenu du ciment, je dirais psychique et \u00e9motif, que les diff\u00e9rentes composantes de notre soci\u00e9t\u00e9 apportent \u00e0 la construction d\u2019une personnalit\u00e9 commune harmonieuse et tonique\u00a0: \u00ab <em>S\u00fbrement que tous les efforts pour augmenter la compr\u00e9hension mutuelle et d\u00e9velopper la sensibilisation aux besoins des autres apportent de bons changements au niveau de la tol\u00e9rance sociale et\u00a0 permettent une meilleure coop\u00e9ration capable de nous conduire \u00e0 la cr\u00e9ation d\u2019\u0153uvres communes.\u00a0 Cela constitue un facteur tr\u00e8s important pour la cr\u00e9ation de relations positives, prometteuses et\u00a0 harmonieuses entre la majorit\u00e9 et les communaut\u00e9s ethnoculturelles <\/em>\u00bb.<\/p>\n","protected":false},"excerpt":{"rendered":"<p>Maria Dudek \u0153uvre au c\u0153ur du tissu le plus fin de l\u2019humanit\u00e9, elle est psychologue, membre de la\u00a0 Corporation professionnelle des psychologues du Qu\u00e9bec depuis 1989 et elle vit au pays depuis bient\u00f4t 20 ans.\u00a0 N\u00e9e en Pologne, elle y a obtenu une ma\u00eetrise en psychologie, sp\u00e9cialisation clinique \u00e0 l\u2019universit\u00e9 de Wroclaw en 1975.\u00a0 Son [&hellip;]<\/p>\n","protected":false},"author":1,"featured_media":0,"comment_status":"open","ping_status":"open","sticky":false,"template":"","format":"standard","meta":{"_bbp_topic_count":0,"_bbp_reply_count":0,"_bbp_total_topic_count":0,"_bbp_total_reply_count":0,"_bbp_voice_count":0,"_bbp_anonymous_reply_count":0,"_bbp_topic_count_hidden":0,"_bbp_reply_count_hidden":0,"_bbp_forum_subforum_count":0,"_et_pb_use_builder":"","_et_pb_old_content":"","_et_gb_content_width":""},"categories":[15],"tags":[],"_links":{"self":[{"href":"http:\/\/www.yvesalavo.ca\/index.php?rest_route=\/wp\/v2\/posts\/334"}],"collection":[{"href":"http:\/\/www.yvesalavo.ca\/index.php?rest_route=\/wp\/v2\/posts"}],"about":[{"href":"http:\/\/www.yvesalavo.ca\/index.php?rest_route=\/wp\/v2\/types\/post"}],"author":[{"embeddable":true,"href":"http:\/\/www.yvesalavo.ca\/index.php?rest_route=\/wp\/v2\/users\/1"}],"replies":[{"embeddable":true,"href":"http:\/\/www.yvesalavo.ca\/index.php?rest_route=%2Fwp%2Fv2%2Fcomments&post=334"}],"version-history":[{"count":1,"href":"http:\/\/www.yvesalavo.ca\/index.php?rest_route=\/wp\/v2\/posts\/334\/revisions"}],"predecessor-version":[{"id":335,"href":"http:\/\/www.yvesalavo.ca\/index.php?rest_route=\/wp\/v2\/posts\/334\/revisions\/335"}],"wp:attachment":[{"href":"http:\/\/www.yvesalavo.ca\/index.php?rest_route=%2Fwp%2Fv2%2Fmedia&parent=334"}],"wp:term":[{"taxonomy":"category","embeddable":true,"href":"http:\/\/www.yvesalavo.ca\/index.php?rest_route=%2Fwp%2Fv2%2Fcategories&post=334"},{"taxonomy":"post_tag","embeddable":true,"href":"http:\/\/www.yvesalavo.ca\/index.php?rest_route=%2Fwp%2Fv2%2Ftags&post=334"}],"curies":[{"name":"wp","href":"https:\/\/api.w.org\/{rel}","templated":true}]}}