{"id":344,"date":"2010-08-17T23:27:44","date_gmt":"2010-08-17T23:27:44","guid":{"rendered":"http:\/\/www.yvesalavo.ca\/?p=344"},"modified":"2010-08-17T23:27:44","modified_gmt":"2010-08-17T23:27:44","slug":"wladimir-paskievici-2","status":"publish","type":"post","link":"http:\/\/www.yvesalavo.ca\/?p=344","title":{"rendered":"WLADIMIR PASKIEVICI"},"content":{"rendered":"<p>M. Wladimir Paskievici est n\u00e9 en 1930 \u00e0 Bucarest, en Roumanie.\u00a0 Il a fait ses \u00e9tudes en Roumanie, en Argentine et en France o\u00f9 il a obtenu son doctorat en physique nucl\u00e9aire \u00e0 l\u2019universit\u00e9 de Strasbourg.<\/p>\n<p>Immigr\u00e9 au Canada en 1958, il a entam\u00e9 une carri\u00e8re universitaire \u00e0 l\u2019\u00c9cole polytechnique de Montr\u00e9al o\u00f9 il a \u00e9t\u00e9 successivement charg\u00e9 de cours, professeur assistant, professeur agr\u00e9g\u00e9, professeur titulaire et professeur \u00e9m\u00e9rite (1990).\u00a0 \u00c0 l\u2019\u00c9cole, il a cr\u00e9\u00e9 l\u2019Institut de g\u00e9nie nucl\u00e9aire.\u00a0 A dirig\u00e9 cet institut de 1980 \u00e0 1982 et en a \u00e9t\u00e9 Directeur des \u00e9tudes sup\u00e9rieures et de la recherche de 1982 \u00e0 1990.<\/p>\n<p>Il a enseign\u00e9 et a effectu\u00e9 des recherches en physique nucl\u00e9aire, en physique des r\u00e9acteurs, en contr\u00f4le et s\u00fbret\u00e9 des centrales nucl\u00e9aires et dans le domaine de l\u2019\u00e9nergie.\u00a0 Il a dirig\u00e9 21 th\u00e8ses et a publi\u00e9 56 articles scientifiques et rapports techniques.\u00a0 Durant sa carri\u00e8re, il a \u00e9t\u00e9 consultant aupr\u00e8s de nombreux organismes gouvernementaux tels que Hydro-Qu\u00e9bec, Ontario Hydro, la Commission de contr\u00f4le de l\u2019\u00e9nergie atomique, Environnement Canada, Justice Canada et \u00c9nergie, Mines et Ressources Canada.\u00a0 Il a \u00e9galement \u00e9t\u00e9 commissaire aupr\u00e8s du Bureau d\u2019audiences publiques sur l\u2019environnement (BAPE) pour plusieurs projets.<\/p>\n<p>Ses principales motivations, celles de ses engagements sociaux, communautaires, ont \u00e9volu\u00e9 avec les phases les plus significatives de sa vie\u00a0: \u00abDans ma p\u00e9riode de formation, de 6 \u00e0 27 ans, la principale motivation de mon action a \u00e9t\u00e9 la curiosit\u00e9.\u00a0 Une fois mes \u00e9tudes termin\u00e9es, mon d\u00e9sir de continuer les recherches, tout en restant libre d\u2019esprit, m\u2019a men\u00e9 vers la carri\u00e8re\u00a0 universitaire.\u00a0 C\u2019est ainsi que j\u2019ai pu \u00e0 la fois continuer \u00e0 apprendre, mais aussi \u00e0 partager ce que j\u2019ai appris.\u00a0 Durant toute ma vie professionnelle, et profitant de l\u2019esprit pragmatique qui anime l\u2019\u00c9cole polytechnique, j\u2019ai pu enseigner, faire de la recherche et rendre des services \u00e0 la soci\u00e9t\u00e9.\u00a0 Arriv\u00e9 \u00e0 l\u2019\u00e2ge de la retraite, j\u2019ai choisi d\u2019\u0153uvrer au sein d\u2019un organisme humanitaire pour aider les immigrants roumains nouvellement arriv\u00e9s \u00e0 s\u2019int\u00e9grer le plus rapidement possible au Qu\u00e9bec et au Canada.<\/p>\n<p>Personnalit\u00e9 respect\u00e9e et r\u00e9guli\u00e8rement consult\u00e9e, monsieur Wladimir Paskievici demeure toujours actif et engag\u00e9.\u00a0 Dans le cadre de la communaut\u00e9 roumaine de Montr\u00e9al, il a particip\u00e9 \u00e0 l\u2019organisation d\u2019\u00e9v\u00e9nements de prestige.\u00a0 Il est actuellement pr\u00e9sident du Mouvement de Solidarit\u00e9 Qu\u00e9bec-Roumanie (MSQR).\u00a0 M. Paskievici est mari\u00e9 et a trois filles et six petits-enfants.\u00a0 Il parle le fran\u00e7ais, l\u2019anglais, l\u2019espagnol, l\u2019italien et le roumain.<\/p>\n<p>Les r\u00e9alisations qui donnent un sens \u00e0 son engagement sont surtout celles faites au service de la science plus particuli\u00e8rement dans son domaine, celui de la physique nucl\u00e9aire.\u00a0 De mani\u00e8re plus personnelle, Wladimir Paskievici pr\u00e9cise\u00a0: \u00abSur le plan personnel, la satisfaction de savoir que j\u2019ai pu aider mes anciens \u00e9tudiants, dans leur formation, que j\u2019ai contribu\u00e9 au d\u00e9veloppement fulgurant de l\u2019\u00c9cole polytechnique, le fait d\u2019avoir gard\u00e9 d\u2019excellentes relations avec mes anciens collaborateurs et d\u2019avoir aid\u00e9 un certain nombre de mes compatriotes \u00e0 faire leurs premiers pas au Canada.\u00a0 Enfin, avoir pu r\u00e9aliser tout cela en menant une vie familiale riche et \u00e9quilibr\u00e9e\u00bb.<\/p>\n<p>Les liens entre ses communaut\u00e9s d\u2019appartenance et la soci\u00e9t\u00e9 en g\u00e9n\u00e9ral sont encore \u00e0 am\u00e9liorer, il y a de la place pour le progr\u00e8s\u00a0: \u00ab Le plus difficile cependant est d\u2019organiser des manifestations conjointes auxquelles participeraient \u00e0 la fois les membres de la communaut\u00e9 d\u2019appartenance et les membres de la majorit\u00e9. Ce sont, \u00e0 mon avis, les manifestations de ce genre qui sont mutuellement les plus enrichissantes.\u00a0 Pour cela il faut qu\u2019il ait une volont\u00e9 politique des deux c\u00f4t\u00e9s pour le faire.\u00a0 Ce n\u2019est pas toujours le cas et il faut travailler fort \u2013 et de fa\u00e7on continue &#8211; pour y r\u00e9ussir \u00bb.<\/p>\n","protected":false},"excerpt":{"rendered":"<p>M. Wladimir Paskievici est n\u00e9 en 1930 \u00e0 Bucarest, en Roumanie.\u00a0 Il a fait ses \u00e9tudes en Roumanie, en Argentine et en France o\u00f9 il a obtenu son doctorat en physique nucl\u00e9aire \u00e0 l\u2019universit\u00e9 de Strasbourg. Immigr\u00e9 au Canada en 1958, il a entam\u00e9 une carri\u00e8re universitaire \u00e0 l\u2019\u00c9cole polytechnique de Montr\u00e9al o\u00f9 il a [&hellip;]<\/p>\n","protected":false},"author":1,"featured_media":0,"comment_status":"open","ping_status":"open","sticky":false,"template":"","format":"standard","meta":{"_bbp_topic_count":0,"_bbp_reply_count":0,"_bbp_total_topic_count":0,"_bbp_total_reply_count":0,"_bbp_voice_count":0,"_bbp_anonymous_reply_count":0,"_bbp_topic_count_hidden":0,"_bbp_reply_count_hidden":0,"_bbp_forum_subforum_count":0,"_et_pb_use_builder":"","_et_pb_old_content":"","_et_gb_content_width":""},"categories":[15],"tags":[],"_links":{"self":[{"href":"http:\/\/www.yvesalavo.ca\/index.php?rest_route=\/wp\/v2\/posts\/344"}],"collection":[{"href":"http:\/\/www.yvesalavo.ca\/index.php?rest_route=\/wp\/v2\/posts"}],"about":[{"href":"http:\/\/www.yvesalavo.ca\/index.php?rest_route=\/wp\/v2\/types\/post"}],"author":[{"embeddable":true,"href":"http:\/\/www.yvesalavo.ca\/index.php?rest_route=\/wp\/v2\/users\/1"}],"replies":[{"embeddable":true,"href":"http:\/\/www.yvesalavo.ca\/index.php?rest_route=%2Fwp%2Fv2%2Fcomments&post=344"}],"version-history":[{"count":1,"href":"http:\/\/www.yvesalavo.ca\/index.php?rest_route=\/wp\/v2\/posts\/344\/revisions"}],"predecessor-version":[{"id":345,"href":"http:\/\/www.yvesalavo.ca\/index.php?rest_route=\/wp\/v2\/posts\/344\/revisions\/345"}],"wp:attachment":[{"href":"http:\/\/www.yvesalavo.ca\/index.php?rest_route=%2Fwp%2Fv2%2Fmedia&parent=344"}],"wp:term":[{"taxonomy":"category","embeddable":true,"href":"http:\/\/www.yvesalavo.ca\/index.php?rest_route=%2Fwp%2Fv2%2Fcategories&post=344"},{"taxonomy":"post_tag","embeddable":true,"href":"http:\/\/www.yvesalavo.ca\/index.php?rest_route=%2Fwp%2Fv2%2Ftags&post=344"}],"curies":[{"name":"wp","href":"https:\/\/api.w.org\/{rel}","templated":true}]}}