{"id":348,"date":"2010-08-17T23:30:20","date_gmt":"2010-08-17T23:30:20","guid":{"rendered":"http:\/\/www.yvesalavo.ca\/?p=348"},"modified":"2010-08-17T23:30:20","modified_gmt":"2010-08-17T23:30:20","slug":"la-releve-en-place-avec-vision-diversite-le-fma-et-rcinet-ca","status":"publish","type":"post","link":"http:\/\/www.yvesalavo.ca\/?p=348","title":{"rendered":"LA REL\u00c8VE EN PLACE AVEC VISION DIVERSIT\u00c9 LE FMA ET RCINET.CA"},"content":{"rendered":"<p>Trois fins de semaine (27-28  octobre, 3-4 et 10-11 novembre 2007) sur l\u2019esplanade de la  Place-des-Arts. La m\u00e9dina anim\u00e9e par les jeunes gr\u00e2ce \u00e0 une initiative  dialogue-cr\u00e9ativit\u00e9 sous la houlette de Vision diversit\u00e9 en association  avec le FMA et Radio-canada international.<\/p>\n<p>Pam\u00e9la Kamar chef de file a  con\u00e7u, organis\u00e9 et surtout anim\u00e9 cette f\u00eate extraordinaire des 35  talents, jeunes 20\/30, en litt\u00e9rature, chanson, conte, arts visuels,  arts m\u00e9diatiques, th\u00e9\u00e2tre, slam, danse. Pam\u00e9la pr\u00e9sentait cette  innovation ainsi \u00ab <em>Cette programmation est le fruit de mes coups de  coeur, le souvenir de moments marquants, la conviction du potentiel de  ces artistes exceptionnels que je tenais \u00e0 tout prix \u00e0 vous faire  partager. Une rel\u00e8ve d\u2019artistes, musiciens, \u00e9crivains, danseurs,  com\u00e9diens, slammeurs,<\/em><\/p>\n<p><em>chanteurs, dramaturges qui  puisent leurs id\u00e9es \u00e0 travers leur quotidien, \u00e0 l\u2019image deleurs oeuvres;  diversi_\u00e9es, m\u00e9tiss\u00e9es, uniques. Une rel\u00e8ve qu\u00e9b\u00e9coise talentueuse  empreinte d\u2019un foisonnement de cultures, p\u00e9trie d\u2019une diversit\u00e9 qui va  au-del\u00e0 du simple concept. Un mode de vie. Une rel\u00e8ve qui s\u2019unit,  partage, s\u2019influence, se soutient.Une rel\u00e8ve qui vit au rythme de  Montr\u00e9al, en donne le v\u00e9ritable pouls. Une rel\u00e8ve qui cr\u00e9e au gr\u00e9 de son  inspiration, de ses convictions, de ses rencontres. Une foule  d\u2019artistes qui fa\u00e7onneront, chacun \u00e0 leur image, des rencontres uniques.  Des rencontres certainement enrichies par la pr\u00e9sence d\u2019un public en  qu\u00eate d\u2019authenticit\u00e9, de d\u00e9couverte, d\u2019\u00e9motions, de diversit\u00e9 et  conscient de son impact et de son apport dans l\u2019\u00e9panouissement d\u2019un  artiste. Si ce public est au rendez-vous, mon intuition me dit qu\u2019il  sera bien servi.<\/em><\/p>\n<p><em>Bonnes rencontres! <\/em>\u00bb.<\/p>\n<p>D\u00e9sormais, toutes les activit\u00e9s  artistiques de niveau m\u00e9tropolitain, tous les festivals d\u2019envergure  pourraient ajouter de mani\u00e8re syst\u00e9matique un volet rel\u00e8ve, cette bonne  pratique ouvrirait la voie et donnerait une sc\u00e8ne continue, selon les  arts : cin\u00e9ma, jazz, chanson fran\u00e7aise, rire, th\u00e9\u00e2tre, arts m\u00e9diatiques,  litt\u00e9rature\u2026aux artistes professionnels de la rel\u00e8ve. Une vitrine aux  programmes qui soutiennent au F\u00e9d\u00e9ral, au provincial et ailleurs les  jeunes talents. D\u00e9couvrez les vedettes :  http:\/\/www.visiondiversite.com\/fichiers\/PlaceAlaReleve.pdf<\/p>\n","protected":false},"excerpt":{"rendered":"<p>Trois fins de semaine (27-28 octobre, 3-4 et 10-11 novembre 2007) sur l\u2019esplanade de la Place-des-Arts. La m\u00e9dina anim\u00e9e par les jeunes gr\u00e2ce \u00e0 une initiative dialogue-cr\u00e9ativit\u00e9 sous la houlette de Vision diversit\u00e9 en association avec le FMA et Radio-canada international. Pam\u00e9la Kamar chef de file a con\u00e7u, organis\u00e9 et surtout anim\u00e9 cette f\u00eate extraordinaire [&hellip;]<\/p>\n","protected":false},"author":1,"featured_media":0,"comment_status":"open","ping_status":"open","sticky":false,"template":"","format":"standard","meta":{"_bbp_topic_count":0,"_bbp_reply_count":0,"_bbp_total_topic_count":0,"_bbp_total_reply_count":0,"_bbp_voice_count":0,"_bbp_anonymous_reply_count":0,"_bbp_topic_count_hidden":0,"_bbp_reply_count_hidden":0,"_bbp_forum_subforum_count":0,"_et_pb_use_builder":"","_et_pb_old_content":"","_et_gb_content_width":""},"categories":[12],"tags":[],"_links":{"self":[{"href":"http:\/\/www.yvesalavo.ca\/index.php?rest_route=\/wp\/v2\/posts\/348"}],"collection":[{"href":"http:\/\/www.yvesalavo.ca\/index.php?rest_route=\/wp\/v2\/posts"}],"about":[{"href":"http:\/\/www.yvesalavo.ca\/index.php?rest_route=\/wp\/v2\/types\/post"}],"author":[{"embeddable":true,"href":"http:\/\/www.yvesalavo.ca\/index.php?rest_route=\/wp\/v2\/users\/1"}],"replies":[{"embeddable":true,"href":"http:\/\/www.yvesalavo.ca\/index.php?rest_route=%2Fwp%2Fv2%2Fcomments&post=348"}],"version-history":[{"count":1,"href":"http:\/\/www.yvesalavo.ca\/index.php?rest_route=\/wp\/v2\/posts\/348\/revisions"}],"predecessor-version":[{"id":349,"href":"http:\/\/www.yvesalavo.ca\/index.php?rest_route=\/wp\/v2\/posts\/348\/revisions\/349"}],"wp:attachment":[{"href":"http:\/\/www.yvesalavo.ca\/index.php?rest_route=%2Fwp%2Fv2%2Fmedia&parent=348"}],"wp:term":[{"taxonomy":"category","embeddable":true,"href":"http:\/\/www.yvesalavo.ca\/index.php?rest_route=%2Fwp%2Fv2%2Fcategories&post=348"},{"taxonomy":"post_tag","embeddable":true,"href":"http:\/\/www.yvesalavo.ca\/index.php?rest_route=%2Fwp%2Fv2%2Ftags&post=348"}],"curies":[{"name":"wp","href":"https:\/\/api.w.org\/{rel}","templated":true}]}}