{"id":354,"date":"2010-08-17T23:33:26","date_gmt":"2010-08-17T23:33:26","guid":{"rendered":"http:\/\/www.yvesalavo.ca\/?p=354"},"modified":"2010-08-17T23:33:26","modified_gmt":"2010-08-17T23:33:26","slug":"le-temps-des-marguerites%e2%80%a6-a-la-folie-ou-pas-du-tout","status":"publish","type":"post","link":"http:\/\/www.yvesalavo.ca\/?p=354","title":{"rendered":"Le temps des Marguerites\u2026 \u00e0 la folie ou pas du tout."},"content":{"rendered":"<p>de Menka Nagrani et Richard  Gaulin Avec Veronica Melis. Maison de la Culture Plateau Mont-Royal, 65  minutes. Spectacle du mercredi 23 avril 08.<\/p>\n<p>Dynamisme, ouverture, sourire et  un soin particulier aux personnes, aux cr\u00e9ateurs, une \u00e9nergie constante  et un amour des arts et de la culture, \u00e0 la Maison Plateau Mont-Royal,  Joanne Germain, Agente culturelle, anime, rayonne et fait partager \u00e0  toutes et tous, l\u2019enthousiasme qui l\u2019habite. C\u2019est toujours un immense  plaisir que de vivre un \u00e9v\u00e9nement, un spectacle, une aventure, de  d\u00e9couvrir une exposition, de chanter, d\u2019\u00e9couter, avec d\u2019autres heureux  spectateurs, nos artistes dans la maison des arts du Plateau Mont-Royal.  Esprit des anc\u00eatres, esprits des divinit\u00e9s cr\u00e9atrices, esprit de la  joie de cr\u00e9er, il y r\u00e8gne une ambiance favorable \u00e0 l\u2019expression, propice  au bonheur de vire l\u2019art.<\/p>\n<p>Le spectacle d\u00e9bute, une  d\u00e9monstration de paix. Op\u00e9ra de Faust, tragi-comique mais tr\u00e8s s\u00e9rieuse  et efficace mise en sc\u00e8ne de Richard Gaulin avec la chor\u00e9graphie et la  direction artistique de Menka Nagrani. Ballet, coordination et  merveilleuse int\u00e9gration entre artistes, certains ayant des limitations,  artistes en formation aux <em>Muses <\/em>de Cindy Schwartz. La belle et  tonique Veronica Melis (Marguerite Actuelle qui ne veut, ne peut et  demeure elle-m\u00eame, jeunesse \u00e9ternelle dans son c\u0153ur et dans la vie),  occupe et brille sur sc\u00e8ne. Danseuse chor\u00e9graphe et actrice de talent,  elle joue en d\u00e9ployant cette souple et \u00e9l\u00e9gante tension et une  expression qui s\u2019enracine dans l\u2019esprit de Bologne, les traditions de  l\u2019\u00e9cole italienne, sublime ma\u00eetrise d\u2019un art vie qui donne une couleur  de r\u00eave \u00e0 chacun de ses gestes. Elle a une force, une gr\u00e2ce et cet air  l\u00e9ger, regard large et berc\u00e9 d\u2019amour du m\u00e9tier. Apanage rare des  monstres sacr\u00e9s des planches. Elle, Veronica Melis, enseigne \u00e0 l\u2019\u00c9cole  nationale de th\u00e9\u00e2tre du Canada ainsi qu\u2019\u00e0 l\u2019\u00c9cole nationale de cirque.  Heureux \u00e9tudiants qui apprennent, c\u0153ur \u00e0 c\u0153ur, directement de cette  artiste p\u00e9dagogue et g\u00e9n\u00e9reux mentor.<\/p>\n<p>Les autres partenaires sur la  sc\u00e8ne sans compter M\u00e9phistoph\u00e9l\u00e8s jou\u00e9 par Nicolas Belle-Isle, sont  \u00e9l\u00e8ves aux <em>Muses<\/em> : dans le r\u00f4le de Siebel (Jean-Fran\u00e7ois Hup\u00e9),  dans celui de Faust (l\u2019ineffable et tr\u00e8s naturel Michael Nimbley) et  dans celui de Marguerite Op\u00e9ra (Genevi\u00e8ve Morin-Dupont). Ils ont jou\u00e9  une \u0153uvre compos\u00e9 en 1869 par Charles Gounod qui s\u2019est inspir\u00e9 de celle  de Goethe. Faust, vieux docteur blas\u00e9, vend son \u00e2me au diable en \u00e9change  de la jeunesse qui lui permet de faire la cour \u00e0 la belle et tr\u00e8s jeune  Marguerite. Pas de performance op\u00e9ratique, des voix qui disent, qui  chantent aussi au naturel, avec humour et une conviction charmante.  Second et parfois troisi\u00e8me degr\u00e9s, une quasi-d\u00e9rision humaine et  spirituelle. Pas un temps mort, nous sommes attentifs, nous sommes des  spectateurs souriants, une salle de gens s\u00e9rieux, devant cette belle  d\u00e9monstration en mouvement accompagn\u00e9e de musique romantique. Tour de  force des artistes associ\u00e9s [Lumi\u00e8res : David Desrochers, Sc\u00e9nographie :  Julie Bourbonnais et Marie Bernard, Musiques : Charles Gounod extraits  de l\u2019op\u00e9ra Faust et Fran\u00e7ois Beausoleil musiques actuelles et montage,  Violoncelle : \u00c9rich Kory, R\u00e9gie de plateau : Kim Perrault, Assistante  aux communications et \u00e0 la production : \u00c9lodie Paternostre, Soutien  technique : Maxime Berthiaume].<\/p>\n","protected":false},"excerpt":{"rendered":"<p>de Menka Nagrani et Richard Gaulin Avec Veronica Melis. Maison de la Culture Plateau Mont-Royal, 65 minutes. Spectacle du mercredi 23 avril 08. Dynamisme, ouverture, sourire et un soin particulier aux personnes, aux cr\u00e9ateurs, une \u00e9nergie constante et un amour des arts et de la culture, \u00e0 la Maison Plateau Mont-Royal, Joanne Germain, Agente culturelle, [&hellip;]<\/p>\n","protected":false},"author":1,"featured_media":0,"comment_status":"open","ping_status":"open","sticky":false,"template":"","format":"standard","meta":{"_bbp_topic_count":0,"_bbp_reply_count":0,"_bbp_total_topic_count":0,"_bbp_total_reply_count":0,"_bbp_voice_count":0,"_bbp_anonymous_reply_count":0,"_bbp_topic_count_hidden":0,"_bbp_reply_count_hidden":0,"_bbp_forum_subforum_count":0,"_et_pb_use_builder":"","_et_pb_old_content":"","_et_gb_content_width":""},"categories":[12],"tags":[],"_links":{"self":[{"href":"http:\/\/www.yvesalavo.ca\/index.php?rest_route=\/wp\/v2\/posts\/354"}],"collection":[{"href":"http:\/\/www.yvesalavo.ca\/index.php?rest_route=\/wp\/v2\/posts"}],"about":[{"href":"http:\/\/www.yvesalavo.ca\/index.php?rest_route=\/wp\/v2\/types\/post"}],"author":[{"embeddable":true,"href":"http:\/\/www.yvesalavo.ca\/index.php?rest_route=\/wp\/v2\/users\/1"}],"replies":[{"embeddable":true,"href":"http:\/\/www.yvesalavo.ca\/index.php?rest_route=%2Fwp%2Fv2%2Fcomments&post=354"}],"version-history":[{"count":1,"href":"http:\/\/www.yvesalavo.ca\/index.php?rest_route=\/wp\/v2\/posts\/354\/revisions"}],"predecessor-version":[{"id":355,"href":"http:\/\/www.yvesalavo.ca\/index.php?rest_route=\/wp\/v2\/posts\/354\/revisions\/355"}],"wp:attachment":[{"href":"http:\/\/www.yvesalavo.ca\/index.php?rest_route=%2Fwp%2Fv2%2Fmedia&parent=354"}],"wp:term":[{"taxonomy":"category","embeddable":true,"href":"http:\/\/www.yvesalavo.ca\/index.php?rest_route=%2Fwp%2Fv2%2Fcategories&post=354"},{"taxonomy":"post_tag","embeddable":true,"href":"http:\/\/www.yvesalavo.ca\/index.php?rest_route=%2Fwp%2Fv2%2Ftags&post=354"}],"curies":[{"name":"wp","href":"https:\/\/api.w.org\/{rel}","templated":true}]}}