{"id":358,"date":"2010-08-17T23:35:09","date_gmt":"2010-08-17T23:35:09","guid":{"rendered":"http:\/\/www.yvesalavo.ca\/?p=358"},"modified":"2010-08-17T23:35:09","modified_gmt":"2010-08-17T23:35:09","slug":"renee-chevalier-peintre-spatial-capteur-d%e2%80%99emotions","status":"publish","type":"post","link":"http:\/\/www.yvesalavo.ca\/?p=358","title":{"rendered":"Ren\u00e9e Chevalier, peintre spatial, capteur d\u2019\u00e9motions"},"content":{"rendered":"<p>Peindre est pour elle une \u0153uvre  de longue et profonde action. Elle a une pratique personnelle qui  pourrait se comparer \u00e0 ce que l\u2019entra\u00eenement est pour les athl\u00e8tes de  haut niveau. Ren\u00e9e Chevalier est un peintre au long cour. Cette pratique  de l\u2019expression de mani\u00e8re personnelle et professionnelle, travail du  sens et travail sur soi, comme \u0153uvre de catharsis et de r\u00e9demption,  \u0153uvre de cr\u00e9ation originale et acte de d\u00e9passement, s\u2019inscrit chez elle  dans un parcours int\u00e9rieur en contraste et en contrepoint \u00e0 sa vie  quotidienne civique et publique.<\/p>\n<p>Recherche perp\u00e9tuelle et  appliqu\u00e9e, la peinture est son acte de foi. Peindre est cette gratuite  et profonde confrontation avec le monde, une mani\u00e8re de s\u2019approprier  l\u2019imm\u00e9diate donn\u00e9e que repr\u00e9sente la vie dans sa puret\u00e9, les sentiments  dans leur jaillissement, les \u00e9motions avec leur force et la pesanteur  qui les caract\u00e9rise.<\/p>\n<p>De l\u2019univers intime aux  galaxies, de l\u2019\u00e9motion fulgurante des stigmates et des secrets sacr\u00e9s et  profanes, de cette opposition entre une certaine banalit\u00e9 du profane et  cette mer de sens cach\u00e9e du sacr\u00e9, il y a dans ce voyage pictural  dynamique et inachev\u00e9, le spectre de la qu\u00eate de sens qui anime l\u2019acte  cr\u00e9atif chez Ren\u00e9e Chevalier. Elle est aujourd\u2019hui, aux plus r\u00e9centes  \u0153uvres expos\u00e9es et pr\u00e9sent\u00e9es \u00e0 la Galerie LUZ, m\u00e9lodie et contemplation  de la musique \u00e9lectroacoustique, cet axe multi m\u00e9diatique de son geste  de peintre. Une autre recherche qui d\u00e9fie la qui\u00e9tude et qui ouvre un  espace neuf pour cette artiste en constant d\u00e9s\u00e9quilibre, cr\u00e9atif.<\/p>\n<p>Voir et recevoir ses peintures,  lire \u00e0 travers les couleurs et se laisser emporter par les nombreuses  n\u00e9buleuses qui jalonnent ses toiles tel est la d\u00e9marche patiente \u00e0  laquelle nous convie l\u2019artiste peintre. Superposition de couleurs,  \u00e9tagement des combinaisons de tons, marques et strates de coloris, de  t\u00e2ches et arrimage spatial des univers, Ren\u00e9e Chevalier explore avec  avidit\u00e9 les espaces. Elle cr\u00e9e la profondeur, rabote l\u2019\u00e9paisseur, plonge  dans les \u00ab trous noirs \u00bb de l\u2019expression afin de mettre en relief sur  papier tant de densit\u00e9 en couleurs, tant d\u2019\u00e9motions en teintes pures.<\/p>\n<p>Ses \u0153uvres actuellement expos\u00e9es  \u00e0<\/p>\n<p>La Galerie LUZ, 372, rue  Sainte-Catherine ouest, suite 418, t\u00e9l\u00e9phone : 514-908-2880<\/p>\n","protected":false},"excerpt":{"rendered":"<p>Peindre est pour elle une \u0153uvre de longue et profonde action. Elle a une pratique personnelle qui pourrait se comparer \u00e0 ce que l\u2019entra\u00eenement est pour les athl\u00e8tes de haut niveau. Ren\u00e9e Chevalier est un peintre au long cour. Cette pratique de l\u2019expression de mani\u00e8re personnelle et professionnelle, travail du sens et travail sur soi, [&hellip;]<\/p>\n","protected":false},"author":1,"featured_media":0,"comment_status":"open","ping_status":"open","sticky":false,"template":"","format":"standard","meta":{"_bbp_topic_count":0,"_bbp_reply_count":0,"_bbp_total_topic_count":0,"_bbp_total_reply_count":0,"_bbp_voice_count":0,"_bbp_anonymous_reply_count":0,"_bbp_topic_count_hidden":0,"_bbp_reply_count_hidden":0,"_bbp_forum_subforum_count":0,"_et_pb_use_builder":"","_et_pb_old_content":"","_et_gb_content_width":""},"categories":[12],"tags":[],"_links":{"self":[{"href":"http:\/\/www.yvesalavo.ca\/index.php?rest_route=\/wp\/v2\/posts\/358"}],"collection":[{"href":"http:\/\/www.yvesalavo.ca\/index.php?rest_route=\/wp\/v2\/posts"}],"about":[{"href":"http:\/\/www.yvesalavo.ca\/index.php?rest_route=\/wp\/v2\/types\/post"}],"author":[{"embeddable":true,"href":"http:\/\/www.yvesalavo.ca\/index.php?rest_route=\/wp\/v2\/users\/1"}],"replies":[{"embeddable":true,"href":"http:\/\/www.yvesalavo.ca\/index.php?rest_route=%2Fwp%2Fv2%2Fcomments&post=358"}],"version-history":[{"count":1,"href":"http:\/\/www.yvesalavo.ca\/index.php?rest_route=\/wp\/v2\/posts\/358\/revisions"}],"predecessor-version":[{"id":359,"href":"http:\/\/www.yvesalavo.ca\/index.php?rest_route=\/wp\/v2\/posts\/358\/revisions\/359"}],"wp:attachment":[{"href":"http:\/\/www.yvesalavo.ca\/index.php?rest_route=%2Fwp%2Fv2%2Fmedia&parent=358"}],"wp:term":[{"taxonomy":"category","embeddable":true,"href":"http:\/\/www.yvesalavo.ca\/index.php?rest_route=%2Fwp%2Fv2%2Fcategories&post=358"},{"taxonomy":"post_tag","embeddable":true,"href":"http:\/\/www.yvesalavo.ca\/index.php?rest_route=%2Fwp%2Fv2%2Ftags&post=358"}],"curies":[{"name":"wp","href":"https:\/\/api.w.org\/{rel}","templated":true}]}}