{"id":372,"date":"2010-08-17T23:43:11","date_gmt":"2010-08-17T23:43:11","guid":{"rendered":"http:\/\/www.yvesalavo.ca\/?p=372"},"modified":"2010-08-17T23:43:11","modified_gmt":"2010-08-17T23:43:11","slug":"hun-bang","status":"publish","type":"post","link":"http:\/\/www.yvesalavo.ca\/?p=372","title":{"rendered":"H\u00dbN BANG"},"content":{"rendered":"<p>Violoniste, consultant en  musique, conseiller musical et artistique, concepteur d\u2019\u00e9v\u00e9nements,  producteur de projets artistiques et administrateur H\u00fbn Bang est le  fondateur de l\u2019Orchestre M\u00e9tropolitain de Montr\u00e9al. Virtuose  du violon, H\u00fbn Bang est le g\u00e9nie inventif des liens globaux qui se  d\u00e9veloppent, depuis cinq ans surtout, entre la Cor\u00e9e et le Qu\u00e9bec.  Il est arriv\u00e9 il y a trente ans, \u00e0 l\u2019\u00e2ge de vingt-trois ans, au  Qu\u00e9bec. Son parcours est fait de r\u00e9alisations  impressionnantes, celles d\u2019un homme d\u2019action qui veut d\u00e9sormais: <em>\u00abcr\u00e9er  des liens plus \u00e9troits entre les jeunes Cor\u00e9ens et les jeunes Qu\u00e9b\u00e9cois  afin de consolider les amiti\u00e9s par la musique et la culture et de  faciliter leur int\u00e9gration harmonieuse dans la vie qu\u00e9b\u00e9coise. L\u2019avenir  de notre communaut\u00e9 est dans les mains de notre deuxi\u00e8me g\u00e9n\u00e9ration.  Il est extr\u00eamement important de les aider et de les guider afin  qu\u2019ils puissent exprimer pleinement leurs id\u00e9es dans la soci\u00e9t\u00e9  qu\u00e9b\u00e9coise\u00bb.<\/em><\/p>\n<p>Voici camp\u00e9 le portrait, fait de  touches multiples et sans cesse nouvelles, de H\u00fbn Bang. A  17 ans, il est d\u00e9j\u00e0 prim\u00e9 comme jeune artiste de l\u2019ann\u00e9e de l\u2019Ecole  Sup\u00e9rieure des arts de S\u00e9oul en Cor\u00e9e. Cinq ans de vie \u00e0  Paris en font un dipl\u00f4m\u00e9 du Conservatoire de Versailles, de l\u2019Ecole  normale de musique de Paris et du Conservatoire national sup\u00e9rieur de  musique de Paris, des cours de violon, sp\u00e9cialisation en musique de  chambre, avec de c\u00e9l\u00e8bres professeurs (Marcel Reynal, Pierre N\u00e9rini,  Victor Gentil, Tony Aubin). Il passe ensuite un an comme  boursier de l\u2019Universit\u00e9 de Hartford aux Etats-Unis (Hartt College of  Music) et trois ans (1971-1974) dans la ville de Qu\u00e9bec et \u00e0 Montr\u00e9al au  Conservatoire de musique du Qu\u00e9bec, il est violon-solo de l\u2019orchestre  du Conservatoire. Au cours de la m\u00eame p\u00e9riode, il poursuit  son perfectionnement aux \u00c9tats-Unis (Aspen School of Music, Meadowmount  School of Music) en France, comme boursier du Gouvernement fran\u00e7ais  (Acad\u00e9mie Internationale de Nice) et en Autriche (Acad\u00e9mie de musique de  Vienne).<\/p>\n<p>Le violoniste a un palmar\u00e8s  immense, des cr\u00e9ations, des interpr\u00e9tations qui lui ont permis de  toucher les publics les plus vari\u00e9s sur tous les continents et surtout  de mettre en valeur tant en musique classique qu\u2019en musique  contemporaine, les compositeurs et les musiciens qu\u00e9b\u00e9cois. Il  a travaill\u00e9 \u00e0 l\u2019Orchestre symphonique de Montr\u00e9al, \u00e0 l\u2019Orchestre  symphonique de Qu\u00e9bec, \u00e0 l\u2019Ensemble de la Soci\u00e9t\u00e9 de musique  contemporaine du Qu\u00e9bec, \u00e0 l\u2019Orchestre de Radio-Canada et  aux Grands ballets canadiens. Il a aussi \u00e9t\u00e9 le violoniste  de Gilles Vigneault de 1973 \u00e0 1996. Il en parle, comme d\u2019un  ami, d\u2019un fr\u00e8re <em>\u00abNous avons fait ensemble des tourn\u00e9es, il m\u2019a  beaucoup appris, c\u2019est mon grand fr\u00e8re. Cela m\u2019est arriv\u00e9  d\u2019aller chez lui \u00e0 St-Placide pour lui demander des conseils. C\u2019est  moi qui ai choisi de vivre au Qu\u00e9bec. A New-York quand  j\u2019ai \u00e9t\u00e9 au Consulat canadien, venant de Paris o\u00f9 j\u2019avais connu mai 68,  j\u2019ai rencontr\u00e9 un Qu\u00e9b\u00e9cois qui n\u2019en revenait pas de voir un \u00ab\u00a0Chinois\u00a0\u00bb  qui parle fran\u00e7ais, ne sachant pas ce qu\u2019est un Cor\u00e9en. Jai  donc connu apr\u00e8s, octobre 70 \u00e0 Qu\u00e9bec\u00bb.<\/em><\/p>\n<p>La vision de son cheminement est  claire <em>\u00abDe 1979 \u00e0 1987 j\u2019ai fond\u00e9 l\u2019Orchestre m\u00e9tropolitain o\u00f9 j\u2019ai  occup\u00e9 le poste de directeur g\u00e9n\u00e9ral, je l\u2019ai mis sur la carte. Le  jour de mes quarante ans je suis parti pour devenir adjoint au  directeur artistique du Festival international de Lanaudi\u00e8re au cours  des saisons 1988 et 1989. En 1987, j\u2019ai particip\u00e9 au Asian  Philharmonic Orchestra, au Japon \u00e0 Tokyo; ce sont les premi\u00e8res chaises  des meilleurs orchestres du monde qui jouent. J\u2019ai pris  conscience qu\u2019apr\u00e8s plus de vingt ans (23 ans exactement) je n\u2019avais  rien fait en Asie, je revenais \u00e0 la source apr\u00e8s avoir surtout fait  beaucoup pour donner du travail aux jeunes Qu\u00e9b\u00e9cois et m\u2019\u00eatre consacr\u00e9 \u00e0  la promotion des talents d\u2019ici. Pendant 24 heures je suis  donc retourn\u00e9, \u00e0 partir de Tokyo, en Cor\u00e9e d\u00e9couvrir un pays chang\u00e9.  J\u2019ai repris contact avec des amis et je suis all\u00e9 souvent en  Cor\u00e9e au cours des ann\u00e9es 1991 et 1992. Je me suis ainsi  rendu compte que je pouvais faire quelque chose pour les jeunes Cor\u00e9ens  qui vivent au Qu\u00e9bec\u00bb.<\/em><\/p>\n<p>Depuis cette p\u00e9riode, il a fond\u00e9  et il est le directeur artistique de l\u2019Orchestre des Cor\u00e9ens de  Montr\u00e9al (un orchestre \u00e0 vocation \u00e9ducative surtout), du Cercle des  musiciens cor\u00e9ens de Montr\u00e9al et de la Soci\u00e9t\u00e9 culturelle Qu\u00e9bec-Cor\u00e9e  qui pr\u00e9sente depuis l\u2019automne 1997 la F\u00eate de Tchou\u2019Sok-J\u00e9 (Semaine  culturelle cor\u00e9enne \u00e0 Montr\u00e9al). La journ\u00e9e Tchou\u2019Sok  c\u00e9l\u00e8bre la moisson abondante et honore les anc\u00eatres, c\u2019est  traditionnellement une p\u00e9riode de r\u00e9jouissance. C\u2019est la  plus grande f\u00eate cor\u00e9enne qui date de plus de 2000 ans. Il  explique le d\u00e9but et le sens de son engagement communautaire: <em>\u00abA  cette \u00e9poque j\u2019ai pris conscience que je pouvais aider les  jeunes Cor\u00e9ens et je me suis rendu compte qu\u2019il y a plusieurs centaines  d\u2019enfants cor\u00e9ens adopt\u00e9s par des familles qu\u00e9b\u00e9coises et les jeunes de  la deuxi\u00e8me g\u00e9n\u00e9ration de Cor\u00e9ens n\u00e9s ici. Nous avons fait  un rapprochement entre eux avec l\u2019aide d\u2019Enfants d\u2019Orient pour donner  aux jeunes l\u2019occasion de mieux comprendre la diversit\u00e9 des communaut\u00e9s  culturelles afin de mieux b\u00e2tir leur avenir en r\u00e9alisant leurs r\u00eaves et  leurs espoirs, avec fiert\u00e9 et en tant que citoyens \u00e0 part enti\u00e8re de la  soci\u00e9t\u00e9 qu\u00e9b\u00e9coise dans la joie et l\u2019enthousiasme\u00bb. <\/em>Nous  voyons dans cette intuition et \u00e0 travers le d\u00e9vouement de H\u00fbn Bang sa  volont\u00e9 profonde de contribuer \u00e0 l\u2019int\u00e9gration sociale et civique des  jeunes, un levier solide de sa motivation pure.<\/p>\n<p>Ce concepteur de projets a d\u00e9j\u00e0 \u00e0  son actif des r\u00e9ussites superbes comme faire chanter C\u00e9line Dion en  Cor\u00e9e (1997). Il a ouvert un nouveau march\u00e9 pour les  instruments du luthier Denis Cormier, en 1993 et c\u2019est encore lui qui a  lanc\u00e9 Kashtin. Il avance le dossier du Cirque du Soleil  depuis quelques temps, il va r\u00e9ussir. Pour juin  2001, il pr\u00e9pare la premi\u00e8re Semaine culturelle qu\u00e9b\u00e9coise en Cor\u00e9e.  <em>\u00abJe trouve qu\u2019il y a deux peuples qui se ressemblent, les  Cor\u00e9ens et les Qu\u00e9b\u00e9cois. Cette semaine est plus large que  les arts, il y aura aussi l\u2019\u00e9conomie, l\u2019industrie etc<\/em>\u2026Son slogan  est explicite sur sa personnalit\u00e9 rayonnante. Un visage  lumineux et plein d\u2019un \u00e9clat d\u2019intelligence sans cesse en flamm<em>e\u00a0:  \u00abL\u00e0 o\u00f9 je travaille, j\u2019ai besoin de la volont\u00e9 de cr\u00e9er et  de sourire\u00bb.<\/em><\/p>\n","protected":false},"excerpt":{"rendered":"<p>Violoniste, consultant en musique, conseiller musical et artistique, concepteur d\u2019\u00e9v\u00e9nements, producteur de projets artistiques et administrateur H\u00fbn Bang est le fondateur de l\u2019Orchestre M\u00e9tropolitain de Montr\u00e9al. Virtuose du violon, H\u00fbn Bang est le g\u00e9nie inventif des liens globaux qui se d\u00e9veloppent, depuis cinq ans surtout, entre la Cor\u00e9e et le Qu\u00e9bec. Il est arriv\u00e9 il [&hellip;]<\/p>\n","protected":false},"author":1,"featured_media":0,"comment_status":"open","ping_status":"open","sticky":false,"template":"","format":"standard","meta":{"_bbp_topic_count":0,"_bbp_reply_count":0,"_bbp_total_topic_count":0,"_bbp_total_reply_count":0,"_bbp_voice_count":0,"_bbp_anonymous_reply_count":0,"_bbp_topic_count_hidden":0,"_bbp_reply_count_hidden":0,"_bbp_forum_subforum_count":0,"_et_pb_use_builder":"","_et_pb_old_content":"","_et_gb_content_width":""},"categories":[16],"tags":[],"_links":{"self":[{"href":"http:\/\/www.yvesalavo.ca\/index.php?rest_route=\/wp\/v2\/posts\/372"}],"collection":[{"href":"http:\/\/www.yvesalavo.ca\/index.php?rest_route=\/wp\/v2\/posts"}],"about":[{"href":"http:\/\/www.yvesalavo.ca\/index.php?rest_route=\/wp\/v2\/types\/post"}],"author":[{"embeddable":true,"href":"http:\/\/www.yvesalavo.ca\/index.php?rest_route=\/wp\/v2\/users\/1"}],"replies":[{"embeddable":true,"href":"http:\/\/www.yvesalavo.ca\/index.php?rest_route=%2Fwp%2Fv2%2Fcomments&post=372"}],"version-history":[{"count":1,"href":"http:\/\/www.yvesalavo.ca\/index.php?rest_route=\/wp\/v2\/posts\/372\/revisions"}],"predecessor-version":[{"id":373,"href":"http:\/\/www.yvesalavo.ca\/index.php?rest_route=\/wp\/v2\/posts\/372\/revisions\/373"}],"wp:attachment":[{"href":"http:\/\/www.yvesalavo.ca\/index.php?rest_route=%2Fwp%2Fv2%2Fmedia&parent=372"}],"wp:term":[{"taxonomy":"category","embeddable":true,"href":"http:\/\/www.yvesalavo.ca\/index.php?rest_route=%2Fwp%2Fv2%2Fcategories&post=372"},{"taxonomy":"post_tag","embeddable":true,"href":"http:\/\/www.yvesalavo.ca\/index.php?rest_route=%2Fwp%2Fv2%2Ftags&post=372"}],"curies":[{"name":"wp","href":"https:\/\/api.w.org\/{rel}","templated":true}]}}