{"id":385,"date":"2010-08-17T23:49:00","date_gmt":"2010-08-17T23:49:00","guid":{"rendered":"http:\/\/www.yvesalavo.ca\/?p=385"},"modified":"2010-08-17T23:49:00","modified_gmt":"2010-08-17T23:49:00","slug":"patrice-lare-le-niveau-le-plus-eleve-de-lexpression-pianistique","status":"publish","type":"post","link":"http:\/\/www.yvesalavo.ca\/?p=385","title":{"rendered":"PATRICE LAR\u00c9, LE NIVEAU LE PLUS \u00c9LEV\u00c9 DE L&rsquo;EXPRESSION PIANISTIQUE"},"content":{"rendered":"<p>L\u2019artiste est comme un  v\u00e9ritable d\u00e9miurge\u00a0 totalement consacr\u00e9 \u00e0 son divin tr\u00e9sor, technique  de jeu et qualit\u00e9 d\u2019expression, unis en une ma\u00eetrise rare, diff\u00e9rente  car d\u2019une intensit\u00e9 que peu de musiciens professionnels ont le privil\u00e8ge  d\u2019atteindre, toutes cat\u00e9gories comprises, sur la plan\u00e8te des arts et de  la culture. \u00a0Parcours atypique dans une d\u00e9marche artistique et humaine  o\u00f9 se croisent l\u2019Afrique, l\u2019Europe et l\u2019Am\u00e9rique, Patrice Lar\u00e9 illustre  en sa personne, avec le g\u00e9nie qu\u2019il d\u00e9veloppe et le capital merveilleux  d\u2019exp\u00e9rience sociale, culturelle et professionnelle, ce que la  mondialisation et la diversit\u00e9 culturelle peuvent offrir au monde en ce  vingt-et-uni\u00e8me si\u00e8cle. \u00a0Patrice Lar\u00e9 est un des plus remarquables  fleurons de la famille des grands concertistes et instrumentistes  professionnels qui se produisent, gr\u00e2ce \u00e0 un palmar\u00e8s sp\u00e9cifique et un  r\u00e9pertoire \u00e9clectique, sur les plus grandes sc\u00e8nes du monde.<\/p>\n<p>Ses acquis, son talent  et l\u2019immense potentiel d\u00e9di\u00e9 au piano, dans ce contexte, art  particulier de communiquer avec cet instrument majeur au temple de la  modernit\u00e9, font de Patrice Lar\u00e9 pour les plus comp\u00e9tents des r\u00e9seaux  internationaux des maisons de cr\u00e9ation et de production, un artiste qui  m\u00e9rite les meilleurs investissements.\u00a0 Patrice Lar\u00e9 offre une garantie  unique et particuli\u00e8re, notamment en ce qui est relatif aux grandes  \u0153uvres du r\u00e9pertoire romantique, aux plus importantes structures de  r\u00e9alisation et de production de la musique classique.\u00a0 D\u00e9sormais, il est  m\u00fbr pour les grands projets.\u00a0 Projets solides qu\u2019il travaille dont  l\u2019enregistrement en premi\u00e8re nord-am\u00e9ricaine de l\u2019int\u00e9grale des  compositions pour piano de Ivanovitch Gurdjieff, mais aussi, inscrit  dans son giron secret de pr\u00e9dilection, un CD consacr\u00e9 \u00e0 Franz Liszt.<\/p>\n<p>Pour le bonheur de  millions de m\u00e9lomanes et, chance unique pour le Canada, l\u2019association  merveilleuse et l\u2019harmonie cr\u00e9atrice qui lient Patrice Lar\u00e9 pianiste \u00e0  la violoncelliste V\u00e9litchka Yotcheva, ouvrent un champ immense de  conjugaisons artistiques de niveau \u00e9lev\u00e9, en cette d\u00e9cennie o\u00f9 des  dimensions nouvelles se profilent gr\u00e2ce aux innovations technologiques  capables de donner \u00e0 pareils talents des espaces in\u00e9dits. \u00a0Parions que,  nos deux artistes sublimes, pourront participer aux s\u00e9ances de  production \u00e0 des concerts, des enregistrements ou des r\u00e9alisations sur  diff\u00e9rentes plateformes et mettre au monde, ce dont nous avons tous  besoin, des \u0153uvres de r\u00eave qui trouveront leur place au panth\u00e9on de la  musique classique universelle.<\/p>\n","protected":false},"excerpt":{"rendered":"<p>L\u2019artiste est comme un v\u00e9ritable d\u00e9miurge\u00a0 totalement consacr\u00e9 \u00e0 son divin tr\u00e9sor, technique de jeu et qualit\u00e9 d\u2019expression, unis en une ma\u00eetrise rare, diff\u00e9rente car d\u2019une intensit\u00e9 que peu de musiciens professionnels ont le privil\u00e8ge d\u2019atteindre, toutes cat\u00e9gories comprises, sur la plan\u00e8te des arts et de la culture. \u00a0Parcours atypique dans une d\u00e9marche artistique et [&hellip;]<\/p>\n","protected":false},"author":1,"featured_media":0,"comment_status":"open","ping_status":"open","sticky":false,"template":"","format":"standard","meta":{"_bbp_topic_count":0,"_bbp_reply_count":0,"_bbp_total_topic_count":0,"_bbp_total_reply_count":0,"_bbp_voice_count":0,"_bbp_anonymous_reply_count":0,"_bbp_topic_count_hidden":0,"_bbp_reply_count_hidden":0,"_bbp_forum_subforum_count":0,"_et_pb_use_builder":"","_et_pb_old_content":"","_et_gb_content_width":""},"categories":[19],"tags":[],"_links":{"self":[{"href":"http:\/\/www.yvesalavo.ca\/index.php?rest_route=\/wp\/v2\/posts\/385"}],"collection":[{"href":"http:\/\/www.yvesalavo.ca\/index.php?rest_route=\/wp\/v2\/posts"}],"about":[{"href":"http:\/\/www.yvesalavo.ca\/index.php?rest_route=\/wp\/v2\/types\/post"}],"author":[{"embeddable":true,"href":"http:\/\/www.yvesalavo.ca\/index.php?rest_route=\/wp\/v2\/users\/1"}],"replies":[{"embeddable":true,"href":"http:\/\/www.yvesalavo.ca\/index.php?rest_route=%2Fwp%2Fv2%2Fcomments&post=385"}],"version-history":[{"count":1,"href":"http:\/\/www.yvesalavo.ca\/index.php?rest_route=\/wp\/v2\/posts\/385\/revisions"}],"predecessor-version":[{"id":386,"href":"http:\/\/www.yvesalavo.ca\/index.php?rest_route=\/wp\/v2\/posts\/385\/revisions\/386"}],"wp:attachment":[{"href":"http:\/\/www.yvesalavo.ca\/index.php?rest_route=%2Fwp%2Fv2%2Fmedia&parent=385"}],"wp:term":[{"taxonomy":"category","embeddable":true,"href":"http:\/\/www.yvesalavo.ca\/index.php?rest_route=%2Fwp%2Fv2%2Fcategories&post=385"},{"taxonomy":"post_tag","embeddable":true,"href":"http:\/\/www.yvesalavo.ca\/index.php?rest_route=%2Fwp%2Fv2%2Ftags&post=385"}],"curies":[{"name":"wp","href":"https:\/\/api.w.org\/{rel}","templated":true}]}}