{"id":395,"date":"2010-08-17T23:56:39","date_gmt":"2010-08-17T23:56:39","guid":{"rendered":"http:\/\/www.yvesalavo.ca\/?p=395"},"modified":"2010-08-17T23:56:39","modified_gmt":"2010-08-17T23:56:39","slug":"joujou-turenne-un-heritage-culturel-merveilleux","status":"publish","type":"post","link":"http:\/\/www.yvesalavo.ca\/?p=395","title":{"rendered":"JOUJOU TURENNE : UN H\u00c9RITAGE CULTUREL MERVEILLEUX"},"content":{"rendered":"<div id=\"attachment_396\" style=\"width: 94px\" class=\"wp-caption alignleft\"><a href=\"http:\/\/www.yvesalavo.ca\/wp-content\/uploads\/2010\/08\/Joujou-Turenne-2.jpg\"><img aria-describedby=\"caption-attachment-396\" loading=\"lazy\" class=\"size-full wp-image-396\" title=\"Joujou Turenne (2)\" src=\"http:\/\/www.yvesalavo.ca\/wp-content\/uploads\/2010\/08\/Joujou-Turenne-2.jpg\" alt=\"Joujou Turenne\" width=\"84\" height=\"126\" \/><\/a><p id=\"caption-attachment-396\" class=\"wp-caption-text\">Joujou Turenne<\/p><\/div>\n<p>Com\u00e9dienne, danseuse,  chor\u00e9graphe, animatrice, c\u2019est tout \u00e0 la fois les diff\u00e9rentes facettes  mais surtout autant de formes d\u2019une expression universelle ma\u00eetris\u00e9e et  de voies qu\u2019emprunte la Conteuse Joujou Turenne pour exister tout  simplement.\u00a0 La personne ma\u00eetresse, c\u2019est elle la f\u00e9e.\u00a0 Comment saisir  en quelques lignes les contours superbes de cette cr\u00e9atrice de Parole.<\/p>\n<p>Griote africaine au sens le plus  authentique du terme, si l\u2019on veut, Joujou Turenne dont la formation en  psychologie et en r\u00e9cr\u00e9ologie \u00e0 l\u2019Universit\u00e9 d\u2019Ottawa, atteste s\u2019il est  n\u00e9cessaire, de son talent de p\u00e9dagogue du verbe, est vraiment <em>JOUJOU,  AMIE DU VENT<\/em>, titre du recueil de contes paru aux \u00c9ditions du  Cidihca en 1998.<\/p>\n<p>En quelques lignes nous ne  pouvons que mettre en mots l\u2019image fulgurante de cette passionn\u00e9e du  mouvement.\u00a0\u00a0 Pour elle, la voix, le geste, la respiration, sont des  moyens de mettre au monde son h\u00e9ritage culturel d\u2019artiste errante  cherchant \u00e0 conqu\u00e9rir le plus large public possible.\u00a0 Musique, danse,  th\u00e9\u00e2tre, r\u00e9alisation, conte, animation sont imbriqu\u00e9s harmonieusement  dans son personnage.<\/p>\n<p>L\u2019univers magique qu\u2019elle g\u00e9n\u00e8re  en prenant corps de personnages comme <em>Passe-Tourelle<\/em> dans la  s\u00e9rie de <strong>Passe-Partout<\/strong> ou \u00e0 travers les r\u00f4les qu\u2019elle  incarne pour les publicit\u00e9s de <em>Fido<\/em> ou de la <em>Banque de  Montr\u00e9al<\/em> ou depuis dix ans les dizaines de vies qu\u2019elle cr\u00e9e comme  conteuse invit\u00e9e \u00e0 Montr\u00e9al, au Canada ou ailleurs dans le monde.\u00a0 Cet  univers, c\u2019est celui d\u2019un imaginaire f\u00e9cond \u00e0 d\u00e9couvrir.<\/p>\n<p>Artiste interdisciplinaire par  excellence, Joujou Turenne devrait \u00eatre bien plus pr\u00e9sente sur nos  \u00e9crans.\u00a0 Sa d\u00e9marche ne pr\u00e9figure t-elle pas l\u2019int\u00e9gration multim\u00e9dia  que tous nos gourous des m\u00e9dias appellent de leurs cris d\u00e9sesp\u00e9r\u00e9s?\u00a0 Ses  trop rares apparitions sur nos sc\u00e8nes mettent plus en relief la  difficile ouverture de nos t\u00e9l\u00e9visions, de nos radios face \u00e0 la force  cr\u00e9atrice d\u2019une proposition artistique enracin\u00e9e dans un h\u00e9ritage  culturel solide et ouvert sur l\u2019universel.<\/p>\n","protected":false},"excerpt":{"rendered":"<p>Com\u00e9dienne, danseuse, chor\u00e9graphe, animatrice, c\u2019est tout \u00e0 la fois les diff\u00e9rentes facettes mais surtout autant de formes d\u2019une expression universelle ma\u00eetris\u00e9e et de voies qu\u2019emprunte la Conteuse Joujou Turenne pour exister tout simplement.\u00a0 La personne ma\u00eetresse, c\u2019est elle la f\u00e9e.\u00a0 Comment saisir en quelques lignes les contours superbes de cette cr\u00e9atrice de Parole. Griote africaine [&hellip;]<\/p>\n","protected":false},"author":1,"featured_media":0,"comment_status":"open","ping_status":"open","sticky":false,"template":"","format":"standard","meta":{"_bbp_topic_count":0,"_bbp_reply_count":0,"_bbp_total_topic_count":0,"_bbp_total_reply_count":0,"_bbp_voice_count":0,"_bbp_anonymous_reply_count":0,"_bbp_topic_count_hidden":0,"_bbp_reply_count_hidden":0,"_bbp_forum_subforum_count":0,"_et_pb_use_builder":"","_et_pb_old_content":"","_et_gb_content_width":""},"categories":[19],"tags":[],"_links":{"self":[{"href":"http:\/\/www.yvesalavo.ca\/index.php?rest_route=\/wp\/v2\/posts\/395"}],"collection":[{"href":"http:\/\/www.yvesalavo.ca\/index.php?rest_route=\/wp\/v2\/posts"}],"about":[{"href":"http:\/\/www.yvesalavo.ca\/index.php?rest_route=\/wp\/v2\/types\/post"}],"author":[{"embeddable":true,"href":"http:\/\/www.yvesalavo.ca\/index.php?rest_route=\/wp\/v2\/users\/1"}],"replies":[{"embeddable":true,"href":"http:\/\/www.yvesalavo.ca\/index.php?rest_route=%2Fwp%2Fv2%2Fcomments&post=395"}],"version-history":[{"count":2,"href":"http:\/\/www.yvesalavo.ca\/index.php?rest_route=\/wp\/v2\/posts\/395\/revisions"}],"predecessor-version":[{"id":398,"href":"http:\/\/www.yvesalavo.ca\/index.php?rest_route=\/wp\/v2\/posts\/395\/revisions\/398"}],"wp:attachment":[{"href":"http:\/\/www.yvesalavo.ca\/index.php?rest_route=%2Fwp%2Fv2%2Fmedia&parent=395"}],"wp:term":[{"taxonomy":"category","embeddable":true,"href":"http:\/\/www.yvesalavo.ca\/index.php?rest_route=%2Fwp%2Fv2%2Fcategories&post=395"},{"taxonomy":"post_tag","embeddable":true,"href":"http:\/\/www.yvesalavo.ca\/index.php?rest_route=%2Fwp%2Fv2%2Ftags&post=395"}],"curies":[{"name":"wp","href":"https:\/\/api.w.org\/{rel}","templated":true}]}}