{"id":40,"date":"2010-08-09T12:59:13","date_gmt":"2010-08-09T12:59:13","guid":{"rendered":"http:\/\/www.yvesalavo.ca\/?p=40"},"modified":"2010-08-09T12:59:24","modified_gmt":"2010-08-09T12:59:24","slug":"le-kosovo-dans-le-concert-des-nations","status":"publish","type":"post","link":"http:\/\/www.yvesalavo.ca\/?p=40","title":{"rendered":"LE KOSOVO, DANS LE CONCERT DES NATIONS"},"content":{"rendered":"<p>LE KOSOVO, DANS LE CONCERT DES NATIONS<\/p>\n<p>Le Kosovo  vient de proclamer, ce dimanche 17 f\u00e9vrier 2008, de mani\u00e8re unilat\u00e9rale  son ind\u00e9pendance. Cette d\u00e9cision, longtemps attendue, est pr\u00e9sent\u00e9e  comme in\u00e9luctable apr\u00e8s l\u2019\u00e9chec programm\u00e9 des discussions entre Belgrade  et Pristina. Parviendra-t-elle \u00e0 calmer les tensions engendr\u00e9es par le  statu quo qui pr\u00e9vaut depuis l\u2019instauration du protectorat international  en 1999, ou ne risque-t-elle pas, au contraire, de rallumer tous les  brasiers mal \u00e9teints de la r\u00e9gion ? Et que sera le Kosovo de demain, \u00ab  ind\u00e9pendant \u00bb mais sous contr\u00f4le, et sans aucune perspective \u00e9conomique  viable ? Durant deux ann\u00e9es, le gouvernement serbe et les autorit\u00e9s  albanaises du Kosovo ont men\u00e9 des \u00ab n\u00e9gociations \u00bb qui, par bien des  aspects, n\u2019ont \u00e9t\u00e9 qu\u2019un th\u00e9\u00e2tre de faux-semblants. D\u2019entr\u00e9e de jeu, les  Etats-Unis avaient fix\u00e9 les r\u00e8gles, en d\u00e9clarant que l\u2019issue \u2014  l\u2019ind\u00e9pendance \u2014 \u00e9tait in\u00e9luctable. Alors que cette option \u00e9tait et  demeure inacceptable pour Belgrade, aucune tentative r\u00e9elle de d\u00e9gager  un compromis n\u2019a jamais \u00e9t\u00e9 entreprise. Pour sa part, la Serbie avait  fond\u00e9 toute sa strat\u00e9gie sur le soutien de la Russie et sur les  principes du droit international, r\u00e9clamant le respect de la r\u00e9solution  1244 du Conseil de s\u00e9curit\u00e9 des Nations unies, qui reconna\u00eet  explicitement la souverainet\u00e9 serbe sur le Kosovo. D\u2019apr\u00e8s les  dirigeants de Pristina, la proclamation d\u2019ind\u00e9pendance du Kosovo est  cens\u00e9e r\u00e9sulter d\u2019un processus \u00ab concert\u00e9 \u00bb avec les principaux acteurs  de la sc\u00e8ne internationale. Pourtant, la cacophonie semble l\u2019emporter.  En effet, l\u2019Union europ\u00e9enne est profond\u00e9ment divis\u00e9e sur le sujet.  Certains de ses Etats membres (l\u2019Espagne, la Gr\u00e8ce, Chypre, la Roumanie  et la Slovaquie) n\u2019envisagent pas de reconna\u00eetre imm\u00e9diatement  l\u2019ind\u00e9pendance du nouvel Etat, m\u00eame s\u2019ils ne devraient pas s\u2019opposer \u00e0  l\u2019envoi de la mission europ\u00e9enne Eulex, qui reprendra une partie des  comp\u00e9tences d\u00e9tenues depuis juin 1999 par la Mission des Nations unies  au Kosovo (Minuk), notamment dans les domaines de la police et de la  justice. <em>Pour mieux saisir les dimensions de cette action, allez sur  le lien \u00ab Un nouveau pays au monde \u00bb, documentation de MANI\u00c8RES DE VOIR  du Monde Diplomatique.<\/em><\/p>\n","protected":false},"excerpt":{"rendered":"<p>LE KOSOVO, DANS LE CONCERT DES NATIONS Le Kosovo vient de proclamer, ce dimanche 17 f\u00e9vrier 2008, de mani\u00e8re unilat\u00e9rale son ind\u00e9pendance. Cette d\u00e9cision, longtemps attendue, est pr\u00e9sent\u00e9e comme in\u00e9luctable apr\u00e8s l\u2019\u00e9chec programm\u00e9 des discussions entre Belgrade et Pristina. Parviendra-t-elle \u00e0 calmer les tensions engendr\u00e9es par le statu quo qui pr\u00e9vaut depuis l\u2019instauration du protectorat [&hellip;]<\/p>\n","protected":false},"author":1,"featured_media":0,"comment_status":"open","ping_status":"open","sticky":false,"template":"","format":"standard","meta":{"_bbp_topic_count":0,"_bbp_reply_count":0,"_bbp_total_topic_count":0,"_bbp_total_reply_count":0,"_bbp_voice_count":0,"_bbp_anonymous_reply_count":0,"_bbp_topic_count_hidden":0,"_bbp_reply_count_hidden":0,"_bbp_forum_subforum_count":0,"_et_pb_use_builder":"","_et_pb_old_content":"","_et_gb_content_width":""},"categories":[5],"tags":[],"_links":{"self":[{"href":"http:\/\/www.yvesalavo.ca\/index.php?rest_route=\/wp\/v2\/posts\/40"}],"collection":[{"href":"http:\/\/www.yvesalavo.ca\/index.php?rest_route=\/wp\/v2\/posts"}],"about":[{"href":"http:\/\/www.yvesalavo.ca\/index.php?rest_route=\/wp\/v2\/types\/post"}],"author":[{"embeddable":true,"href":"http:\/\/www.yvesalavo.ca\/index.php?rest_route=\/wp\/v2\/users\/1"}],"replies":[{"embeddable":true,"href":"http:\/\/www.yvesalavo.ca\/index.php?rest_route=%2Fwp%2Fv2%2Fcomments&post=40"}],"version-history":[{"count":3,"href":"http:\/\/www.yvesalavo.ca\/index.php?rest_route=\/wp\/v2\/posts\/40\/revisions"}],"predecessor-version":[{"id":43,"href":"http:\/\/www.yvesalavo.ca\/index.php?rest_route=\/wp\/v2\/posts\/40\/revisions\/43"}],"wp:attachment":[{"href":"http:\/\/www.yvesalavo.ca\/index.php?rest_route=%2Fwp%2Fv2%2Fmedia&parent=40"}],"wp:term":[{"taxonomy":"category","embeddable":true,"href":"http:\/\/www.yvesalavo.ca\/index.php?rest_route=%2Fwp%2Fv2%2Fcategories&post=40"},{"taxonomy":"post_tag","embeddable":true,"href":"http:\/\/www.yvesalavo.ca\/index.php?rest_route=%2Fwp%2Fv2%2Ftags&post=40"}],"curies":[{"name":"wp","href":"https:\/\/api.w.org\/{rel}","templated":true}]}}