{"id":405,"date":"2010-08-18T00:20:59","date_gmt":"2010-08-18T00:20:59","guid":{"rendered":"http:\/\/www.yvesalavo.ca\/?p=405"},"modified":"2010-08-18T00:20:59","modified_gmt":"2010-08-18T00:20:59","slug":"menwar-griot-du-sagai","status":"publish","type":"post","link":"http:\/\/www.yvesalavo.ca\/?p=405","title":{"rendered":"MENWAR GRIOT DU SAGA\u00cf"},"content":{"rendered":"<p>Espace vital comble, le Balattou  au z\u00e9nith de tout ce que Montr\u00e9al compte de ressortissants de l\u2019Oc\u00e9an  Indien. Maurice est \u00e0 l\u2019honneur. Ce ma\u00eetre sorcier qui a fait  connaissance avec les artistes en exil sur tous les continents, cet  homme au contact vrai et sinc\u00e8re, au regard int\u00e9rieur, au calme  angoissant et \u00e0 l\u2019esprit artistique d\u2019abord, est un griot du Saga\u00ef  cr\u00e9ole. Des paroles aux accents qui trainent et enchantent, sous des  courges et de la chayotte, volcan rythmique, percussions lascives et  environnementales, les esprits planent et se reposent dans cette  ambiance po\u00e9tique et parfois \u00ab funk \u00bb et \u00ab soul \u00bb et \u00ab reggae \u00bb des  \u00e2mes, harmonie Ravanne aux accords uniques. Menwar, seul. Univers riche  et po\u00e9tique, il vit les notes, surgit le pouls oc\u00e9anique, les fruits  sonores des mers antiques, les gerbes de couleurs diachroniques, sur des  gammes d\u2019\u00e9pines et de soie, des port\u00e9es r\u00e9volutionnaires et sensuelles.  Les revendications secr\u00e8tes, les \u00e9clats c\u00e9lestes que v\u00e9hiculent les \u00ab  divinit\u00e9s \u00bb sub\u00e9quatoriales, op\u00e8rent. Ces dix derni\u00e8res ann\u00e9es Menwar a  retrouv\u00e9 ses marques, voici ce qu\u2019en disent les cahiers du Festival :  1998, apr\u00e8s 14 ans de vide discographique, Menwar sort un premier CD,  \u00abPop L\u00e9konomi\u00bb Puis, il fait \u00e9diter un livre accompagn\u00e9 d\u2019une cassette  pour enseigner sa m\u00e9thode r\u00e9volutionnaire de la Ravanne. Il peaufine son  style et sort en 2002 \u201cLeko Rivyer Nwar\u201d et pr\u00e9sente Saga\u00ef, une \u00e9nergie  musicale qui transperce l\u2019\u00e2me. Style o\u00f9 pr\u00e9dominent les sons  acoustiques et les percussions, il invente m\u00eame des instruments  originaux \u00e0 partir de coques de pistaches et de tiges de fleurs de  canne. C\u2019est l\u2019aboutissement d\u2019un long parcours musical et le  couronnement d\u2019une carri\u00e8re peu commune. Le Saga\u00ef propulse Menwar au  Festival \u201cMusiques M\u00e9tisses d\u2019Angoul\u00eame\u201c, aux Mayottes, en Afrique du  Sud, \u00e0 la R\u00e9union pour les festivals \u201cSakifo\u201d et dans les autres \u00eeles de  l\u2019Oc\u00e9an Indien. En 2006, avec la sortie r\u00e9ussie de son album <em>Ay Ay Lolo<\/em>,  Menwar est encens\u00e9 dans la presse fran\u00e7aise. \u00ab  <em>Proph\u00e8te d\u2019un \u00ab saga\u00ef \u00bb dansant sur fonds soul et funk qui incendie  la France, ce griot cr\u00e9ole venu d\u2019Afrique et virtuose de Ravanne, fait  penser \u00e0 Bob Marley \u00bb.<\/em> Menwar, chef de clan, tous, instrumentistes,  instruments, femme qui danse, hommes de tous les \u00ab spermes virtuels et  spirituels \u00bb, la cavalcade des sons et des notes coule. Tonnerre,  \u00e9clairs visuels, sujets en transe, notes rebelles, la musique accouche  de tous ses fous d\u00e9sirs. Passion bouillonne, amours tectoniques,  angoisse volcanique baign\u00e9e d\u2019une g\u00e9n\u00e9rosit\u00e9 sans limite. Autant  d\u2019offrandes et de libations pour \u00e9loigner les fureurs d\u00e9moniaques. La  Caravane divine descend sur nous. Les Productions Nuits d\u2019Afrique ont  r\u00e9ussi, pour cette 22<sup>e<\/sup> \u00e9dition du Festival international  Nuits d\u2019Afrique, un coup de ma\u00eetre, comme elles savent faire na\u00eetre les  rencontres f\u00e9condes \u00e0 l\u2019instar des \u00ab Poup\u00e9es Ashanti \u00bb. Vive l\u2019Exil  Menwar.<\/p>\n","protected":false},"excerpt":{"rendered":"<p>Espace vital comble, le Balattou au z\u00e9nith de tout ce que Montr\u00e9al compte de ressortissants de l\u2019Oc\u00e9an Indien. Maurice est \u00e0 l\u2019honneur. Ce ma\u00eetre sorcier qui a fait connaissance avec les artistes en exil sur tous les continents, cet homme au contact vrai et sinc\u00e8re, au regard int\u00e9rieur, au calme angoissant et \u00e0 l\u2019esprit artistique [&hellip;]<\/p>\n","protected":false},"author":1,"featured_media":0,"comment_status":"open","ping_status":"open","sticky":false,"template":"","format":"standard","meta":{"_bbp_topic_count":0,"_bbp_reply_count":0,"_bbp_total_topic_count":0,"_bbp_total_reply_count":0,"_bbp_voice_count":0,"_bbp_anonymous_reply_count":0,"_bbp_topic_count_hidden":0,"_bbp_reply_count_hidden":0,"_bbp_forum_subforum_count":0,"_et_pb_use_builder":"","_et_pb_old_content":"","_et_gb_content_width":""},"categories":[19],"tags":[],"_links":{"self":[{"href":"http:\/\/www.yvesalavo.ca\/index.php?rest_route=\/wp\/v2\/posts\/405"}],"collection":[{"href":"http:\/\/www.yvesalavo.ca\/index.php?rest_route=\/wp\/v2\/posts"}],"about":[{"href":"http:\/\/www.yvesalavo.ca\/index.php?rest_route=\/wp\/v2\/types\/post"}],"author":[{"embeddable":true,"href":"http:\/\/www.yvesalavo.ca\/index.php?rest_route=\/wp\/v2\/users\/1"}],"replies":[{"embeddable":true,"href":"http:\/\/www.yvesalavo.ca\/index.php?rest_route=%2Fwp%2Fv2%2Fcomments&post=405"}],"version-history":[{"count":1,"href":"http:\/\/www.yvesalavo.ca\/index.php?rest_route=\/wp\/v2\/posts\/405\/revisions"}],"predecessor-version":[{"id":406,"href":"http:\/\/www.yvesalavo.ca\/index.php?rest_route=\/wp\/v2\/posts\/405\/revisions\/406"}],"wp:attachment":[{"href":"http:\/\/www.yvesalavo.ca\/index.php?rest_route=%2Fwp%2Fv2%2Fmedia&parent=405"}],"wp:term":[{"taxonomy":"category","embeddable":true,"href":"http:\/\/www.yvesalavo.ca\/index.php?rest_route=%2Fwp%2Fv2%2Fcategories&post=405"},{"taxonomy":"post_tag","embeddable":true,"href":"http:\/\/www.yvesalavo.ca\/index.php?rest_route=%2Fwp%2Fv2%2Ftags&post=405"}],"curies":[{"name":"wp","href":"https:\/\/api.w.org\/{rel}","templated":true}]}}