{"id":436,"date":"2010-08-18T00:41:15","date_gmt":"2010-08-18T00:41:15","guid":{"rendered":"http:\/\/www.yvesalavo.ca\/?p=436"},"modified":"2010-08-18T00:41:15","modified_gmt":"2010-08-18T00:41:15","slug":"amel-belhassen-maalaoui","status":"publish","type":"post","link":"http:\/\/www.yvesalavo.ca\/?p=436","title":{"rendered":"AMEL BELHASSEN MAALAOUI"},"content":{"rendered":"<p>Il existe des personnes qui  respirent l\u2019\u00e9quilibre et dont la vie dans son d\u00e9roulement semble, sans  cesse, produire pour eux et les leurs, \u00e0 travers leurs engagements, un  ensemble de situations, d\u2019histoires de vies, de rencontres qui sont  autant de sujets d\u2019int\u00e9r\u00eat qui m\u00e9ritent d\u2019\u00eatre part de notre conscience  historique, car ils ne font que la fa\u00e7onner.<\/p>\n<p>Amel Belhassen se pr\u00e9sente avec  cette ligne directe et une lucidit\u00e9 qui parle plus de son esprit  d\u2019analyse et de loyaut\u00e9 envers elle, vis-\u00e0-vis de ses  convictions profondes\u00a0: <em>Je suis canadienne d\u2019origine tunisienne et  m\u00e8re de deux enfants. Je suis charg\u00e9e de cours \u00e0 l\u2019Universit\u00e9 du Qu\u00e9bec \u00e0  Montr\u00e9al et donne actuellement un cours sur la condition de la femme  immigrante. De par mon origine ethnoculturelle et mon statut  d\u2019immigrante, la question de l\u2019immigration me passionne et la  compr\u00e9hension des conditions de vie des immigrants et immigrantes en  pays d\u2019accueil (le v\u00e9cu des femmes, l\u2019acc\u00e8s au march\u00e9 du travail des  immigrants et immigrantes, etc.) constitue mon principal axe de  recherche dans le milieu acad\u00e9mique ainsi que dans le milieu  communautaire.<\/em><\/p>\n<p>Son parcours acad\u00e9mique est pr\u00e9cis.  Entre le moment o\u00f9 elle obtient sa ma\u00eetrise en sociologie de  l\u2019Universit\u00e9 de Tunis en 1983 et celui o\u00f9 elle obtient une autre  ma\u00eetrise, cette fois de l\u2019Universit\u00e9 du Qu\u00e9bec \u00e0 Montr\u00e9al en 1994, il y  eu le d\u00e9part du pays natal et la nouvelle vie au Qu\u00e9bec d\u00e8s 1984, comme  boursi\u00e8re de l\u2019Agence canadienne de d\u00e9veloppement international. Le  titre de son m\u00e9moire de ma\u00eetrise est \u00e9loquent sur ses int\u00e9r\u00eats\u00a0: <em>Le  nouveau mod\u00e8le industriel : le cas d\u2019IBM Canada<\/em>. Les  th\u00e8mes cl\u00e9s sont\u00a0: la transformation du march\u00e9 du travail au Canada, les  modes de gestion des ressources humaines. Ses choix sont  orient\u00e9s vers la sociologie \u00e9conomique, les politiques d\u2019immigration  internationale, Amel Belhassen pr\u00e9pare son doctorat. De  1994 \u00e0 1998 : scolarit\u00e9 de doctorat en sociologie \u00e0 l\u2019universit\u00e9 du  Qu\u00e9bec \u00e0 Montr\u00e9al. Examen de synth\u00e8se pass\u00e9 avec succ\u00e8s.  Les sujets sont : les approches sociologiques de l\u2019immigration  (r\u00f4le de l\u2019\u00c9tat, int\u00e9gration au march\u00e9 du travail, d\u00e9bats autour des  traitements sociologiques de l\u2019insertion socioprofessionnelle (les  diff\u00e9rents aspects de l\u2019insertion, l\u2019influence du march\u00e9 du travail,  etc.).<\/p>\n<p>Amel Belhassen pr\u00e9pare donc la  soutenance de sa th\u00e8se de doctorat dont le sujet porte sur les  strat\u00e9gies d\u2019insertion des immigrants dans le march\u00e9 du travail \u00e0  Montr\u00e9al. Avant d\u2019arriver au Qu\u00e9bec, elle avait travaill\u00e9  en Tunisie pour le Minist\u00e8re du travail dont elle dirigeait le Service  de la formation, depuis, ses activit\u00e9s professionnelles lui ont permis, \u00e0  titre de charg\u00e9e de cours ou de coordonnatrice d\u2019\u00e9quipe pour des  projets d\u2019envergure, de participer \u00e0 diff\u00e9rentes structures\u00a0: R\u00e9seau  qu\u00e9b\u00e9cois des chercheurs f\u00e9ministes, Institut de formation autochtone du  Qu\u00e9bec, Centre d\u2019\u00e9tudes arabes et de d\u00e9veloppement, R\u00e9seau des  chercheures africaines de la diaspora, Rassemblement arabe \u00e0 Montr\u00e9al et  Centre de recherches et d\u2019\u00e9tudes en sociologie et technologie de  l\u2019UQAM.<\/p>\n<p>En phase avec les femmes  immigrantes de toutes origines, mais surtout attentive au d\u00e9veloppement  de ses compatriotes, Amel Belhassen fonde en 1996, et  copr\u00e9side depuis ce temps, l\u2019Association tunisienne des m\u00e8res du Canada.  Elle explique\u00a0<em>: Notre association s\u2019est donn\u00e9e comme  objectif d\u2019aider, \u00e0 travers les m\u00e8res (mamans), les familles immigrantes  \u00e0 s\u2019adapter \u00e0 leur nouveau contexte d\u2019accueil. Nos actions  et champs d\u2019intervention couvrent plusieurs aspects de la vie  quotidienne des familles immigrantes tels que:<\/p>\n<p><\/em><\/p>\n<p><em>la gestion de la diversit\u00e9 en  milieu scolaire, la pr\u00e9vention de la violence faite aux femmes, le  soutien aux femmes victimes de violence conjugale, l\u2019insertion des  femmes immigrantes sur le march\u00e9 du travail. Les activit\u00e9s  de notre association ont suscit\u00e9 un grand int\u00e9r\u00eat dans le milieu. Cet  int\u00e9r\u00eat s\u2019est manifest\u00e9 par le grand nombre des m\u00e8res et des  personnalit\u00e9s publiques qui ont particip\u00e9 \u00e0 nos activit\u00e9s ainsi que des  organisations et des commanditaires arabes ou canadiens qui ont accept\u00e9  d\u2019\u00eatre associ\u00e9s, sous diverses formes, \u00e0 ces activit\u00e9s<\/em>.<\/p>\n<p>Amel Belhassen centre son action autour de sa  mission qui est de construire des ponts dans une harmonie qui lui permet  de d\u00e9gager un axe entre sa vie de citoyenne, son engagement  communautaire et son d\u00e9ploiement acad\u00e9mique et professionnel. Elle  en parle avec passion\u00a0: <em>En plus de mon engagement au sein de ma  communaut\u00e9 arabe, je suis active au sein de certains organismes  qu\u00e9b\u00e9cois pour faire conna\u00eetre nos conditions de travail et de vie dans  la soci\u00e9t\u00e9 d\u2019accueil. En ce sens, je collabore, \u00e0 titre de  membre du R\u00e9seau qu\u00e9b\u00e9cois des chercheures f\u00e9ministes, \u00e0 une recherche  sur les difficult\u00e9s d\u2019insertion des femmes chercheures d\u2019origines  diverses dans le milieu universitaire. Pr\u00e9vue pour le mois  de fevrier 2002, la publication de cette recherche vise \u00e0 faire  ressortir la pr\u00e9carit\u00e9 et la marginalisation des femmes chercheures  venues d\u2019ailleurs dans le milieu de la recherche universitaire.<\/em><\/p>\n<p>Nous pouvons comprendre ce qui la  motive\u00a0: <em>faire conna\u00eetre la culture arabe aux Canadiens  et Qu\u00e9b\u00e9cois afin de les amener \u00e0 changer les perceptions qu\u2019ils se  font de la femme arabe et de ne plus la consid\u00e9rer comme recluse,  soumise \u00e0 la domination de l\u2019homme, etc. Permettre aux  femmes arabes de conna\u00eetre la culture de la soci\u00e9t\u00e9 d\u2019accueil, et  d\u2019avoir une meilleure connaissance des institutions et des valeurs  d\u00e9mocratiques afin de pouvoir vivre pleinement leur citoyennet\u00e9<\/em>.<\/p>\n<p>Elle poursuit un objectif concret  dans sa d\u00e9termination sereine de chercheure et de femme de terrain,  contribue \u00e0 la lib\u00e9ration des femmes immigrantes dont certaines sont  captives \u00e0 cause des lois sur le parrainage\u00a0: <em>Bien que sa dur\u00e9e ait  \u00e9t\u00e9 ramen\u00e9e \u00e0 trois ans au Qu\u00e9bec, le parrainage demeure inacceptable \u00e0  bien des \u00e9gards pour les conjointes parrain\u00e9es. Le parrainage contribue \u00e0  placer la femme immigrante dans une situation de vuln\u00e9rabilit\u00e9 et la  maintenir dans la d\u00e9pendance \u00e0 son mari (violence conjugale). Nous  allons soumettre des recommandations au gouvernement f\u00e9d\u00e9ral pour  r\u00e9former la Loi sur l\u2019immigration afin d\u2019accorder aux \u00e9pouses la  r\u00e9sidence permanente sans qu\u2019elles soient soumises aux r\u00e8gles du  parrainage.<\/em><\/p>\n<p><em> <\/em><\/p>\n<p>L\u2019avenir des relations entre ses  communaut\u00e9s d\u2019appartenance et la majorit\u00e9, Amel Belhassen le situe \u00e0 un  autre niveau\u00a0: <em>Cette int\u00e9gration se fait dans le respect des  sp\u00e9cificit\u00e9s de chaque groupe et ce, dans le but de d\u00e9velopper des  relations harmonieuses entre les divers groupes sociaux. Le type de  relation que la majorit\u00e9 peut avoir avec un groupe minoritaire ne  pourrait pas \u00eatre d\u00e9termin\u00e9 par un \u00e9v\u00e9nement pr\u00e9cis. Rappelons que la  communaut\u00e9 arabe vient d\u2019une immigration assez ancienne et a su, au fil  du temps, s\u2019ouvrir sur la culture dominante, s\u2019int\u00e9grer dans la soci\u00e9t\u00e9  d\u2019accueil en pr\u00e9servant ses sp\u00e9cificit\u00e9s culturelles. Pour  finir, nous dirons que dans un monde en \u00e9volution permanente, les  peuples doivent apprendre \u00e0 vivre ensemble et \u00e0 relever des d\u00e9fis  permettant le mieux \u00eatre de l\u2019\u00eatre humain ind\u00e9pendamment de son  appartenance ethnique, culturelle ou religieuse.<\/em><\/p>\n","protected":false},"excerpt":{"rendered":"<p>Il existe des personnes qui respirent l\u2019\u00e9quilibre et dont la vie dans son d\u00e9roulement semble, sans cesse, produire pour eux et les leurs, \u00e0 travers leurs engagements, un ensemble de situations, d\u2019histoires de vies, de rencontres qui sont autant de sujets d\u2019int\u00e9r\u00eat qui m\u00e9ritent d\u2019\u00eatre part de notre conscience historique, car ils ne font que [&hellip;]<\/p>\n","protected":false},"author":1,"featured_media":0,"comment_status":"open","ping_status":"open","sticky":false,"template":"","format":"standard","meta":{"_bbp_topic_count":0,"_bbp_reply_count":0,"_bbp_total_topic_count":0,"_bbp_total_reply_count":0,"_bbp_voice_count":0,"_bbp_anonymous_reply_count":0,"_bbp_topic_count_hidden":0,"_bbp_reply_count_hidden":0,"_bbp_forum_subforum_count":0,"_et_pb_use_builder":"","_et_pb_old_content":"","_et_gb_content_width":""},"categories":[19],"tags":[],"_links":{"self":[{"href":"http:\/\/www.yvesalavo.ca\/index.php?rest_route=\/wp\/v2\/posts\/436"}],"collection":[{"href":"http:\/\/www.yvesalavo.ca\/index.php?rest_route=\/wp\/v2\/posts"}],"about":[{"href":"http:\/\/www.yvesalavo.ca\/index.php?rest_route=\/wp\/v2\/types\/post"}],"author":[{"embeddable":true,"href":"http:\/\/www.yvesalavo.ca\/index.php?rest_route=\/wp\/v2\/users\/1"}],"replies":[{"embeddable":true,"href":"http:\/\/www.yvesalavo.ca\/index.php?rest_route=%2Fwp%2Fv2%2Fcomments&post=436"}],"version-history":[{"count":1,"href":"http:\/\/www.yvesalavo.ca\/index.php?rest_route=\/wp\/v2\/posts\/436\/revisions"}],"predecessor-version":[{"id":437,"href":"http:\/\/www.yvesalavo.ca\/index.php?rest_route=\/wp\/v2\/posts\/436\/revisions\/437"}],"wp:attachment":[{"href":"http:\/\/www.yvesalavo.ca\/index.php?rest_route=%2Fwp%2Fv2%2Fmedia&parent=436"}],"wp:term":[{"taxonomy":"category","embeddable":true,"href":"http:\/\/www.yvesalavo.ca\/index.php?rest_route=%2Fwp%2Fv2%2Fcategories&post=436"},{"taxonomy":"post_tag","embeddable":true,"href":"http:\/\/www.yvesalavo.ca\/index.php?rest_route=%2Fwp%2Fv2%2Ftags&post=436"}],"curies":[{"name":"wp","href":"https:\/\/api.w.org\/{rel}","templated":true}]}}