{"id":438,"date":"2010-08-18T00:42:26","date_gmt":"2010-08-18T00:42:26","guid":{"rendered":"http:\/\/www.yvesalavo.ca\/?p=438"},"modified":"2010-08-18T00:42:26","modified_gmt":"2010-08-18T00:42:26","slug":"lily-tasso","status":"publish","type":"post","link":"http:\/\/www.yvesalavo.ca\/?p=438","title":{"rendered":"LILY TASSO"},"content":{"rendered":"<p>Lily Tasso est une t\u00e9moin de  notre temps, mais surtout une pionni\u00e8re au v\u00e9ritable sens du terme.  Premi\u00e8re souvent dans ses \u00e9tapes de vie les plus significatives.  Issue d\u2019une famille d\u2019origine libanaise, c\u2019est au Caire qu\u2019elle  est n\u00e9e. Brillantes \u00e9tudes, avec ses parents, elle fait des s\u00e9jours en  Inde et dans plusieurs pays d\u2019Europe et enfin, en 1954, le Canada, le  Qu\u00e9bec, l\u2019\u00e9tablissement \u00e0 Montr\u00e9al. Jeune intellectuelle form\u00e9e aux  meilleures \u00e9coles, p\u00e9trie de culture profonde h\u00e9rit\u00e9e de traditions  plusieurs fois mill\u00e9naires, Lily Tasso, avec sa curiosit\u00e9 remarquable,  son int\u00e9r\u00eat profond pour l\u2019\u00e2me humaine, son regard intelligent et  interrogateur, ses m\u00e9fiances l\u00e9gendaires et critiques en mati\u00e8re  d\u2019\u00e9thique ainsi que son sens inn\u00e9 de la rigueur, est n\u00e9e pour \u00eatre  journaliste.<\/p>\n<p>Au d\u00e9but des ann\u00e9es soixante,  deux ans au <em>Nouveau Journal<\/em> et tout de suite d\u00e8s 1963 elle est  engag\u00e9e au quotidien <em>La Presse<\/em>. Fid\u00e8le dans sa  pens\u00e9e comme dans son action aux valeurs du respect, de la libert\u00e9, de  la dignit\u00e9, de la responsabilit\u00e9 et de l\u2019\u00e9galit\u00e9, Lily Tasso d\u00e9ploie \u00e0 <em>la  Presse<\/em> ses talents et r\u00e9alise une \u0153uvre hors-pair au cours de plus  de trente ann\u00e9es de reportages et de productions journalistiques.  Toutes les situations, presque tous les sujets Lily Tasso les  aborde et les traite sous un angle o\u00f9 les dimensions sociales et les  aspects les plus humains sont valoris\u00e9s.<\/p>\n<p>Les milliers d\u2019articles \u00e9crits  par Lily Tasso pourraient faire l\u2019objet d\u2019une \u00e9tude ou servir de sujet  de th\u00e8se. Elle a couvert l\u2019actualit\u00e9, d\u00e9pass\u00e9e  l\u2019imm\u00e9diatet\u00e9 pour constamment mettre en relief et pr\u00e9senter une id\u00e9e  ma\u00eetresse\u00a0: l\u2019avancement de la situation des femmes et les droits des  minorit\u00e9s. Deux p\u00f4les essentiels \u00e0 la compr\u00e9hension de  l\u2019\u0153uvre journalistique de Lily Tasso. Elle a donc, dans  cette m\u00eame perspective, \u00e9t\u00e9 la premi\u00e8re \u00e0 cr\u00e9er des rubriques et \u00e0  donner la parole aux marginalis\u00e9s, aux exclus, aux handicap\u00e9s.<\/p>\n<p>Premi\u00e8re. Lily  Tasso a donn\u00e9 au journal <em>La Presse<\/em> une ouverture sur le r\u00e9el  total au noyau de la diversit\u00e9 de la ville de Montr\u00e9al,  premi\u00e8re \u00e0 valoriser le visage cosmopolite de la  m\u00e9tropole. Premi\u00e8re  journaliste d\u2019ici \u00e0 tisser la fibre de l\u2019interculturel, tissage et  m\u00e9tissage, Lily Tasso l\u2019a conjugu\u00e9 en r\u00e9digeant des pages hebdomadaires,  en cr\u00e9ant le premier calendrier interculturel illustr\u00e9 par des articles  informatifs et des textes d\u2019interviews sur presque toutes les  communaut\u00e9s ethnoculturelles de Montr\u00e9al. Pr\u00e9sente dans le  quotidien de la rue Saint-Jacques, de mani\u00e8re moderne et dense\u00a0: photos  en couleurs, informations essentielles sur les pays d\u2019origine et, par  dessus tout, Lily Tasso a innov\u00e9 en donnant la parole aux personnalit\u00e9s  les plus repr\u00e9sentatives des principales communaut\u00e9s, comme \u00e0 celles qui  cr\u00e9ent des ponts, et \u00e0 celles qui font des liens entre les composantes  humaines de notre ville. \u00c0 la fin des ann\u00e9es 80 et au d\u00e9but  des ann\u00e9es 90, elle a syst\u00e9matis\u00e9 cette approche au point de servir de  mod\u00e8le, m\u00eame aux confr\u00e8res anglophones, pourtant d\u00e9j\u00e0 largement  accueillants, dans leurs m\u00e9dias, aux citoyennes et aux citoyens  originaires d\u2019ailleurs qui contribuent \u00e0 la construction de notre  soci\u00e9t\u00e9.<\/p>\n<p>Secr\u00e9taire g\u00e9n\u00e9rale, puis  pr\u00e9sidente de l\u2019Association internationale de la presse f\u00e9minine et  familiale (AIJPF), Lily Tasso est membre du Conseil de la langue  fran\u00e7aise et du jury du prix de journalisme Ren\u00e9 L\u00e9vesque. Elle  a eu l\u2019occasion de recevoir quelques distinctions, toutes m\u00e9rit\u00e9es\u00a0:  Prix Judith Jasmin en 1982, mention dans la section des communications  pour le Prix du rapprochement interculturel en 1991, Ordre des  francophones d\u2019Am\u00e9rique en 1992 et Femme de m\u00e9rite de la Fondation du  YWCA de Montr\u00e9al en 1997.<\/p>\n<p>Quand on la questionne sur sa  motivation, Lily Tasso est directe\u00a0: <em>Ignoti nulla cupido. Cet  aphorisme d\u2019Ovide (on ne d\u00e9sire pas ce qu\u2019on ne conna\u00eet pas), a souvent  \u00e9t\u00e9 ma devise tout au long de ma carri\u00e8re. Il a orient\u00e9  mon action et mes choix dans mes engagements professionnels. Faire  conna\u00eetre et aimer les \u201c\u00a0autres\u00a0\u201d, les inconnus, femmes et hommes de  tout \u00e2ge, d\u2019ici ou venus d\u2019ailleurs.<\/em><\/p>\n<p>Regard franc et objectif sur son  \u0153uvre, Lily Tasso explique\u00a0: <em>Pour donner une voix \u00e0 ceux et \u00e0  celles qui n\u2019en avaient pas, j\u2019ai essay\u00e9 de les \u00e9couter et de leur  donner la parole dans mes reportages. Je pense que mes  articles publi\u00e9s au cours de 1981, ann\u00e9e internationale des personnes  handicap\u00e9es, ont eu beaucoup d\u2019\u00e9cho. Par ailleurs, durant  mes quelque dix derni\u00e8res ann\u00e9es \u00e0 <strong>La Presse<\/strong>, de 1983 \u00e0  1992, je me suis pench\u00e9e de mani\u00e8re tr\u00e8s particuli\u00e8re sur l\u2019int\u00e9gration  des communaut\u00e9s ethnoculturelles.<\/em><\/p>\n<p>Comment voit-elle l\u2019avenir des  relations entre la majorit\u00e9 et les diff\u00e9rentes communaut\u00e9s  d\u2019appartenance ? Lily Tasso propose, comme elle l\u2019a  toujours fait, pas de critique st\u00e9rile, ce n\u2019est pas son style, elle  d\u00e9clare\u00a0: <em>Il faut inlassablement poursuivre la lutte contre les  pr\u00e9jug\u00e9s et encore davantage, \u00e0 cause des \u00e9v\u00e9nements tout r\u00e9cents qui  engendrent la m\u00e9fiance. Initiatives originales, projets de  toutes sortes \u00e9manant de nombreux organismes et soutenus par les  autorit\u00e9s, p\u00e9dagogie des m\u00e9dias, et surtout p\u00e9dagogie innovatrice,  persuasive et entra\u00eenante dans tous nos \u00e9tablissements d\u2019enseignement.  Dans le but de viser \u00e0 amener dans notre soci\u00e9t\u00e9 un pluralisme  profond et non de surface.<\/em><\/p>\n","protected":false},"excerpt":{"rendered":"<p>Lily Tasso est une t\u00e9moin de notre temps, mais surtout une pionni\u00e8re au v\u00e9ritable sens du terme. Premi\u00e8re souvent dans ses \u00e9tapes de vie les plus significatives. Issue d\u2019une famille d\u2019origine libanaise, c\u2019est au Caire qu\u2019elle est n\u00e9e. Brillantes \u00e9tudes, avec ses parents, elle fait des s\u00e9jours en Inde et dans plusieurs pays d\u2019Europe et [&hellip;]<\/p>\n","protected":false},"author":1,"featured_media":0,"comment_status":"open","ping_status":"open","sticky":false,"template":"","format":"standard","meta":{"_bbp_topic_count":0,"_bbp_reply_count":0,"_bbp_total_topic_count":0,"_bbp_total_reply_count":0,"_bbp_voice_count":0,"_bbp_anonymous_reply_count":0,"_bbp_topic_count_hidden":0,"_bbp_reply_count_hidden":0,"_bbp_forum_subforum_count":0,"_et_pb_use_builder":"","_et_pb_old_content":"","_et_gb_content_width":""},"categories":[19],"tags":[],"_links":{"self":[{"href":"http:\/\/www.yvesalavo.ca\/index.php?rest_route=\/wp\/v2\/posts\/438"}],"collection":[{"href":"http:\/\/www.yvesalavo.ca\/index.php?rest_route=\/wp\/v2\/posts"}],"about":[{"href":"http:\/\/www.yvesalavo.ca\/index.php?rest_route=\/wp\/v2\/types\/post"}],"author":[{"embeddable":true,"href":"http:\/\/www.yvesalavo.ca\/index.php?rest_route=\/wp\/v2\/users\/1"}],"replies":[{"embeddable":true,"href":"http:\/\/www.yvesalavo.ca\/index.php?rest_route=%2Fwp%2Fv2%2Fcomments&post=438"}],"version-history":[{"count":1,"href":"http:\/\/www.yvesalavo.ca\/index.php?rest_route=\/wp\/v2\/posts\/438\/revisions"}],"predecessor-version":[{"id":439,"href":"http:\/\/www.yvesalavo.ca\/index.php?rest_route=\/wp\/v2\/posts\/438\/revisions\/439"}],"wp:attachment":[{"href":"http:\/\/www.yvesalavo.ca\/index.php?rest_route=%2Fwp%2Fv2%2Fmedia&parent=438"}],"wp:term":[{"taxonomy":"category","embeddable":true,"href":"http:\/\/www.yvesalavo.ca\/index.php?rest_route=%2Fwp%2Fv2%2Fcategories&post=438"},{"taxonomy":"post_tag","embeddable":true,"href":"http:\/\/www.yvesalavo.ca\/index.php?rest_route=%2Fwp%2Fv2%2Ftags&post=438"}],"curies":[{"name":"wp","href":"https:\/\/api.w.org\/{rel}","templated":true}]}}