{"id":44,"date":"2010-08-09T13:02:30","date_gmt":"2010-08-09T13:02:30","guid":{"rendered":"http:\/\/www.yvesalavo.ca\/?p=44"},"modified":"2010-08-09T13:02:30","modified_gmt":"2010-08-09T13:02:30","slug":"deux-employes-de-la-ville-yves-alavo-et-denis-vezina-participent-au-salon-du-livre-de-montreal-comme-auteurs","status":"publish","type":"post","link":"http:\/\/www.yvesalavo.ca\/?p=44","title":{"rendered":"Deux employ\u00e9s de la Ville, Yves Alavo et Denis V\u00e9zina, participent au Salon du livre de Montr\u00e9al comme auteurs"},"content":{"rendered":"<p>Service des  communications et des relations avec les citoyens<br \/>\n<strong>Deux  employ\u00e9s de la Ville, Yves Alavo et Denis V\u00e9zina, participent au Salon  du livre de Montr\u00e9al comme auteurs<\/strong><\/p>\n<p><strong><\/strong><br \/>\n<strong>Yves Alavo, conseiller en affaires interculturelles \u00e0 la  Direction de la diversit\u00e9 sociale, et Denis V\u00e9zina, agent de  d\u00e9veloppement culturel \u00e0 la Direction associ\u00e9e des biblioth\u00e8ques,  participent au Salon du livre de Montr\u00e9al comme auteurs.<\/strong><\/p>\n<p><strong><\/strong><br \/>\n<strong>15 novembre 2007<\/strong><\/p>\n<p><strong><\/strong><br \/>\n<strong>Yves Alavo<\/strong><br \/>\nYves Alavo y pr\u00e9sentera sa  premi\u00e8re \u0153uvre litt\u00e9raire <em>Bleu de lune et soleil d\u2019or<\/em> (Christian Feuillette, \u00c9diteur). Ce recueil, construit en deux volets,  propose deux rayons compl\u00e9mentaires ax\u00e9s sur la po\u00e9sie et la musique,  deux moments vitaux, le s\u00e9dentaire et le nomade, deux projets  essentiels, la r\u00e9flexion et l\u2019action. L\u2019Afrique y est tr\u00e8s pr\u00e9sente,  mais aussi Montr\u00e9al et la campagne estrienne. La femme, l\u2019amour, la  beaut\u00e9, la sensualit\u00e9 y sont c\u00e9l\u00e9br\u00e9s de fa\u00e7on somptueuse, mais les  th\u00e8mes de l\u2019injustice, de l\u2019intol\u00e9rance, de la servitude et de la  souffrance \u00e9maillent aussi ce sensible hymne \u00e0 la vie, \u00e0 la libert\u00e9, \u00e0  la passion et \u00e0 une saine folie cr\u00e9atrice.<\/p>\n<p>Yves Alavo est  titulaire d\u2019une ma\u00eetrise en sciences de la communication de l\u2019Universit\u00e9  de Montr\u00e9al, ainsi que d\u2019une licence \u00e8s lettres d\u2019enseignement et de  philosophie de l\u2019Universit\u00e9 de Dakar. Yves a cumul\u00e9, au fil des ann\u00e9es,  une longue exp\u00e9rience de r\u00e9daction et de journalisme, tant au S\u00e9n\u00e9gal  qu\u2019en France et au Canada. Il est aussi membre fondateur du Festival  international du film africain et cr\u00e9ole, <em>Vues d\u2019Afrique<\/em>.  Pionnier de nombreuses associations communautaires, membre de la  corporation du Centre d\u2019\u00e9tudes et de coop\u00e9ration internationale (CECI),  il poursuit son engagement en solidarit\u00e9 chez nous et au niveau  international, pour plus d\u2019\u00e9quit\u00e9 et de justice (<em>Diversit\u00e9  artistique Montr\u00e9al<\/em>), pour vaincre la pauvret\u00e9 (<em>Centre de  r\u00e9f\u00e9rence du Grand Montr\u00e9al<\/em>) et faire respecter les droits humains  avec <em>Journalisme en d\u00e9mocratie<\/em>. Il a particip\u00e9, au cours de  l\u2019automne 2005, au <em>21e Festival international de la po\u00e9sie de  Trois-Rivi\u00e8res<\/em>.<\/p>\n<p>Au Salon du livre, Yves Alavo sera au  stand 351, aujourd\u2019hui, le 15 novembre, de 18 h \u00e0 19 h 30, et le  vendredi 16 novembre, de 12 h \u00e0 13 h 30. L\u2019auteur fera aussi des  lectures de son livre et participera \u00e0 des s\u00e9ances de signatures, le  samedi 17 novembre, de 15 h 30 \u00e0 17 h 30, \u00a0dans la salle 5 de la  mezzanine sud de la Place Bonaventure.<br \/>\n<strong><br \/>\nDenis V\u00e9zina<\/strong><br \/>\nPour sa part, Denis V\u00e9zina vient de publier un miniroman, un livre pour  les enfants de 6 ans et plus, <em>Victor et Victor<\/em>, dans la  collection \u00ab Ma petite vache a mal aux pattes \u00bb (Souli\u00e8res \u00c9diteur). La  confiance en soi, la d\u00e9brouillardise et la volont\u00e9 sont des th\u00e8mes  abord\u00e9s par l\u2019auteur pour aider l\u2019enfant \u00e0 prendre plus d\u2019assurance dans  la vie.<\/p>\n<p>Denis s\u2019est engag\u00e9 \u00e0 remettre une partie de ses  revenus d\u2019auteur \u00e0 la Fondation Marie-Vincent, dont une somme de 1 000 $  a d\u00e9j\u00e0 \u00e9t\u00e9 vers\u00e9e. Cette fondation vient en aide aux enfants qu\u00e9b\u00e9cois  de moins de douze ans qui sont victimes de maltraitance et, plus  particuli\u00e8rement, d\u2019agression sexuelle.<\/p>\n<p>Denis V\u00e9zina figure  parmi les finalistes 2007 pour le prix C\u00e9cile-Gagnon de l\u2019Association  des \u00e9crivains qu\u00e9b\u00e9cois pour la jeunesse. Ce prix destin\u00e9 aux auteurs de  la rel\u00e8ve sera d\u00e9cern\u00e9 pour la onzi\u00e8me fois, le dimanche 18 novembre, \u00e0  10 h, au Salon du livre.<\/p>\n<p>De 1999 \u00e0 2002, Denis \u00e9tait au  service de l\u2019ex-Communaut\u00e9 urbaine de Montr\u00e9al comme r\u00e9dacteur en chef. \u00c0  ce titre, lors de la cr\u00e9ation de la nouvelle Ville de Montr\u00e9al, il a  pris les commandes du journal MTL, le journal interne des employ\u00e9s de la  Ville de Montr\u00e9al, jusqu\u2019en 2005. Il s\u2019est joint par la suite \u00e0  l\u2019\u00e9quipe responsable de l\u2019organisation des activit\u00e9s de l\u2019\u00e9v\u00e9nement  culturel montr\u00e9alais, <em>Montr\u00e9al, capitale mondiale du livre 2005-2006<\/em>.  Depuis mai 2006, comme agent de d\u00e9veloppement culturel, il participe \u00e0  l\u2019essor de l\u2019ensemble du r\u00e9seau des biblioth\u00e8ques de la Ville.<\/p>\n<p>Titulaire d\u2019une ma\u00eetrise en histoire de l\u2019Universit\u00e9 de Montr\u00e9al, Denis  V\u00e9zina a aussi \u0153uvr\u00e9, pendant nombre d\u2019ann\u00e9es, dans les domaines de la  gestion et de la promotion d\u2019activit\u00e9s culturelles, notamment au Mus\u00e9e  d\u2019histoire du Sault-au-R\u00e9collet \u00e0 titre de directeur g\u00e9n\u00e9ral et de  commissaire de l\u2019exposition.<\/p>\n<p>Denis sera pr\u00e9sent au stand 117 du  Salon du livre, le samedi 17 novembre, de 10 h \u00e0 12 h.<\/p>\n<p>Le 30e  Salon du livre de Montr\u00e9al se poursuit \u00e0 la Place Bonaventure jusqu\u2019au  lundi 19 novembre.<\/p>\n","protected":false},"excerpt":{"rendered":"<p>Service des communications et des relations avec les citoyens Deux employ\u00e9s de la Ville, Yves Alavo et Denis V\u00e9zina, participent au Salon du livre de Montr\u00e9al comme auteurs Yves Alavo, conseiller en affaires interculturelles \u00e0 la Direction de la diversit\u00e9 sociale, et Denis V\u00e9zina, agent de d\u00e9veloppement culturel \u00e0 la Direction associ\u00e9e des biblioth\u00e8ques, participent [&hellip;]<\/p>\n","protected":false},"author":1,"featured_media":0,"comment_status":"open","ping_status":"open","sticky":false,"template":"","format":"standard","meta":{"_bbp_topic_count":0,"_bbp_reply_count":0,"_bbp_total_topic_count":0,"_bbp_total_reply_count":0,"_bbp_voice_count":0,"_bbp_anonymous_reply_count":0,"_bbp_topic_count_hidden":0,"_bbp_reply_count_hidden":0,"_bbp_forum_subforum_count":0,"_et_pb_use_builder":"","_et_pb_old_content":"","_et_gb_content_width":""},"categories":[23],"tags":[],"_links":{"self":[{"href":"http:\/\/www.yvesalavo.ca\/index.php?rest_route=\/wp\/v2\/posts\/44"}],"collection":[{"href":"http:\/\/www.yvesalavo.ca\/index.php?rest_route=\/wp\/v2\/posts"}],"about":[{"href":"http:\/\/www.yvesalavo.ca\/index.php?rest_route=\/wp\/v2\/types\/post"}],"author":[{"embeddable":true,"href":"http:\/\/www.yvesalavo.ca\/index.php?rest_route=\/wp\/v2\/users\/1"}],"replies":[{"embeddable":true,"href":"http:\/\/www.yvesalavo.ca\/index.php?rest_route=%2Fwp%2Fv2%2Fcomments&post=44"}],"version-history":[{"count":1,"href":"http:\/\/www.yvesalavo.ca\/index.php?rest_route=\/wp\/v2\/posts\/44\/revisions"}],"predecessor-version":[{"id":45,"href":"http:\/\/www.yvesalavo.ca\/index.php?rest_route=\/wp\/v2\/posts\/44\/revisions\/45"}],"wp:attachment":[{"href":"http:\/\/www.yvesalavo.ca\/index.php?rest_route=%2Fwp%2Fv2%2Fmedia&parent=44"}],"wp:term":[{"taxonomy":"category","embeddable":true,"href":"http:\/\/www.yvesalavo.ca\/index.php?rest_route=%2Fwp%2Fv2%2Fcategories&post=44"},{"taxonomy":"post_tag","embeddable":true,"href":"http:\/\/www.yvesalavo.ca\/index.php?rest_route=%2Fwp%2Fv2%2Ftags&post=44"}],"curies":[{"name":"wp","href":"https:\/\/api.w.org\/{rel}","templated":true}]}}