{"id":52,"date":"2010-08-09T13:06:39","date_gmt":"2010-08-09T13:06:39","guid":{"rendered":"http:\/\/www.yvesalavo.ca\/?p=52"},"modified":"2010-08-09T13:06:39","modified_gmt":"2010-08-09T13:06:39","slug":"il-ya-40-ans-un-humain-sur-la-lune","status":"publish","type":"post","link":"http:\/\/www.yvesalavo.ca\/?p=52","title":{"rendered":"IL YA 40 ANS, UN HUMAIN SUR LA LUNE"},"content":{"rendered":"<p>\u00c9motion unique<\/p>\n<p>Cette soir\u00e9e enti\u00e8re je l\u2019ai v\u00e9cu  devant la t\u00e9l\u00e9vision suivant le reportage de la le t\u00e9l\u00e9 am\u00e9ricaine  retransmis en France. Au fil des heures la salle de  visionnement, salon de notre pensionnat, se vidait et des dizaines de  d\u00e9but de nuit, nous sommes rest\u00e9s un quartet au petit matin quand Aldrin  est sorti et \u00e0 toucher le sol lunaire. Moment unique et  \u00e9mouvant, sc\u00e8ne de transe intime qui bouleverse une relation sp\u00e9ciale  que j\u2019ai avec l\u2019astre du soir. Lune de nos r\u00eaves et de nos  sentiments, lune de mes amours et de mes fantasmes, lune de mes espoirs  et des engagements pour un monde meilleur, plus juste et plus libre.<\/p>\n<p>Ce fut le tour d\u2019Armstrong de  mettre le pied sur la surface surr\u00e9aliste de la lune. Une  mani\u00e8re plus humaine de vivre l\u2019histoire, un lien naissait entre ces  \u00eatres exceptionnels, un peu nos repr\u00e9sentants en cette phase de nos  existences o\u00f9 l\u2019humanit\u00e9 s\u2019\u00e9tend et s\u2019associe, par cette conqu\u00eate du  sol, \u00e0 un astre toujours vu comme inaccessible. Astre  \u00e9ternel. Je garde toujours en moi ce moment si sp\u00e9cial dont  j\u2019ai \u00e9t\u00e9 t\u00e9moin les 19 et 20 juillet 2009 au Ch\u00e2teau de LaTremblaie, en  Vend\u00e9e, alors que j\u2019\u00e9tais \u00e9tudiant en terminale au Pensionnat de St  Laurent\u2013sur-S\u00e8vres<\/p>\n","protected":false},"excerpt":{"rendered":"<p>\u00c9motion unique Cette soir\u00e9e enti\u00e8re je l\u2019ai v\u00e9cu devant la t\u00e9l\u00e9vision suivant le reportage de la le t\u00e9l\u00e9 am\u00e9ricaine retransmis en France. Au fil des heures la salle de visionnement, salon de notre pensionnat, se vidait et des dizaines de d\u00e9but de nuit, nous sommes rest\u00e9s un quartet au petit matin quand Aldrin est sorti [&hellip;]<\/p>\n","protected":false},"author":1,"featured_media":0,"comment_status":"open","ping_status":"open","sticky":false,"template":"","format":"standard","meta":{"_bbp_topic_count":0,"_bbp_reply_count":0,"_bbp_total_topic_count":0,"_bbp_total_reply_count":0,"_bbp_voice_count":0,"_bbp_anonymous_reply_count":0,"_bbp_topic_count_hidden":0,"_bbp_reply_count_hidden":0,"_bbp_forum_subforum_count":0,"_et_pb_use_builder":"","_et_pb_old_content":"","_et_gb_content_width":""},"categories":[23],"tags":[],"_links":{"self":[{"href":"http:\/\/www.yvesalavo.ca\/index.php?rest_route=\/wp\/v2\/posts\/52"}],"collection":[{"href":"http:\/\/www.yvesalavo.ca\/index.php?rest_route=\/wp\/v2\/posts"}],"about":[{"href":"http:\/\/www.yvesalavo.ca\/index.php?rest_route=\/wp\/v2\/types\/post"}],"author":[{"embeddable":true,"href":"http:\/\/www.yvesalavo.ca\/index.php?rest_route=\/wp\/v2\/users\/1"}],"replies":[{"embeddable":true,"href":"http:\/\/www.yvesalavo.ca\/index.php?rest_route=%2Fwp%2Fv2%2Fcomments&post=52"}],"version-history":[{"count":1,"href":"http:\/\/www.yvesalavo.ca\/index.php?rest_route=\/wp\/v2\/posts\/52\/revisions"}],"predecessor-version":[{"id":53,"href":"http:\/\/www.yvesalavo.ca\/index.php?rest_route=\/wp\/v2\/posts\/52\/revisions\/53"}],"wp:attachment":[{"href":"http:\/\/www.yvesalavo.ca\/index.php?rest_route=%2Fwp%2Fv2%2Fmedia&parent=52"}],"wp:term":[{"taxonomy":"category","embeddable":true,"href":"http:\/\/www.yvesalavo.ca\/index.php?rest_route=%2Fwp%2Fv2%2Fcategories&post=52"},{"taxonomy":"post_tag","embeddable":true,"href":"http:\/\/www.yvesalavo.ca\/index.php?rest_route=%2Fwp%2Fv2%2Ftags&post=52"}],"curies":[{"name":"wp","href":"https:\/\/api.w.org\/{rel}","templated":true}]}}