{"id":56,"date":"2010-08-12T17:38:57","date_gmt":"2010-08-12T17:38:57","guid":{"rendered":"http:\/\/www.yvesalavo.ca\/?p=56"},"modified":"2010-08-12T17:38:57","modified_gmt":"2010-08-12T17:38:57","slug":"du-reve-a-la-realite","status":"publish","type":"post","link":"http:\/\/www.yvesalavo.ca\/?p=56","title":{"rendered":"DU R\u00caVE A LA R\u00c9ALIT\u00c9"},"content":{"rendered":"<p>Je sors ce matin d\u2019un r\u00eave au  cours duquel je me promenais, disons, je vivais dans ma ville natale,  Dakar, un \u00e9garement dans un quartier r\u00e9sidentiel.\u00a0 En effet, quel  sentiment que de ne plus pouvoir retrouver son chemin et continuer \u00e0  chercher sa voie dans un grand quartier au nom \u00e9vocateur <em>Libert\u00e9<\/em>.\u00a0  Ce secteur d\u2019habitation d\u00e9velopp\u00e9 apr\u00e8s l\u2019ind\u00e9pendance du S\u00e9n\u00e9gal, dans  une zone qui fut presque rurale de la capitale du S\u00e9n\u00e9gal, a connu une  expansion incroyable au cours des ann\u00e9es 60 et 70, passant de <em>Libert\u00e9  I <\/em>\u00e0 <em>Libert\u00e9 VI<\/em>.<\/p>\n<p>Quel sens donner \u00e0 cette  m\u00e9taphore de la libert\u00e9 dans une promenade qui devient de plus en plus  angoissante, car plus j\u2019avan\u00e7ais, plus je devais questionner, demander  aux passants mon chemin, et d\u00e9couvrir que de nombreuses r\u00e9sidences  avaient \u00e9t\u00e9 restaur\u00e9es, chang\u00e9es, refaites, transform\u00e9es, devenues si  belles, si sophistiqu\u00e9es dans leur design, que je ne m\u2019y retrouvais  pas.\u00a0 Voyage au c\u0153ur de ma ville natale, p\u00e9r\u00e9grination personnelle,  comme une balade virtuelle qui me d\u00e9payse beaucoup dans un univers  familier qui est devenu \u00e9tranger en apparence.<\/p>\n<p>Je n\u2019accordais pas depuis de  nombreuses ann\u00e9es, disons de moins en moins d\u2019importance les ann\u00e9es  passant, au r\u00eave.\u00a0 Le r\u00eave comme un d\u00e9tournement de la r\u00e9alit\u00e9, une  diversion de soi de tout ce qui nous maintien riv\u00e9 sur le monde  imm\u00e9diat.\u00a0 Le r\u00eave devenu imperceptiblement la distraction ou l\u2019excuse  parfaite pour d\u00e9tourner l\u2019attention ou le faisceau de la conscience de  la quotidiennet\u00e9.<\/p>\n<p>Est-ce que je me faisais, au fil  des ans, une carapace fine ou efficace pour mettre en r\u00e9serve cet appel  que le r\u00eave fait souvent \u00e0 mon \u00e2me de philosophe et au passionn\u00e9 de  psychologie et de psychanalyse que je demeure.\u00a0 Le r\u00eave comme r\u00e9serve  des possibles, comme monde autre, l\u2019autre du monde qui rend le  soi-disant r\u00e9el possible.\u00a0 Le r\u00eave comme antidote indispensable \u00e0 la  prise de conscience des drames ou des folies qui habitent la vie.\u00a0 Le  r\u00eave comme projet et espoir de projet, r\u00eave au sens premier, esp\u00e9rance  de vie meilleure, souhait de succ\u00e8s total de vie, r\u00eave comme le nouveau  qui d\u00e9construit l\u2019aspect difficile de la vie quotidienne et ouvre des  espaces de plaisir et de joie.<\/p>\n<p>Cet \u00e9pisode attire mon attention  car, depuis mon voyage en janvier 2005, au S\u00e9n\u00e9gal, \u00e0 Dakar o\u00f9 je  revois proches, amis et toute la famille de base, je r\u00eave de plus en  plus au paysage de mon enfance et pense plus qu\u2019auparavant, aux univers  de la jeunesse, aux situations v\u00e9cues au soleil, au bord de la mer,  aupr\u00e8s de la m\u00e8re et des parents, sur les voies de cette assurance et  dans le climat de r\u00e9confort que le connu et le familial apportent au  centre de la personne.<\/p>\n<p>R\u00eaver fait op\u00e9rer un retour sur  soi et agite les franges cach\u00e9es d\u2019un univers intime qui rec\u00e8le en son  sein de nombreuses virtualit\u00e9s de paix et de libert\u00e9, des conditions  imaginaires d\u2019harmonie et de conciliation, des leviers incroyables de  potentialit\u00e9s presque sans limites.<\/p>\n","protected":false},"excerpt":{"rendered":"<p>Je sors ce matin d\u2019un r\u00eave au cours duquel je me promenais, disons, je vivais dans ma ville natale, Dakar, un \u00e9garement dans un quartier r\u00e9sidentiel.\u00a0 En effet, quel sentiment que de ne plus pouvoir retrouver son chemin et continuer \u00e0 chercher sa voie dans un grand quartier au nom \u00e9vocateur Libert\u00e9.\u00a0 Ce secteur d\u2019habitation [&hellip;]<\/p>\n","protected":false},"author":1,"featured_media":0,"comment_status":"open","ping_status":"open","sticky":false,"template":"","format":"standard","meta":{"_bbp_topic_count":0,"_bbp_reply_count":0,"_bbp_total_topic_count":0,"_bbp_total_reply_count":0,"_bbp_voice_count":0,"_bbp_anonymous_reply_count":0,"_bbp_topic_count_hidden":0,"_bbp_reply_count_hidden":0,"_bbp_forum_subforum_count":0,"_et_pb_use_builder":"","_et_pb_old_content":"","_et_gb_content_width":""},"categories":[22],"tags":[],"_links":{"self":[{"href":"http:\/\/www.yvesalavo.ca\/index.php?rest_route=\/wp\/v2\/posts\/56"}],"collection":[{"href":"http:\/\/www.yvesalavo.ca\/index.php?rest_route=\/wp\/v2\/posts"}],"about":[{"href":"http:\/\/www.yvesalavo.ca\/index.php?rest_route=\/wp\/v2\/types\/post"}],"author":[{"embeddable":true,"href":"http:\/\/www.yvesalavo.ca\/index.php?rest_route=\/wp\/v2\/users\/1"}],"replies":[{"embeddable":true,"href":"http:\/\/www.yvesalavo.ca\/index.php?rest_route=%2Fwp%2Fv2%2Fcomments&post=56"}],"version-history":[{"count":1,"href":"http:\/\/www.yvesalavo.ca\/index.php?rest_route=\/wp\/v2\/posts\/56\/revisions"}],"predecessor-version":[{"id":57,"href":"http:\/\/www.yvesalavo.ca\/index.php?rest_route=\/wp\/v2\/posts\/56\/revisions\/57"}],"wp:attachment":[{"href":"http:\/\/www.yvesalavo.ca\/index.php?rest_route=%2Fwp%2Fv2%2Fmedia&parent=56"}],"wp:term":[{"taxonomy":"category","embeddable":true,"href":"http:\/\/www.yvesalavo.ca\/index.php?rest_route=%2Fwp%2Fv2%2Fcategories&post=56"},{"taxonomy":"post_tag","embeddable":true,"href":"http:\/\/www.yvesalavo.ca\/index.php?rest_route=%2Fwp%2Fv2%2Ftags&post=56"}],"curies":[{"name":"wp","href":"https:\/\/api.w.org\/{rel}","templated":true}]}}