{"id":58,"date":"2010-08-12T17:40:15","date_gmt":"2010-08-12T17:40:15","guid":{"rendered":"http:\/\/www.yvesalavo.ca\/?p=58"},"modified":"2010-08-12T17:40:15","modified_gmt":"2010-08-12T17:40:15","slug":"deux-enfants-que-jaime","status":"publish","type":"post","link":"http:\/\/www.yvesalavo.ca\/?p=58","title":{"rendered":"DEUX ENFANTS QUE J&rsquo;AIME"},"content":{"rendered":"<p>Mon nom est  Yves ALAVO, p\u00e8re de deux enfants merveilleux.<\/p>\n<p>Je suis p\u00e8re  d\u2019un\u00a0 gar\u00e7on de\u00a020 ans et d\u2019une fille de 16 ans, en 2006,\u00a0dont je suis  fier.\u00a0 Antoine-Samuel vient de commencer sa deuxi\u00e8me ann\u00e9e en sciences  politiques et d\u00e9veloppement international \u00e0 l\u2019Universit\u00e9 McGill.  \u00a0Premier de sa promotion et plus jeune partout dans ses lieux d\u2019\u00e9tudes  et d\u2019engagement, animateur scouts et chef de file au sein d\u2019une \u00e9quipe  de jeunes engag\u00e9s en coop\u00e9ration sur un projet qui aide les jeunes  d\u00e9munis de Lima au P\u00e9rou.\u00a0 Il a \u00e9t\u00e9 pendant huit ans Petit Chanteur du  Mont Royal et deux ans chanteur pour l\u2019Op\u00e9ra de Montr\u00e9al.\u00a0 Il compose  encore et s\u2019inscrit en composition musicale en majeur pour sa deuxi\u00e8me  ann\u00e9e d\u2019\u00e9tudes universitaires.<\/p>\n<p>Il a \u00e9t\u00e9 en  Chine, au P\u00e9rou d\u00e9j\u00e0 en juin, juillet et ao\u00fbt 2004 et durant trois mois  de mai \u00e0 ao\u00fbt 2005, travailler aupr\u00e8s des enfants du Centre d\u2019accueil  Gabriela Mistral Koukouly de Lima.\u00a0 Il a \u00e9t\u00e9 au S\u00e9n\u00e9gal red\u00e9couvrir ses  racines (lieu de naissance de son p\u00e8re et de vie de sa famille  paternelle, grand p\u00e8re membre de la famille royale d\u2019Abomey au B\u00e9nin et  grand m\u00e8re Berb\u00e8re d\u2019Alg\u00e9rie, n\u00e9e \u00e0 Tlemcen).\u00a0 Ce fils adolescent  exceptionnel est retourn\u00e9 au P\u00e9rou coordonner du 16 mai au 11 ao\u00fbt une  \u00e9quipe rotative de jeunes qui se sont succ\u00e9d\u00e9s comme b\u00e9n\u00e9voles aupr\u00e8s  des jeunes enfants ( entre 5 et 15 ans).\u00a0 Ils leur ont apport\u00e9, outre  leur pr\u00e9sence, des m\u00e9dicaments, une aide quotidienne aux \u00e9tudes, de la  nourriture et 25\u00a0000 $ qu\u2019ils ont, au prix de d\u00e9vouement et  d\u2019organisation d\u2019\u00e9v\u00e9nements et avec le soutien de \u00absponsors\u00bb et du  public montr\u00e9alais, r\u00e9ussi \u00e0 \u00abrassembler\u00bb pour cette \u0153uvre que Christian  Girard, jeune hors pair vainqueur du premier prix Avenir Jeunesse 2004,  conduit avec brio.<\/p>\n<p>Ce gar\u00e7on et  sa soeur, issus, comme pr\u00e8s 354\u00a0000 jeunes de leur \u00e2ge dans la r\u00e9gion  m\u00e9tropolitaine de Montr\u00e9al, de la diversit\u00e9 humaine et culturelle, ne se  reconnaissent pas vraiment dans cet article de <em>La Presse<\/em> de  dimanche 8 mai 2005, num\u00e9ro 195, pages A12 et A13, Forum des id\u00e9es pour  le Qu\u00e9bec.<\/p>\n<p>Je suis aussi  le p\u00e8re d\u2019une fille remarquable Sarah, adolescente remarquable, comme  son fr\u00e8re, tous deux, leur maman est une grande montr\u00e9alaise professeure  d\u2019histoire au C\u00e9gep Ahuntsic\u00a0: histoire constitutionnelle du Canada,  histoire du Qu\u00e9bec et elle a cr\u00e9\u00e9 un cours en histoire de la  d\u00e9colonisation et des r\u00e9alit\u00e9s du Tiers-Monde.<\/p>\n<p>Sarah est au  Coll\u00e8ge Notre-Dame, \u00e9tudiante, elle aussi engag\u00e9e chez les Scouts, aussi  aupr\u00e8s de personnes d\u00e9munies et d\u00e9laiss\u00e9es dans la communaut\u00e9, elle a  march\u00e9 hier sur le Mont-Royal pour amasser des fonds pour la recherche  afin de battre le cancer avec LEUCAN et des centaines de personnes.\u00a0  Elle suit les traces de son fr\u00e8re, se pr\u00e9pare \u00e0 aller au S\u00e9n\u00e9gal, pays  des anc\u00eatres du c\u00f4t\u00e9 paternel au cours de l\u2019ann\u00e9e 2006, elle va  accro\u00eetre son appui aux \u0153uvres de coop\u00e9ration.\u00a0 Elle vient de passer  deux semaines au V\u00e9n\u00e9zu\u00e9la avec la famille de nos amis les Navarro,  surtout \u00e0 Caracas et a eu le privil\u00e8ge de visiter plusieurs r\u00e9gions et  de voir la mer pour la premi\u00e8re fois. \u00a0Par ailleurs, elle a de nombreux  talents dont ceux du sport, elle fait de l\u2019athl\u00e9tisme pendant quatre ans  (sprint, demi-fond, saut en hauteur).\u00a0 Avec <em>Racing Montreal<\/em> le  club dont elle \u00e9tait membre Sarah r\u00e9alisait des performances qui la  classaient deuxi\u00e8me ou troisi\u00e8me au Qu\u00e9bec selon les distances.\u00a0 Elle<em> <\/em>se d\u00e9veloppe dans de nombreuses disciplines (elle a fait du  ta\u00efkwando) en sport collectif (soccer, flag-football\u2026) et montre un sens  sup\u00e9rieur en informatique, dans les disciplines artitiques dont le  design, la danse, le chant.<\/p>\n<p>Cette jeune  ado a des valeurs sociales, elle inscrit une dimension communautaire  dans ses choix comme jeune ouverte sur la solidarit\u00e9 internationale et  beaucoup avec un sens du partage et de l\u2019entraide chez nous entre les  diverses composantes de notre soci\u00e9t\u00e9. Elle  cr\u00e9e des liens entre les g\u00e9n\u00e9rations.<\/p>\n","protected":false},"excerpt":{"rendered":"<p>Mon nom est Yves ALAVO, p\u00e8re de deux enfants merveilleux. Je suis p\u00e8re d\u2019un\u00a0 gar\u00e7on de\u00a020 ans et d\u2019une fille de 16 ans, en 2006,\u00a0dont je suis fier.\u00a0 Antoine-Samuel vient de commencer sa deuxi\u00e8me ann\u00e9e en sciences politiques et d\u00e9veloppement international \u00e0 l\u2019Universit\u00e9 McGill. \u00a0Premier de sa promotion et plus jeune partout dans ses lieux [&hellip;]<\/p>\n","protected":false},"author":1,"featured_media":0,"comment_status":"open","ping_status":"open","sticky":false,"template":"","format":"standard","meta":{"_bbp_topic_count":0,"_bbp_reply_count":0,"_bbp_total_topic_count":0,"_bbp_total_reply_count":0,"_bbp_voice_count":0,"_bbp_anonymous_reply_count":0,"_bbp_topic_count_hidden":0,"_bbp_reply_count_hidden":0,"_bbp_forum_subforum_count":0,"_et_pb_use_builder":"","_et_pb_old_content":"","_et_gb_content_width":""},"categories":[22],"tags":[],"_links":{"self":[{"href":"http:\/\/www.yvesalavo.ca\/index.php?rest_route=\/wp\/v2\/posts\/58"}],"collection":[{"href":"http:\/\/www.yvesalavo.ca\/index.php?rest_route=\/wp\/v2\/posts"}],"about":[{"href":"http:\/\/www.yvesalavo.ca\/index.php?rest_route=\/wp\/v2\/types\/post"}],"author":[{"embeddable":true,"href":"http:\/\/www.yvesalavo.ca\/index.php?rest_route=\/wp\/v2\/users\/1"}],"replies":[{"embeddable":true,"href":"http:\/\/www.yvesalavo.ca\/index.php?rest_route=%2Fwp%2Fv2%2Fcomments&post=58"}],"version-history":[{"count":1,"href":"http:\/\/www.yvesalavo.ca\/index.php?rest_route=\/wp\/v2\/posts\/58\/revisions"}],"predecessor-version":[{"id":59,"href":"http:\/\/www.yvesalavo.ca\/index.php?rest_route=\/wp\/v2\/posts\/58\/revisions\/59"}],"wp:attachment":[{"href":"http:\/\/www.yvesalavo.ca\/index.php?rest_route=%2Fwp%2Fv2%2Fmedia&parent=58"}],"wp:term":[{"taxonomy":"category","embeddable":true,"href":"http:\/\/www.yvesalavo.ca\/index.php?rest_route=%2Fwp%2Fv2%2Fcategories&post=58"},{"taxonomy":"post_tag","embeddable":true,"href":"http:\/\/www.yvesalavo.ca\/index.php?rest_route=%2Fwp%2Fv2%2Ftags&post=58"}],"curies":[{"name":"wp","href":"https:\/\/api.w.org\/{rel}","templated":true}]}}