{"id":60,"date":"2010-08-12T17:41:59","date_gmt":"2010-08-12T17:41:59","guid":{"rendered":"http:\/\/www.yvesalavo.ca\/?p=60"},"modified":"2010-08-12T17:41:59","modified_gmt":"2010-08-12T17:41:59","slug":"le-programme-engagement-et-determination","status":"publish","type":"post","link":"http:\/\/www.yvesalavo.ca\/?p=60","title":{"rendered":"LE PROGRAMME ENGAGEMENT ET D\u00c9TERMINATION"},"content":{"rendered":"<p>http:\/\/www.collegeahuntsic.qc.ca\/enbref\/publications\/engagement\/2003\/europe.html<\/p>\n<p>ENGAGEMENT ET D\u00c9TERMINATION<\/p>\n<p>T\u00e9moins actuels (1999-2012)<\/p>\n<p>UNE EXPOSITION UNIQUE<\/p>\n<p>Au cours des cinq premi\u00e8res  ann\u00e9es du programme, ce sont 83 personnalit\u00e9s qu\u00e9b\u00e9coises originaires de  l&rsquo;Afrique, des Cara\u00efbes et de la diaspora (1999-2000), de l\u2019Asie de  l\u2019Est (2000-2001), de l\u2019Afrique du Nord, du Proche et Moyen-Orient  (2001-2002), de l\u2019Am\u00e9rique centrale et du Sud (2002-2003) et de l\u2019Europe  centrale et de l\u2019Est (2003-2004) qui ont \u00e9t\u00e9 \u00e0 l&rsquo;honneur, nous vous les  avons pr\u00e9sent\u00e9.<\/p>\n<p>De 2006 \u00e0 2012, sept nouvelles  promotions du programme sont en formation.\u00a0 En effet, il reste encore  sept ann\u00e9es pour achever le tour du monde \u00e0 partir d\u2019ici, une promotion  rassemblant la communaut\u00e9 juive et sa diaspora, deux promotions pour  l\u2019Europe de l\u2019Ouest (Allemagne, Belgique, Espagne, France, Royaume-Uni,  Ireland, Italie, Pays-Bas, Portugal, Suisse), l\u2019Europe orientale (Gr\u00e8ce,  Turquie, Autriche), les pays scandinaves (Danemark, Finlande, Norv\u00e8ge  et Su\u00e8de), les pays de l\u2019Oc\u00e9anie et du Pacifique (Australie,  Nouvelle-Z\u00e9lande, Polyn\u00e9sie), l\u2019Am\u00e9rique du Nord (Canada et le Qu\u00e9bec,  \u00c9tats-Unis dont les Premi\u00e8res nations).<\/p>\n<p>Par l&rsquo;interm\u00e9diaire des  portraits nous avons mis en lumi\u00e8re un aspect de leur personnalit\u00e9,  r\u00e9sumant aussi de mani\u00e8re succincte leur itin\u00e9raire professionnel.\u00a0 Ces  portraits ont pour seule pr\u00e9tention le plaisir de partager avec le plus  grand nombre d&rsquo;\u00e9tudiants, de membres de la communaut\u00e9 coll\u00e9giale et avec  toute la soci\u00e9t\u00e9 l&rsquo;enthousiasme et la dignit\u00e9 que ces personnes  portent, car elles se sont affirm\u00e9es sainement et elles \u00e9voquent en nous  la joie de la r\u00e9ussite m\u00e9rit\u00e9e.<\/p>\n<p>Citoyens de tous les moments de  la vie, ces personnes sont autant de mod\u00e8les, de source de fiert\u00e9 et  d&rsquo;inspiration pour nous.\u00a0 Engagement et participation \u00e0 la vie  communautaire dans un esprit de contribution au rapprochement  interculturel, ces personnes sont souvent des chefs de file et des  mod\u00e8les de civisme pour tous.\u00a0 D\u00e9sormais (\u00e0 partir de novembre 2001),  les activit\u00e9s du programme Engagement et d\u00e9termination se tiendront \u00e0  l&rsquo;occasion de la <em>Semaine qu\u00e9b\u00e9coise des rencontres interculturelles.<\/em><\/p>\n<p>ENGAGEMENT<\/p>\n<p>L&rsquo;engagement de Qu\u00e9b\u00e9cois et de  Qu\u00e9b\u00e9coises originaires de tous les continents (il reste les Am\u00e9riques,  l\u2019Europe, le sous-continent asiatique, l\u2019Australie, l\u2019Oc\u00e9anie et le  Pacifique) dont les noms ne sont pas toujours connus mais qui m\u00e9ritent  vraiment de l&rsquo;\u00eatre.\u00a0 Ces personnalit\u00e9s proviennent de diff\u00e9rents  secteurs d&rsquo;activit\u00e9s : artistique, politique, scientifique, juridique,  \u00e9conomique, social.\u00a0 Elles r\u00e9alisent dans leur domaine d\u2019activit\u00e9s,  souvent, des premi\u00e8res. Une caract\u00e9ristique les rassemble toutes, le  travail acharn\u00e9 et la volont\u00e9 ferme de r\u00e9ussir, non seulement pour leur  profit, mais aussi et souvent d&rsquo;abord, pour le b\u00e9n\u00e9fice de leur  communaut\u00e9 et de la soci\u00e9t\u00e9 enti\u00e8re.\u00a0 Mis en valeur du b\u00e9n\u00e9volat, de  l\u2019engagement au service de toutes les communaut\u00e9s, de la collectivit\u00e9,  action citoyenne et sens exemplaire du civisme.<\/p>\n<p>D\u00c9TERMINATION<\/p>\n<p>Pour nous qui observons ces  personnalit\u00e9s remarquables, leurs succ\u00e8s importants nous fascinent.\u00a0  Mais, en \u00e9tudiant leur cheminement, une dominante s&rsquo;impose : chaque  succ\u00e8s autant que leur palmar\u00e8s personnel, leur r\u00e9ussite professionnelle  r\u00e9sultent d&rsquo;un effort soutenu, d&rsquo;un sens exceptionnel de la  pers\u00e9v\u00e9rance et de beaucoup de courage.<\/p>\n<p>L\u2019ensemble des instruments  (panneaux illustr\u00e9s de portraits photographiques et \u00e9crits, brochures  p\u00e9dagogiques, conf\u00e9rences, expositions, \u00e9v\u00e9nements publics) sont des  r\u00e9alisations d&rsquo;\u00e9quipe : la Direction des Affaires \u00e9tudiantes du Coll\u00e8ge  Ahuntsic, le Service de l&rsquo;animation (Michel Drainville pour sa vision et  son action d\u00e9vou\u00e9e) dont les initiatives sont vraiment dynamiques, le  Comit\u00e9 de veille interculturelle, auteur avis\u00e9 de cette initiative qui  s&rsquo;inscrit dans un processus d&rsquo;ouverture vers les diff\u00e9rentes composantes  de notre soci\u00e9t\u00e9 et d&rsquo;enracinement dans une culture la\u00efque et commune.<\/p>\n<p>Parmi les artisans qui vous  permettent de vivre cette aventure annuelle renouvel\u00e9e, il y a d&rsquo;abord  Michel Drainville et l&rsquo;\u00e9quipe de l&rsquo;animation ma\u00eetre d&rsquo;oeuvre de  l&rsquo;exposition et de la f\u00eate, la conceptrice, les graphistes Gabrielle  Lecomte et Martine Bruneau.\u00a0 Enfin, votre serviteur qui a fait la  recherche, la coordination et qui r\u00e9dige les portraits.<\/p>\n<p>Les expositions pr\u00e9c\u00e9dentes  (2000 \u00e0 2004) sont sur le site du Coll\u00e8ge Ahuntsic\u00a0:<\/p>\n<p>http:\/\/www.collegeahuntsic.qc.ca\/enbref\/publi_servdept.html<\/p>\n","protected":false},"excerpt":{"rendered":"<p>http:\/\/www.collegeahuntsic.qc.ca\/enbref\/publications\/engagement\/2003\/europe.html ENGAGEMENT ET D\u00c9TERMINATION T\u00e9moins actuels (1999-2012) UNE EXPOSITION UNIQUE Au cours des cinq premi\u00e8res ann\u00e9es du programme, ce sont 83 personnalit\u00e9s qu\u00e9b\u00e9coises originaires de l&rsquo;Afrique, des Cara\u00efbes et de la diaspora (1999-2000), de l\u2019Asie de l\u2019Est (2000-2001), de l\u2019Afrique du Nord, du Proche et Moyen-Orient (2001-2002), de l\u2019Am\u00e9rique centrale et du Sud (2002-2003) et [&hellip;]<\/p>\n","protected":false},"author":1,"featured_media":0,"comment_status":"open","ping_status":"open","sticky":false,"template":"","format":"standard","meta":{"_bbp_topic_count":0,"_bbp_reply_count":0,"_bbp_total_topic_count":0,"_bbp_total_reply_count":0,"_bbp_voice_count":0,"_bbp_anonymous_reply_count":0,"_bbp_topic_count_hidden":0,"_bbp_reply_count_hidden":0,"_bbp_forum_subforum_count":0,"_et_pb_use_builder":"","_et_pb_old_content":"","_et_gb_content_width":""},"categories":[22],"tags":[],"_links":{"self":[{"href":"http:\/\/www.yvesalavo.ca\/index.php?rest_route=\/wp\/v2\/posts\/60"}],"collection":[{"href":"http:\/\/www.yvesalavo.ca\/index.php?rest_route=\/wp\/v2\/posts"}],"about":[{"href":"http:\/\/www.yvesalavo.ca\/index.php?rest_route=\/wp\/v2\/types\/post"}],"author":[{"embeddable":true,"href":"http:\/\/www.yvesalavo.ca\/index.php?rest_route=\/wp\/v2\/users\/1"}],"replies":[{"embeddable":true,"href":"http:\/\/www.yvesalavo.ca\/index.php?rest_route=%2Fwp%2Fv2%2Fcomments&post=60"}],"version-history":[{"count":1,"href":"http:\/\/www.yvesalavo.ca\/index.php?rest_route=\/wp\/v2\/posts\/60\/revisions"}],"predecessor-version":[{"id":61,"href":"http:\/\/www.yvesalavo.ca\/index.php?rest_route=\/wp\/v2\/posts\/60\/revisions\/61"}],"wp:attachment":[{"href":"http:\/\/www.yvesalavo.ca\/index.php?rest_route=%2Fwp%2Fv2%2Fmedia&parent=60"}],"wp:term":[{"taxonomy":"category","embeddable":true,"href":"http:\/\/www.yvesalavo.ca\/index.php?rest_route=%2Fwp%2Fv2%2Fcategories&post=60"},{"taxonomy":"post_tag","embeddable":true,"href":"http:\/\/www.yvesalavo.ca\/index.php?rest_route=%2Fwp%2Fv2%2Ftags&post=60"}],"curies":[{"name":"wp","href":"https:\/\/api.w.org\/{rel}","templated":true}]}}