{"id":62,"date":"2010-08-12T17:43:38","date_gmt":"2010-08-12T17:43:38","guid":{"rendered":"http:\/\/www.yvesalavo.ca\/?p=62"},"modified":"2010-08-12T17:43:38","modified_gmt":"2010-08-12T17:43:38","slug":"porter-le-poids-du-monde-donner-et-agir-pour-construire-lavenir","status":"publish","type":"post","link":"http:\/\/www.yvesalavo.ca\/?p=62","title":{"rendered":"PORTER LE POIDS DU MONDE : DONNER ET AGIR POUR CONSTRUIRE L&rsquo;AVENIR"},"content":{"rendered":"<p><strong>Porter le poids du monde<\/strong><\/p>\n<p>Je viens de me lever, 5 h 00 du  matin, et j\u2019ai l\u2019impression apr\u00e8s une nuit en dents de scie, c\u00f4t\u00e9  sommeil, d\u2019avoir tout au long des moments de conscience, ressass\u00e9 dans  ma t\u00eate tous les aspects de mes responsabilit\u00e9s.<\/p>\n<p>Responsabilit\u00e9s parentales, la  planification des divers aspects de la vie domestique.\u00a0 Les pr\u00e9visions  financi\u00e8res et les besoins d\u2019\u00e9pargne qui permettent de faire face, le  moment venu, aux exigences des frais de scolarit\u00e9 du coll\u00e8ge priv\u00e9 pour  celle qui \u00e9tudie au secondaire. \u00a0Elle a estim\u00e9 que suivre les traces de  son fr\u00e8re qui a \u00e9tudi\u00e9 dans\u00a0 ce coll\u00e8ge car il \u00e9tait Petit chanteur du  Mont-Royal, serait la meilleure fa\u00e7on pour elle de mettre toutes les  chances de son c\u00f4t\u00e9.\u00a0 Mais aussi, payer les \u00e9tudes du grand fr\u00e8re qui  est depuis deux ans \u00e0 l\u2019universit\u00e9 McGill, \u00e9tudes en D\u00e9veloppement  international.\u00a0 Pour les deux nous avons voulu que la priorit\u00e9 soit  maintenue, les \u00e9tudes d\u2019abord, pas plus d\u2019exp\u00e9rience du march\u00e9 du  travail que pour gagner de l\u2019argent de poche, que des honoraires de  gardiennage ou alors des allocations pour des horaires de fin de semaine  comme occasionnel dans des entreprises de service ou des mandats pr\u00e9cis  r\u00e9alis\u00e9s en travail \u00e0 distance via internet ou au t\u00e9l\u00e9phone.\u00a0  Investissement important pour que les enfants puissent consacrer  l\u2019essentiel de leur \u00e9nergie aux \u00e9tudes, aux engagements qu\u2019ils ont tous  les deux.\u00a0 Les deux plus jeunes encore aux \u00e9tudes, leur grande s\u0153ur \u00e2g\u00e9e  de 28 ans est journaliste et travaille pour le Groupe TVA, au service  des programmes de culture et vari\u00e9t\u00e9s de la t\u00e9l\u00e9vision; au niveau du  b\u00e9n\u00e9volat, des participations \u00e0 des activit\u00e9s de solidarit\u00e9  internationale, de d\u00e9veloppement et d\u2019aide via la coop\u00e9ration.<\/p>\n<p>Responsabilit\u00e9s personnelles  quant au devoir professionnel, les d\u00e9tails de tous les dossiers dont  j\u2019assume la responsabilit\u00e9 et pour lesquels je mesure d\u2019abord combien je  donne le mieux afin que les citoyens soient satisfaits au maximum.\u00a0 Je  vis mon emploi, mes fonctions comme un service aux citoyens, apporter un  soutien aux administrations locales qui g\u00e8rent l\u2019offre de service, qui  agissent dans la sph\u00e8re de proximit\u00e9, qui sont en premi\u00e8re ligne\u00a0:  habitation, d\u00e9veloppement social, transport, infrastructures dont l\u2019eau  et les voies de circulation routi\u00e8res, culture accessible (biblioth\u00e8que  et arts), sport, loisirs, taxation fonci\u00e8re, s\u00e9curit\u00e9 publique,  incendie.\u00a0 Dans tous les secteurs et pour les milieux de vie, le  municipal est le lien privil\u00e9gi\u00e9 de m\u00e9diation avec la majorit\u00e9, avec les  institutions, les valeurs \u00e0 transmettre, les connaissances et les  pratiques n\u00e9cessaires \u00e0 une participation pleine et enti\u00e8re \u00e0 la vie de  la soci\u00e9t\u00e9.<\/p>\n<p>Responsabilit\u00e9s comme membre de  la cellule de base de la famille, conjoint dans un couple et aussi  \u00e9l\u00e9ment d\u2019une famille plus large, fils, fr\u00e8re, oncle, cousin, parrain,  beau-fr\u00e8re etc.\u00a0 J\u2019envisage secr\u00e8tement les sensations et aussi les  responsabilit\u00e9s, que j\u2019entrevois douces, de futur grand-p\u00e8re.\u00a0 Cette  sph\u00e8re de responsabilit\u00e9 est en perp\u00e9tuelle \u00e9volution, la courbe de vie  comme conjoint se d\u00e9finit aussi en fonction des changements de  l\u2019environnement.\u00a0 Cr\u00e9er, donner aux enfants le contenu de l\u2019h\u00e9ritage  affectif, intellectuel, psychologique, social, ancestral et familial.\u00a0  Ensuite, constituer l\u2019essentiel des r\u00e9f\u00e9rences et \u00e9duquer, former,  apprendre l\u2019\u00e9valuation, l\u2019exercice du jugement, le discernement, les  comportements n\u00e9cessaires \u00e0 la cohabitation publique et \u00e0 la coh\u00e9sion  sociale.<\/p>\n<p>De mani\u00e8re continue, se  d\u00e9veloppe le lien fait de g\u00e9n\u00e9rosit\u00e9 avec eux, cette fusion qui dans  l\u2019imperceptible lie les c\u0153urs et les esprits des parents aux enfants en  une harmonie ou en un bouillonnement cr\u00e9ateur de nouvelles synth\u00e8ses que  les \u00eatres libres et autonomes qu\u2019ils sont, deviennent de nouveaux  responsables sur les chemins de la vie.<\/p>\n<p>Responsabilit\u00e9s encore comme  \u00eatre qui aime, comme \u00eatre aimant et aim\u00e9, personne qui a un besoin de  partage des sentiments, d\u2019\u00e9change d\u2019\u00e9motions, de solidarit\u00e9 profonde  autour des fondamentaux, des valeurs essentielles\u00a0: respect, libert\u00e9,  amour, g\u00e9n\u00e9rosit\u00e9, dignit\u00e9 et fiert\u00e9 dans une \u00e9galit\u00e9 et avec  responsabilit\u00e9.\u00a0 Aimer chaque jour, partager tous les moments de la vie,  vivre en confiance avec la tendresse qui met de la souplesse dans les  rapports qui peuvent se tendre.\u00a0 Aimer dans la temp\u00eate, dans la  tourmente que causent les erreurs, dans les tensions souterraines ou  explosives qui minent le capital conjugal, aimer dans les divergences  d\u2019appr\u00e9ciations et d\u2019\u00e9valuation des situations, des personnes, des  r\u00e9alisations, enfin aimer pour et gr\u00e2ce \u00e0 l\u2019art, amour de la libert\u00e9  d\u2019aimer, aimer pour cr\u00e9er la folie, vivre la passion, d\u00e9passer les  contraintes qui naissent d\u2019un monde o\u00f9 hors du profit et des int\u00e9r\u00eats,  pas de salut.<\/p>\n","protected":false},"excerpt":{"rendered":"<p>Porter le poids du monde Je viens de me lever, 5 h 00 du matin, et j\u2019ai l\u2019impression apr\u00e8s une nuit en dents de scie, c\u00f4t\u00e9 sommeil, d\u2019avoir tout au long des moments de conscience, ressass\u00e9 dans ma t\u00eate tous les aspects de mes responsabilit\u00e9s. Responsabilit\u00e9s parentales, la planification des divers aspects de la vie [&hellip;]<\/p>\n","protected":false},"author":1,"featured_media":0,"comment_status":"open","ping_status":"open","sticky":false,"template":"","format":"standard","meta":{"_bbp_topic_count":0,"_bbp_reply_count":0,"_bbp_total_topic_count":0,"_bbp_total_reply_count":0,"_bbp_voice_count":0,"_bbp_anonymous_reply_count":0,"_bbp_topic_count_hidden":0,"_bbp_reply_count_hidden":0,"_bbp_forum_subforum_count":0,"_et_pb_use_builder":"","_et_pb_old_content":"","_et_gb_content_width":""},"categories":[22],"tags":[],"_links":{"self":[{"href":"http:\/\/www.yvesalavo.ca\/index.php?rest_route=\/wp\/v2\/posts\/62"}],"collection":[{"href":"http:\/\/www.yvesalavo.ca\/index.php?rest_route=\/wp\/v2\/posts"}],"about":[{"href":"http:\/\/www.yvesalavo.ca\/index.php?rest_route=\/wp\/v2\/types\/post"}],"author":[{"embeddable":true,"href":"http:\/\/www.yvesalavo.ca\/index.php?rest_route=\/wp\/v2\/users\/1"}],"replies":[{"embeddable":true,"href":"http:\/\/www.yvesalavo.ca\/index.php?rest_route=%2Fwp%2Fv2%2Fcomments&post=62"}],"version-history":[{"count":1,"href":"http:\/\/www.yvesalavo.ca\/index.php?rest_route=\/wp\/v2\/posts\/62\/revisions"}],"predecessor-version":[{"id":63,"href":"http:\/\/www.yvesalavo.ca\/index.php?rest_route=\/wp\/v2\/posts\/62\/revisions\/63"}],"wp:attachment":[{"href":"http:\/\/www.yvesalavo.ca\/index.php?rest_route=%2Fwp%2Fv2%2Fmedia&parent=62"}],"wp:term":[{"taxonomy":"category","embeddable":true,"href":"http:\/\/www.yvesalavo.ca\/index.php?rest_route=%2Fwp%2Fv2%2Fcategories&post=62"},{"taxonomy":"post_tag","embeddable":true,"href":"http:\/\/www.yvesalavo.ca\/index.php?rest_route=%2Fwp%2Fv2%2Ftags&post=62"}],"curies":[{"name":"wp","href":"https:\/\/api.w.org\/{rel}","templated":true}]}}