{"id":66,"date":"2010-08-12T17:46:08","date_gmt":"2010-08-12T17:46:08","guid":{"rendered":"http:\/\/www.yvesalavo.ca\/?p=66"},"modified":"2010-08-12T17:46:08","modified_gmt":"2010-08-12T17:46:08","slug":"les-chants-de-bali","status":"publish","type":"post","link":"http:\/\/www.yvesalavo.ca\/?p=66","title":{"rendered":"LES CHANTS DE BALI"},"content":{"rendered":"<p>Jeudi 1<sup>er<\/sup> novembre  2007.<\/p>\n<p>Je suis combl\u00e9, j\u2019ai v\u00e9cu une  soir\u00e9e tonique, forte et un hommage spectaculaire de Nabil Bali, le fils  \u00e0 son p\u00e8re Othmane Bali (1953-2003), enfant b\u00e9ni du d\u00e9sert. Nous avons  arpent\u00e9 les dunes sans douleur en musique portant les chansons Touareg,  envo\u00fbtant concert d\u2019instruments qui nous font vibrer au sein de l\u2019oasis  Janet dans le Tassili N\u2019ajjer. B\u00e9n\u00e9diction sublime qui coule de l\u2019oasis  natal du ma\u00eetre spirituel, b\u00e9n\u00e9diction qui a unie le public cosmopolite,  danses, chants communs, voix et applaudissements d\u2019un public sous le  charme. Encore une fois, les femmes fi\u00e8res et issues de la tradition  matriarcale ont donn\u00e9 tout. G\u00e9n\u00e9reuse compl\u00e9mentarit\u00e9 entre masculin et  f\u00e9minin, voiles traditionnels, couleurs et brillants modul\u00e9s de bleu en  contre jour au kh\u00f4l qui calibre les tours des yeux. Musique et po\u00e9sie  conjointes scand\u00e9es, frapp\u00e9es de mots tamasheqs originaires disant les  po\u00e8mes \u00ab TIND\u00c9 \u00bb. La langue berb\u00e8re s\u2019y d\u00e9ploie en all\u00e9gresse. En ordre  secret, selon le code con\u00e7u par les instrumentistes et  chanteuses\/danseuses du groupe, se l\u00e8ve chacun dansant pas chaloup\u00e9s,  cadence improvis\u00e9e coll\u00e9e aux rythmes. Le public jubile, quelle \u00e9nergie,  elle passe, lib\u00e8re les plus timides, nous dansons en corps all\u00e9g\u00e9s  port\u00e9s comme par une transe, cette fois avec danse, une transe des  complaintes solidaires, m\u00e9lop\u00e9es n\u00e8gres et m\u00e9tiss\u00e9es, savantes et  universelles, interp\u00e9n\u00e9tr\u00e9es par les sonorit\u00e9s des instruments, musique  organique et ergonomique de l\u2019esprit du soleil et des sables.<\/p>\n","protected":false},"excerpt":{"rendered":"<p>Jeudi 1er novembre 2007. Je suis combl\u00e9, j\u2019ai v\u00e9cu une soir\u00e9e tonique, forte et un hommage spectaculaire de Nabil Bali, le fils \u00e0 son p\u00e8re Othmane Bali (1953-2003), enfant b\u00e9ni du d\u00e9sert. Nous avons arpent\u00e9 les dunes sans douleur en musique portant les chansons Touareg, envo\u00fbtant concert d\u2019instruments qui nous font vibrer au sein de [&hellip;]<\/p>\n","protected":false},"author":1,"featured_media":0,"comment_status":"open","ping_status":"open","sticky":false,"template":"","format":"standard","meta":{"_bbp_topic_count":0,"_bbp_reply_count":0,"_bbp_total_topic_count":0,"_bbp_total_reply_count":0,"_bbp_voice_count":0,"_bbp_anonymous_reply_count":0,"_bbp_topic_count_hidden":0,"_bbp_reply_count_hidden":0,"_bbp_forum_subforum_count":0,"_et_pb_use_builder":"","_et_pb_old_content":"","_et_gb_content_width":""},"categories":[22],"tags":[],"_links":{"self":[{"href":"http:\/\/www.yvesalavo.ca\/index.php?rest_route=\/wp\/v2\/posts\/66"}],"collection":[{"href":"http:\/\/www.yvesalavo.ca\/index.php?rest_route=\/wp\/v2\/posts"}],"about":[{"href":"http:\/\/www.yvesalavo.ca\/index.php?rest_route=\/wp\/v2\/types\/post"}],"author":[{"embeddable":true,"href":"http:\/\/www.yvesalavo.ca\/index.php?rest_route=\/wp\/v2\/users\/1"}],"replies":[{"embeddable":true,"href":"http:\/\/www.yvesalavo.ca\/index.php?rest_route=%2Fwp%2Fv2%2Fcomments&post=66"}],"version-history":[{"count":1,"href":"http:\/\/www.yvesalavo.ca\/index.php?rest_route=\/wp\/v2\/posts\/66\/revisions"}],"predecessor-version":[{"id":67,"href":"http:\/\/www.yvesalavo.ca\/index.php?rest_route=\/wp\/v2\/posts\/66\/revisions\/67"}],"wp:attachment":[{"href":"http:\/\/www.yvesalavo.ca\/index.php?rest_route=%2Fwp%2Fv2%2Fmedia&parent=66"}],"wp:term":[{"taxonomy":"category","embeddable":true,"href":"http:\/\/www.yvesalavo.ca\/index.php?rest_route=%2Fwp%2Fv2%2Fcategories&post=66"},{"taxonomy":"post_tag","embeddable":true,"href":"http:\/\/www.yvesalavo.ca\/index.php?rest_route=%2Fwp%2Fv2%2Ftags&post=66"}],"curies":[{"name":"wp","href":"https:\/\/api.w.org\/{rel}","templated":true}]}}