{"id":68,"date":"2010-08-12T17:47:14","date_gmt":"2010-08-12T17:47:14","guid":{"rendered":"http:\/\/www.yvesalavo.ca\/?p=68"},"modified":"2010-08-12T17:47:14","modified_gmt":"2010-08-12T17:47:14","slug":"une-premiere-au-canada-regards-sur-le-cinema-algerien","status":"publish","type":"post","link":"http:\/\/www.yvesalavo.ca\/?p=68","title":{"rendered":"Une premi\u00e8re au Canada !Regards sur le cin\u00e9ma alg\u00e9rien"},"content":{"rendered":"<p>L\u2019Union des artistes alg\u00e9ro-canadiens (UDAAC) a le  plaisir d\u2019organiser pour la premi\u00e8re fois au Canada un \u00e9v\u00e9nement  intitul\u00e9 Regards sur le cin\u00e9ma alg\u00e9rien. Cet \u00e9v\u00e9nement qui pr\u00e9sentera  plusieurs films alg\u00e9riens et une r\u00e9flexion sur le cin\u00e9ma alg\u00e9rien se  d\u00e9roulera du vendredi 7 d\u00e9cembre au dimanche 9 d\u00e9cembre 2007 \u00e0 l\u2019Office  national du film (ONF) \u00e0 Montr\u00e9al. Au programme, un choix de six films,  dont trois documentaires repr\u00e9sentatifs du cin\u00e9ma alg\u00e9rien et dont  plusieurs sont in\u00e9dits au Canada. Une conf\u00e9rence s\u2019interrogera et  interpellera le public sur la nature et le devenir du cin\u00e9ma alg\u00e9rien  sous la forme d\u2019un d\u00e9bat intitul\u00e9 Qu\u2019est-ce que le cin\u00e9ma alg\u00e9rien ?  Cette conf\u00e9rence sera anim\u00e9e par des cin\u00e9astes et sp\u00e9cialistes du cin\u00e9ma  : Monsieur. Rabah Bouberras, r\u00e9alisateur entre autres des films Sahara  Blues et La Nostalgie du monde; Madame Ratiba Hadj-Moussa, professeure  agr\u00e9g\u00e9e au d\u00e9partement de sociologie et au Graduate Program in  Communication and Culture de l\u2019Universit\u00e9 York; Madame May  Telmissany,romanci\u00e8re et professeure \u00e0 l\u2019Universit\u00e9 d\u2019Ottawa. De  sonc\u00f4t\u00e9, Monsieur Mehana Amrani, professeur de litt\u00e9rature \u00e0  l\u2019Universit\u00e9 de Montr\u00e9al et co-auteur, entre autres, de l\u2019ouvrage  l\u2019Afrique fait son cin\u00e9ma, d\u00e9m\u00ealera l\u2019\u00e9cheveau serr\u00e9 des liens qui  unissent le couple litt\u00e9rature et cin\u00e9ma alg\u00e9riens. Une exposition  d\u2019affiches de films alg\u00e9riens illustrera cet espace cin\u00e9matographique.  Le vernissage aura lieu le vendredi 7 d\u00e9cembre 2007 \u00e0 l\u2019ONF et se  poursuivra avec un programme des plus vari\u00e9s. Prix des billets : 5 $ la  s\u00e9ance ou 25 $ pour l\u2019ensemble de l\u2019\u00e9v\u00e9nement. Veuillez acheter vos  billets au Cin\u00e9ma ONF 1564 rue St-Denis, Montr\u00e9al t\u00e9l. (514) 496-6887  Renseignements : Nylda Aktouf, vice-pr\u00e9sidente \u2013 Communications,  450-4661019<\/p>\n","protected":false},"excerpt":{"rendered":"<p>L\u2019Union des artistes alg\u00e9ro-canadiens (UDAAC) a le plaisir d\u2019organiser pour la premi\u00e8re fois au Canada un \u00e9v\u00e9nement intitul\u00e9 Regards sur le cin\u00e9ma alg\u00e9rien. Cet \u00e9v\u00e9nement qui pr\u00e9sentera plusieurs films alg\u00e9riens et une r\u00e9flexion sur le cin\u00e9ma alg\u00e9rien se d\u00e9roulera du vendredi 7 d\u00e9cembre au dimanche 9 d\u00e9cembre 2007 \u00e0 l\u2019Office national du film (ONF) \u00e0 [&hellip;]<\/p>\n","protected":false},"author":1,"featured_media":0,"comment_status":"open","ping_status":"open","sticky":false,"template":"","format":"standard","meta":{"_bbp_topic_count":0,"_bbp_reply_count":0,"_bbp_total_topic_count":0,"_bbp_total_reply_count":0,"_bbp_voice_count":0,"_bbp_anonymous_reply_count":0,"_bbp_topic_count_hidden":0,"_bbp_reply_count_hidden":0,"_bbp_forum_subforum_count":0,"_et_pb_use_builder":"","_et_pb_old_content":"","_et_gb_content_width":""},"categories":[22],"tags":[],"_links":{"self":[{"href":"http:\/\/www.yvesalavo.ca\/index.php?rest_route=\/wp\/v2\/posts\/68"}],"collection":[{"href":"http:\/\/www.yvesalavo.ca\/index.php?rest_route=\/wp\/v2\/posts"}],"about":[{"href":"http:\/\/www.yvesalavo.ca\/index.php?rest_route=\/wp\/v2\/types\/post"}],"author":[{"embeddable":true,"href":"http:\/\/www.yvesalavo.ca\/index.php?rest_route=\/wp\/v2\/users\/1"}],"replies":[{"embeddable":true,"href":"http:\/\/www.yvesalavo.ca\/index.php?rest_route=%2Fwp%2Fv2%2Fcomments&post=68"}],"version-history":[{"count":1,"href":"http:\/\/www.yvesalavo.ca\/index.php?rest_route=\/wp\/v2\/posts\/68\/revisions"}],"predecessor-version":[{"id":69,"href":"http:\/\/www.yvesalavo.ca\/index.php?rest_route=\/wp\/v2\/posts\/68\/revisions\/69"}],"wp:attachment":[{"href":"http:\/\/www.yvesalavo.ca\/index.php?rest_route=%2Fwp%2Fv2%2Fmedia&parent=68"}],"wp:term":[{"taxonomy":"category","embeddable":true,"href":"http:\/\/www.yvesalavo.ca\/index.php?rest_route=%2Fwp%2Fv2%2Fcategories&post=68"},{"taxonomy":"post_tag","embeddable":true,"href":"http:\/\/www.yvesalavo.ca\/index.php?rest_route=%2Fwp%2Fv2%2Ftags&post=68"}],"curies":[{"name":"wp","href":"https:\/\/api.w.org\/{rel}","templated":true}]}}