{"id":76,"date":"2010-08-12T17:52:10","date_gmt":"2010-08-12T17:52:10","guid":{"rendered":"http:\/\/www.yvesalavo.ca\/?p=76"},"modified":"2010-08-12T17:52:10","modified_gmt":"2010-08-12T17:52:10","slug":"eurofest-2008-a-la-rencontre-de-la-paix","status":"publish","type":"post","link":"http:\/\/www.yvesalavo.ca\/?p=76","title":{"rendered":"EUROFEST 2008 : \u00c0 LA RENCONTRE DE LA PAIX"},"content":{"rendered":"<p>Organis\u00e9 par l\u2019association  ROCADE<\/p>\n<p>en partenariat avec le Cin\u00e9ma du  Parc et le Centre Segal,<\/p>\n<p>avec l\u2019appui de la Ville de  Montr\u00e9al et du Minist\u00e8re de l\u2019Immigration et des Communaut\u00e9s Culturelles  du Qu\u00e9bec,<\/p>\n<p>le Festival de films de l\u2019Europe  de l\u2019Est<\/p>\n<p>propose au grand public<\/p>\n<p>une quarantaine de films de  fictions et de documentaires<\/p>\n<p><em>Le soleil est pr\u00e9sent, <\/em><\/p>\n<p><em>Nos esprits se rencontrent<\/em><\/p>\n<p><em>Une sensation, <\/em><\/p>\n<p><em>Cette reconnaissance.<\/em><\/p>\n<p>Plus d\u2019une douzaine de pays  d\u2019Europe de l\u2019Est :<\/p>\n<p>la Bosnie-Herz\u00e9govine, la  Bulgarie, la Croatie, l\u2019Estonie,<\/p>\n<p>la G\u00e9orgie, la Hongrie, la  Lettonie, la Lituanie,<\/p>\n<p>la Pologne, la R\u00e9publique  Tch\u00e8que, la Russie, la Serbie,<\/p>\n<p>la Slovaquie, la Slov\u00e9nie, la  Turquie.<\/p>\n<p><em>Nous regardons l\u2019autre<\/em><\/p>\n<p><em>L\u2019autre que nous  reconnaissons<\/em><\/p>\n<p><em>Reconnaissance et int\u00e9r\u00eat.<\/em><\/p>\n<p><em>Aise de soi<\/em><\/p>\n<p><em>Plaisir d\u2019\u00eatre avec l\u2019autre<\/em><\/p>\n<p><em>Cet autre qui est aussi en  soi.<\/em><\/p>\n<p>Ainsi que l\u2019Angleterre,  l\u2019Allemagne, la Hollande,<\/p>\n<p>les \u00c9tats-Unis et le Canada.<\/p>\n<p>EUROfEST offre \u00e0 son public<\/p>\n<p>la possibilit\u00e9 de visionner de  nouveaux films.<\/p>\n<p>Mais aussi, des films qui ont  connu le succ\u00e8s en Europe,<\/p>\n<p>Des films qui sont tr\u00e8s souvent  ignor\u00e9s en Am\u00e9rique du Nord.<\/p>\n<p><em>La paix est pr\u00e9sente<\/em><\/p>\n<p><em>La paix est vivante<\/em><\/p>\n<p><em>La paix s\u2019exprime.<\/em><\/p>\n<p><em>Je revois cette lumi\u00e8re<\/em><\/p>\n<p><em>Cette lumi\u00e8re dans le regard<\/em><\/p>\n<p><em>Le regard de l\u2019autre.<\/em><\/p>\n<p><em>L\u2019autre regard<\/em><\/p>\n<p><em>L\u2019autre qui apaise<\/em><\/p>\n<p><em>L\u2019autre qui refl\u00e8te la paix.<\/em><\/p>\n<p>Organisateur du festival,  l\u2019association ROCADE regroupe<\/p>\n<p>des professionnels travaillant  dans les domaines<\/p>\n<p>de la cin\u00e9matographie, des  m\u00e9dias.<\/p>\n<p>Des professionnels qui partagent  tous la m\u00eame ferveur de l\u2019authenticit\u00e9.<\/p>\n<p>Des professionnels qui ont en  commun<\/p>\n<p>la passion et les grandes  valeurs des cr\u00e9ateurs est europ\u00e9ens.<\/p>\n<p><em>La paix est partag\u00e9e<\/em><\/p>\n<p><em>La paix est donn\u00e9e<\/em><\/p>\n<p><em>La paix est dans cette  rencontre.<\/em><\/p>\n<p><em>Rencontre singuli\u00e8re<\/em><\/p>\n<p><em>Rencontre transitoire<\/em><\/p>\n<p><em>Rencontre plurielle.<\/em><\/p>\n<p><em>Voix qui \u00e9changent<\/em><\/p>\n<p><em>Voix qui se croisent<\/em><\/p>\n<p><em>Voix qui s\u2019unissent.<\/em><\/p>\n<p>ROCADE est un organisme \u00e0 but  non lucratif (OBNL),<\/p>\n<p>ayant comme objectif de  promouvoir les valeurs culturelles de l\u2019espace est europ\u00e9en<\/p>\n<p>au Canada, au Qu\u00e9bec, \u00e0  Montr\u00e9al.<\/p>\n<p>ROCADE constitue une unique  rampe de lancement.<\/p>\n<p>Rampe de coop\u00e9ration pour les  films pr\u00e9sent\u00e9s<\/p>\n<p>et pour les professionnels des  horizons de la cr\u00e9ation.<\/p>\n<p><em>Nos regards communs<\/em><\/p>\n<p><em>Pour la paix <\/em><\/p>\n<p><em>Nos regards en union<\/em><\/p>\n<p><em>Avec la paix<\/em><\/p>\n<p><em>Nos regards en harmonie<\/em><\/p>\n<p><em>Comme la paix.<\/em><\/p>\n","protected":false},"excerpt":{"rendered":"<p>Organis\u00e9 par l\u2019association ROCADE en partenariat avec le Cin\u00e9ma du Parc et le Centre Segal, avec l\u2019appui de la Ville de Montr\u00e9al et du Minist\u00e8re de l\u2019Immigration et des Communaut\u00e9s Culturelles du Qu\u00e9bec, le Festival de films de l\u2019Europe de l\u2019Est propose au grand public une quarantaine de films de fictions et de documentaires Le [&hellip;]<\/p>\n","protected":false},"author":1,"featured_media":0,"comment_status":"open","ping_status":"open","sticky":false,"template":"","format":"standard","meta":{"_bbp_topic_count":0,"_bbp_reply_count":0,"_bbp_total_topic_count":0,"_bbp_total_reply_count":0,"_bbp_voice_count":0,"_bbp_anonymous_reply_count":0,"_bbp_topic_count_hidden":0,"_bbp_reply_count_hidden":0,"_bbp_forum_subforum_count":0,"_et_pb_use_builder":"","_et_pb_old_content":"","_et_gb_content_width":""},"categories":[22],"tags":[],"_links":{"self":[{"href":"http:\/\/www.yvesalavo.ca\/index.php?rest_route=\/wp\/v2\/posts\/76"}],"collection":[{"href":"http:\/\/www.yvesalavo.ca\/index.php?rest_route=\/wp\/v2\/posts"}],"about":[{"href":"http:\/\/www.yvesalavo.ca\/index.php?rest_route=\/wp\/v2\/types\/post"}],"author":[{"embeddable":true,"href":"http:\/\/www.yvesalavo.ca\/index.php?rest_route=\/wp\/v2\/users\/1"}],"replies":[{"embeddable":true,"href":"http:\/\/www.yvesalavo.ca\/index.php?rest_route=%2Fwp%2Fv2%2Fcomments&post=76"}],"version-history":[{"count":1,"href":"http:\/\/www.yvesalavo.ca\/index.php?rest_route=\/wp\/v2\/posts\/76\/revisions"}],"predecessor-version":[{"id":77,"href":"http:\/\/www.yvesalavo.ca\/index.php?rest_route=\/wp\/v2\/posts\/76\/revisions\/77"}],"wp:attachment":[{"href":"http:\/\/www.yvesalavo.ca\/index.php?rest_route=%2Fwp%2Fv2%2Fmedia&parent=76"}],"wp:term":[{"taxonomy":"category","embeddable":true,"href":"http:\/\/www.yvesalavo.ca\/index.php?rest_route=%2Fwp%2Fv2%2Fcategories&post=76"},{"taxonomy":"post_tag","embeddable":true,"href":"http:\/\/www.yvesalavo.ca\/index.php?rest_route=%2Fwp%2Fv2%2Ftags&post=76"}],"curies":[{"name":"wp","href":"https:\/\/api.w.org\/{rel}","templated":true}]}}