{"id":192,"date":"2010-08-17T21:54:30","date_gmt":"2010-08-17T21:54:30","guid":{"rendered":"http:\/\/www.yvesalavo.ca\/?p=192"},"modified":"2010-08-17T21:54:30","modified_gmt":"2010-08-17T21:54:30","slug":"kheira-chakor","status":"publish","type":"post","link":"https:\/\/www.yvesalavo.ca\/?p=192","title":{"rendered":"KHEIRA CHAKOR"},"content":{"rendered":"<p>Sp\u00e9cialiste de la biochimie, de la  toxicologie et de la nutrition, Kheira Chakor a une formation acad\u00e9mique  remarquable\u00a0: une ma\u00eetrise en sciences de la nutrition il y a 25 ans,  dans le syst\u00e8me universitaire fran\u00e7ais c\u2019est un dipl\u00f4me d\u2019\u00e9tudes  approfondies (DEA) qu\u2019elle a obtenu \u00e0 l\u2019Universit\u00e9 Pierre et Marie Curie  de Paris, trois ans plus tard un doctorat de troisi\u00e8me cycle, toujours  en nutrition et dans la m\u00eame universit\u00e9 et enfin, un Doctorat d\u2019\u00c9tat \u00e8s  Sciences en Biochimie-Toxicologie \u00e0 l\u2019Universit\u00e9 Louis Pasteur de  Strasbourg, il y a dix ans, dipl\u00f4me qui en Am\u00e9rique du Nord est un Ph.D.<\/p>\n<p>Kheira Chakor a enseign\u00e9 la biochimie des macromol\u00e9cules \u00e0  titre de Ma\u00eetre de conf\u00e9rence invit\u00e9e \u00e0 l\u2019\u00c9cole sup\u00e9rieure de  biotechnologie de Strasbourg, lieu de rencontre d\u2019\u00e9tudiants issus des  diff\u00e9rents pays d\u2019Europe. Ses sujets de recherche tant \u00e0  Paris qu\u2019\u00e0 Strasbourg\u00a0: le m\u00e9tabolisme cellulaire et mol\u00e9culaire des  mycotoxines, des toxines secr\u00e9t\u00e9es par des moisissures ou des  champignons microcospiques qui se d\u00e9veloppent sur les arachides, les  c\u00e9r\u00e9ales. Le sujet de recherche de son stage post-doctoral \u00e0  l\u2019Universit\u00e9 du Qu\u00e9bec \u00e0 Montr\u00e9al portait sur les agents anticanc\u00e9reux  et la multir\u00e9sistance cellulaire.<\/p>\n<p>Ce qui caract\u00e9rise cette  scientifique ce sont principalement les int\u00e9r\u00eats multiples  qu\u2019elle a pour les arts, la culture, une curiosit\u00e9 sans cesse renouvel\u00e9e  qui fait qu\u2019elle est en mesure de s\u2019exprimer sur l\u2019actualit\u00e9, de  d\u00e9velopper des points de vue solides et document\u00e9s sur la dynamique  sociale, les relations internationales. Elle aime lire et  d\u00e9couvrir, loin des \u00e9prouvettes du laboratoire et des \u00e9quations ou des  formules chimiques, l\u2019histoire, la vie des peuples, la po\u00e9sie, le  th\u00e9\u00e2tre, le cin\u00e9ma. Elle r\u00e9alise que sa motivation la plus  significative <em>ma curiosit\u00e9 scientifique et culturelle\u2026 mon souci  constant a toujours \u00e9t\u00e9, encore plus aujourd\u2019hui, la promotion de la  science dans ses multiples applications biotechnologiques  (agroalimentaire, sant\u00e9, pharmaceutique, environnement). Les  innovations et les prouesses de la science envahissent de plus en plus  notre vie quotidienne.<\/em><\/p>\n<p>Vulgariser et rendre le savoir  accessible c\u2019est l\u2019obsession de cette enseignante amoureuse de la vie  qui a un sens aigu de la solidarit\u00e9. Il y a dix, en  arrivant \u00e0 Montr\u00e9al <em>j\u2019ai d\u00e9couvert et pratiqu\u00e9 le b\u00e9n\u00e9volat au <strong>Centre  d\u2019\u00c9tudes Arabes et du D\u00e9veloppement<\/strong> (CEAD) o\u00f9 j\u2019ai \u00e9t\u00e9 membre  du conseil d\u2019administration et pris part \u00e0 l\u2019organisation du festival de  films <strong>Images du monde arabe<\/strong>. Par la  suite, j\u2019ai aussi donn\u00e9 des conf\u00e9rences et tenu des stands d\u2019information  en nutrition et sant\u00e9, pour le b\u00e9n\u00e9fice de centres communautaires.  Je constate un v\u00e9ritable engouement pour de telles activit\u00e9s,  preuve de la maturit\u00e9 et du degr\u00e9 de conscience de la population  vis-\u00e0-vis de la pr\u00e9vention et de la promotion de la  sant\u00e9. C\u2019est  \u00e0 travers mes activit\u00e9s professionnelles que j\u2019ai pu donner un sens \u00e0  mon engagement social.<\/em> Une autre application qui  permet la vulgarisation du savoir, <em>gr\u00e2ce aux articles que je r\u00e9dige  et aux conseils que je diffuse sur le site internet de mokasofa.com, je  partage avec plus de personnes mes connaissances en nutrition<\/em>.<\/p>\n<p>Kheira Chakor est d\u2019abord une scientifique, une universitaire avec tout  ce que cela comporte, de nombreuses publications d\u2019articles et de  communications scientifiques, des charges de cours, des interventions \u00e0  titre de conf\u00e9renci\u00e8re, des articles dans des revues sp\u00e9cialis\u00e9es et des  liens avec les m\u00e9dias (radio, presse \u00e9crite); elle donne de la  formation comme consultante aupr\u00e8s de coop\u00e9rants. En somme,  tant de comp\u00e9tence et d\u2019exp\u00e9rience qu\u2019elle est pr\u00eate \u00e0 mettre au  service de notre soci\u00e9t\u00e9.<\/p>\n<p>Mais, dans un contexte  d\u2019exclusion r\u00e9elle sur le march\u00e9 du travail o\u00f9 les analyses des  composantes mettent en relief la bipolarisation des conditions\u00a0: d\u2019une  part les professionnels et dipl\u00f4m\u00e9s universitaires membres de la  majorit\u00e9 chez qui le taux de ch\u00f4mage fr\u00f4lent les 10% et d\u2019autres part  les professionnels ayant les m\u00eames dipl\u00f4mes universitaires mais qui sont  membres des communaut\u00e9s ethnoculturelles, leur taux de ch\u00f4mage est  souvent plus proche des 50%.<\/p>\n<p>Bien que dans son domaine Kheira  Chakor soit une des sp\u00e9cialistes les plus qualifi\u00e9es, apr\u00e8s dix ans de  vie au Qu\u00e9bec, avec la ma\u00eetrise de trois langues en plus, elle fait  l\u2019exp\u00e9rience p\u00e9nible de la permanence du provisoire. Quand  se mesure au particulier les effets d\u00e9vastateurs de la discrimination,  c\u2019est collectivement que nous sommes interpell\u00e9s afin que des injustices  aussi flagrantes ne soient plus tol\u00e9r\u00e9es et que notre soci\u00e9t\u00e9 puisse  s\u2019\u00e9panouir et b\u00e9n\u00e9ficier de l\u2019apport qualitatif  exceptionnel, dans de nombreux secteurs d\u2019activit\u00e9, de personnes qui  comme Kheira Chakor sont arriv\u00e9es au Qu\u00e9bec avec le pr\u00e9cieux bagage  d\u2019une formation sup\u00e9rieure compl\u00e8te.<\/p>\n<p>D\u00e9passant la dure r\u00e9alit\u00e9 de la  lutte du quotidien, un peu \u00e0 l\u2019image de Sisyphe, Kheira Chakor parle de  son attitude\u00a0: <em>La d\u00e9termination et l\u2019engagement sont n\u00e9cessaires  pour lutter et conqu\u00e9rir le droit \u00e0 l\u2019identit\u00e9 citoyenne\u2026 C\u2019est en  lib\u00e9rant son esprit qu\u2019on sera le plus apte, le plus r\u00e9ceptif \u00e0 faire  sienne les valeurs qui semblent correspondre le plus \u00e0 nos attentes\u2026On  doit savoir valoriser sa culture, partager ses connaissances et son  savoir-faire, lib\u00e9rer sa cr\u00e9ativit\u00e9, accepter de changer ses  comportements et ses habitudes pour mieux participer \u00e0 la vie sociale.  Le principe de vie qui me guide est celui de la connaissance et  du respect de l\u2019autre, c\u2019est dans cet esprit que s\u2019inscrit la promotion  de la science, \u00e9duquer afin que le savoir et la connaissance soient  \u00e9lev\u00e9s au rang de valeurs.<\/em><\/p>\n","protected":false},"excerpt":{"rendered":"<p>Sp\u00e9cialiste de la biochimie, de la toxicologie et de la nutrition, Kheira Chakor a une formation acad\u00e9mique remarquable\u00a0: une ma\u00eetrise en sciences de la nutrition il y a 25 ans, dans le syst\u00e8me universitaire fran\u00e7ais c\u2019est un dipl\u00f4me d\u2019\u00e9tudes approfondies (DEA) qu\u2019elle a obtenu \u00e0 l\u2019Universit\u00e9 Pierre et Marie Curie de Paris, trois ans plus [&hellip;]<\/p>\n","protected":false},"author":1,"featured_media":0,"comment_status":"open","ping_status":"open","sticky":false,"template":"","format":"standard","meta":{"_bbp_topic_count":0,"_bbp_reply_count":0,"_bbp_total_topic_count":0,"_bbp_total_reply_count":0,"_bbp_voice_count":0,"_bbp_anonymous_reply_count":0,"_bbp_topic_count_hidden":0,"_bbp_reply_count_hidden":0,"_bbp_forum_subforum_count":0,"_et_pb_use_builder":"","_et_pb_old_content":"","_et_gb_content_width":""},"categories":[19],"tags":[],"_links":{"self":[{"href":"https:\/\/www.yvesalavo.ca\/index.php?rest_route=\/wp\/v2\/posts\/192"}],"collection":[{"href":"https:\/\/www.yvesalavo.ca\/index.php?rest_route=\/wp\/v2\/posts"}],"about":[{"href":"https:\/\/www.yvesalavo.ca\/index.php?rest_route=\/wp\/v2\/types\/post"}],"author":[{"embeddable":true,"href":"https:\/\/www.yvesalavo.ca\/index.php?rest_route=\/wp\/v2\/users\/1"}],"replies":[{"embeddable":true,"href":"https:\/\/www.yvesalavo.ca\/index.php?rest_route=%2Fwp%2Fv2%2Fcomments&post=192"}],"version-history":[{"count":1,"href":"https:\/\/www.yvesalavo.ca\/index.php?rest_route=\/wp\/v2\/posts\/192\/revisions"}],"predecessor-version":[{"id":193,"href":"https:\/\/www.yvesalavo.ca\/index.php?rest_route=\/wp\/v2\/posts\/192\/revisions\/193"}],"wp:attachment":[{"href":"https:\/\/www.yvesalavo.ca\/index.php?rest_route=%2Fwp%2Fv2%2Fmedia&parent=192"}],"wp:term":[{"taxonomy":"category","embeddable":true,"href":"https:\/\/www.yvesalavo.ca\/index.php?rest_route=%2Fwp%2Fv2%2Fcategories&post=192"},{"taxonomy":"post_tag","embeddable":true,"href":"https:\/\/www.yvesalavo.ca\/index.php?rest_route=%2Fwp%2Fv2%2Ftags&post=192"}],"curies":[{"name":"wp","href":"https:\/\/api.w.org\/{rel}","templated":true}]}}