{"id":600,"date":"2013-03-14T15:45:49","date_gmt":"2013-03-14T19:45:49","guid":{"rendered":"http:\/\/www.yvesalavo.ca\/?p=600"},"modified":"2013-03-14T15:45:49","modified_gmt":"2013-03-14T19:45:49","slug":"francois-pour-communier-a-l%e2%80%99evangile-du-christ","status":"publish","type":"post","link":"https:\/\/www.yvesalavo.ca\/?p=600","title":{"rendered":"FRAN\u00c7OIS POUR COMMUNIER \u00c0 L\u2019\u00c9VANGILE DU CHRIST"},"content":{"rendered":"<div id=\"attachment_601\" style=\"width: 310px\" class=\"wp-caption alignleft\"><a href=\"http:\/\/www.yvesalavo.ca\/wp-content\/uploads\/2013\/03\/Cardinal-Jorge-Mario-Bergoglio-le-3-mars-2013.jpg\"><img aria-describedby=\"caption-attachment-601\" loading=\"lazy\" src=\"http:\/\/www.yvesalavo.ca\/wp-content\/uploads\/2013\/03\/Cardinal-Jorge-Mario-Bergoglio-le-3-mars-2013-300x218.jpg\" alt=\"\" title=\"Cardinal Jorge Mario Bergoglio, le 3 mars 2013\" width=\"300\" height=\"218\" class=\"size-medium wp-image-601\" srcset=\"https:\/\/www.yvesalavo.ca\/wp-content\/uploads\/2013\/03\/Cardinal-Jorge-Mario-Bergoglio-le-3-mars-2013-300x218.jpg 300w, https:\/\/www.yvesalavo.ca\/wp-content\/uploads\/2013\/03\/Cardinal-Jorge-Mario-Bergoglio-le-3-mars-2013.jpg 616w\" sizes=\"(max-width: 300px) 100vw, 300px\" \/><\/a><p id=\"caption-attachment-601\" class=\"wp-caption-text\">Cardinal Jorge Mario Bergoglio, le 3 mars 2013<\/p><\/div>\n<p>C\u2019est son go\u00fbt de la discr\u00e9tion, sa d\u00e9nonciation du lib\u00e9ralisme sauvage d\u2019un monde globalis\u00e9, tout comme la proximit\u00e9 avec ses fid\u00e8les qui l\u2019ont peu \u00e0 peu impos\u00e9 comme une autorit\u00e9 morale. Un pr\u00eatre, pass\u00e9 par la sierra avant de rejoindre Buenos Aires, qui se d\u00e9marque par sa simplicit\u00e9. Nomm\u00e9 \u00e0 Buenos Aires, la capitale argentine, il refuse le luxe de la r\u00e9sidence qu\u2019on lui r\u00e9serve pour prendre un petit appartement, \u00e0 proximit\u00e9 de son \u00e9glise. Il prend le bus pour aller de paroisse en paroisse. Il va dormir dans un bidonville chez l\u2019un de ses pr\u00eatres menac\u00e9 par les trafiquants de drogue.<\/p>\n<p>En 2009, il d\u00e9clare que la lutte contre la pauvret\u00e9 est un combat  pour les droits de l\u2019homme. Un combat contre l\u2019extr\u00eame pauvret\u00e9, qui ronge certaines parties du continent sud-am\u00e9ricain, touchant \u00e9galement l\u2019Argentine, plong\u00e9e dans la crise \u00e0 la fin des ann\u00e9es 1990. Pr\u00e9sident de la Conf\u00e9rence des \u00e9v\u00eaques d\u2019Argentine de 2005 \u00e0 2011, l\u2019homme est \u00e9galement une voix politique, qui a d\u00e9nonc\u00e9 \u00e0 plusieurs reprises l\u2019autoritarisme des \u00e9poux Kirchner, successivement \u00e0 la t\u00eate de l\u2019Argentine.  Accus\u00e9 par ses d\u00e9tracteurs de n\u2019avoir pas suffisamment agi contre la dictature argentine, l\u2019homme a pourtant sauv\u00e9 plusieurs personnes des tortures et de la mort.<\/p>\n<div id=\"attachment_602\" style=\"width: 310px\" class=\"wp-caption aligncenter\"><a href=\"http:\/\/www.yvesalavo.ca\/wp-content\/uploads\/2013\/03\/Fran\u00e7ois-1er.jpg\"><img aria-describedby=\"caption-attachment-602\" loading=\"lazy\" src=\"http:\/\/www.yvesalavo.ca\/wp-content\/uploads\/2013\/03\/Fran\u00e7ois-1er-300x130.jpg\" alt=\"\" title=\"Fran\u00e7ois 1er\" width=\"300\" height=\"130\" class=\"size-medium wp-image-602\" srcset=\"https:\/\/www.yvesalavo.ca\/wp-content\/uploads\/2013\/03\/Fran\u00e7ois-1er-300x130.jpg 300w, https:\/\/www.yvesalavo.ca\/wp-content\/uploads\/2013\/03\/Fran\u00e7ois-1er.jpg 652w\" sizes=\"(max-width: 300px) 100vw, 300px\" \/><\/a><p id=\"caption-attachment-602\" class=\"wp-caption-text\">Francois, le Pape au service des plus d\u00e9munis<\/p><\/div>\n<p>Un pape ouvert sur les \u00abnouveaux mondes\u00bb. Non issu de l\u2019Europe, qui a donn\u00e9 tant de papes, ce pape argentin est un symbole d\u2019ouverture de l\u2019Eglise aux \u00abnouveaux continents\u00bb. Originaire d\u2019Am\u00e9rique du sud, qui le plus grand foyer de catholiques dans le monde, ce pape devrait \u00eatre attentif \u00e0 ce qui se passe au-del\u00e0 du Vatican. En effet, les Eglises am\u00e9ricaines, africaines et asiatiques sont marqu\u00e9es par une grande diversit\u00e9.<\/p>\n<p>Un pape au train de vie humble, voire aust\u00e8re. L\u2019homme est tr\u00e8s appr\u00e9ci\u00e9 en Argentine, car il a, malgr\u00e9 sa charge, toujours gard\u00e9 un \u00e9troit contact avec les fid\u00e8les, et a fait de la lutte contre la pauvret\u00e9 l\u2019une de ses priorit\u00e9s. Il applique ce qu\u2019il pr\u00eache, refusant les r\u00e9sidences luxueuses, prenant le bus et le m\u00e9tro, enfilant des sandwiches et passant du temps dans les paroisses pauvres. Une \u00abnormalit\u00e9\u00bb pour certains, un caract\u00e8re exceptionnel pour d\u2019autres.<br \/>\nUn pape \u00abmod\u00e9r\u00e9\u00bb. Jorge Mario Bergoglio est consid\u00e9r\u00e9 comme un homme mod\u00e9r\u00e9 dans l\u2019Eglise. Si, en septembre 2012, il a fustig\u00e9 les pr\u00eatres qui refusaient de baptiser les enfants n\u00e9s hors mariages, il s\u2019est \u00e9galement montr\u00e9 tr\u00e8s s\u00e9v\u00e8re contre la l\u00e9galisation du mariage homosexuel en Argentine.<\/p>\n<p>Un pape \u00e0 la voix politique. Dans son pays, cet Argentin n\u2019est pas rest\u00e9 pas muet devant le pouvoir politique: Critique de la classe politique touch\u00e9e par la corruption, il s\u2019est \u00e9galement affich\u00e9 contre les narcotraficants, soutenant plusieurs pr\u00eatres menac\u00e9s par les r\u00e9seaux mafieux.<\/p>\n<p>Un pape et les m\u00e9dias. S\u2019il est f\u00e9ru de la presse\u2026 Jorge Mario Bergaglio n\u2019accorde jamais d\u2019interview! Devenant pape, l\u2019homme passe dans une autre dimension, et devra forcer son caract\u00e8re pour forger sa communication. Sa connaissance des langues italienne et allemande, outre l\u2019espagnol, est un plus.<\/p>\n<p>Un pape face \u00e0 la Curie. Face au \u00absuper-gouvernement\u00bb de l\u2019Eglise que constitue la Curie, Jorge Mario Bergaglio est rest\u00e9 plut\u00f4t silencieux. A voir dans les prochains mois quel rapport de force va s\u2019instaurer entre l\u2019institution et le nouveau souverain pontife.<\/p>\n<p>Un pape \u00e2g\u00e9, et \u00e0 la sant\u00e9 fragile. Ag\u00e9 de 76 ans, l\u2019homme vit avec un poumon depuis ses 20 ans. Travailleur acharn\u00e9, il se l\u00e8ve tous les jours \u00e0 4h30, pour finir \u00e0 21h. Un emploi du temps charg\u00e9, ce qui ne l\u2019emp\u00eache pas d\u2019\u00eatre un fervent supporter du club de foot de Buenos Aires San Lorenzo\u2026fond\u00e9 par un pr\u00eatre.<br \/>\nLe nouveau pape aura notamment pour charge de sortir l&rsquo;Eglise des scandales \u00e0 r\u00e9p\u00e9tition qu&rsquo;elle a connus ces derni\u00e8res ann\u00e9es&#8230;<br \/>\nLa t\u00e2che du nouveau pape Jorge Mario Bergoglio sera pour le moins ardue. Il devra d\u2019abord s\u2019atteler \u00e0 remettre de l\u2019ordre dans l\u2019Eglise apr\u00e8s les scandales qui ont \u00e9branl\u00e9 le pontificat de son pr\u00e9d\u00e9cesseur, Beno\u00eet XVI: les abus sexuels sur mineurs \u00e9touff\u00e9s pendant des d\u00e9cennies, les affaires de corruption et de rivalit\u00e9s profondes au sein de la hi\u00e9rarchie vaticane, r\u00e9v\u00e9l\u00e9es par le scandale \u00abVatileaks\u00bb, ainsi que les affaires de m\u0153urs, dont l\u2019existence \u2013non av\u00e9r\u00e9e\u2013 de r\u00e9seaux homosexuels au sein de l\u2019Eglise.<\/p>\n<p>Selon Fr\u00e9d\u00e9ric Lenoir, historien des religions, les cardinaux, qui ont \u00e9lu Jorge Mario Bergoglio, avaient le sentiment d\u2019une urgence. \u00ab<em>Face \u00e0 l\u2019ampleur des d\u00e9fis \u00e0 relever, la question n\u2019[\u00e9tait] plus de savoir si le prochain pape [serait] sud-am\u00e9ricain, moderne ou conservateur, mais s\u2019il [serait] capable de sortir l\u2019Eglise des scandales \u00e0 r\u00e9p\u00e9tition. La question de l\u2019adaptation de l\u2019Eglise \u00e0 la modernit\u00e9 est pass\u00e9e au second plan.<\/em>\u00bb. Cette question n\u2019en est pas moins essentielle \u00e0 l\u2019heure o\u00f9 l\u2019influence de l\u2019Eglise catholique d\u00e9cline \u00e0 travers le monde, bien qu\u2019elle compte encore un milliard deux cents millions fid\u00e8les. C\u00e9libat des pr\u00eatres, place des femmes dans l\u2019Eglise, mais aussi avortement, euthanasie et pr\u00e9servatif sont autant de questions sur lesquelles de nombreux fid\u00e8les attendent un changement de position de l\u2019Eglise pour r\u00e9pondre aux \u00e9volutions soci\u00e9tales. Il est toutefois vraisemblable que le prochain pape aura les m\u00eames positions de fond que Beno\u00eet XVI. <\/p>\n","protected":false},"excerpt":{"rendered":"<p>C\u2019est son go\u00fbt de la discr\u00e9tion, sa d\u00e9nonciation du lib\u00e9ralisme sauvage d\u2019un monde globalis\u00e9, tout comme la proximit\u00e9 avec ses fid\u00e8les qui l\u2019ont peu \u00e0 peu impos\u00e9 comme une autorit\u00e9 morale. Un pr\u00eatre, pass\u00e9 par la sierra avant de rejoindre Buenos Aires, qui se d\u00e9marque par sa simplicit\u00e9. Nomm\u00e9 \u00e0 Buenos Aires, la capitale argentine, [&hellip;]<\/p>\n","protected":false},"author":1,"featured_media":0,"comment_status":"closed","ping_status":"closed","sticky":false,"template":"","format":"standard","meta":{"_bbp_topic_count":0,"_bbp_reply_count":0,"_bbp_total_topic_count":0,"_bbp_total_reply_count":0,"_bbp_voice_count":0,"_bbp_anonymous_reply_count":0,"_bbp_topic_count_hidden":0,"_bbp_reply_count_hidden":0,"_bbp_forum_subforum_count":0,"_et_pb_use_builder":"","_et_pb_old_content":"","_et_gb_content_width":""},"categories":[17,31,28,41,34,9,32,3,26,21,23],"tags":[],"_links":{"self":[{"href":"https:\/\/www.yvesalavo.ca\/index.php?rest_route=\/wp\/v2\/posts\/600"}],"collection":[{"href":"https:\/\/www.yvesalavo.ca\/index.php?rest_route=\/wp\/v2\/posts"}],"about":[{"href":"https:\/\/www.yvesalavo.ca\/index.php?rest_route=\/wp\/v2\/types\/post"}],"author":[{"embeddable":true,"href":"https:\/\/www.yvesalavo.ca\/index.php?rest_route=\/wp\/v2\/users\/1"}],"replies":[{"embeddable":true,"href":"https:\/\/www.yvesalavo.ca\/index.php?rest_route=%2Fwp%2Fv2%2Fcomments&post=600"}],"version-history":[{"count":1,"href":"https:\/\/www.yvesalavo.ca\/index.php?rest_route=\/wp\/v2\/posts\/600\/revisions"}],"predecessor-version":[{"id":604,"href":"https:\/\/www.yvesalavo.ca\/index.php?rest_route=\/wp\/v2\/posts\/600\/revisions\/604"}],"wp:attachment":[{"href":"https:\/\/www.yvesalavo.ca\/index.php?rest_route=%2Fwp%2Fv2%2Fmedia&parent=600"}],"wp:term":[{"taxonomy":"category","embeddable":true,"href":"https:\/\/www.yvesalavo.ca\/index.php?rest_route=%2Fwp%2Fv2%2Fcategories&post=600"},{"taxonomy":"post_tag","embeddable":true,"href":"https:\/\/www.yvesalavo.ca\/index.php?rest_route=%2Fwp%2Fv2%2Ftags&post=600"}],"curies":[{"name":"wp","href":"https:\/\/api.w.org\/{rel}","templated":true}]}}