{"id":605,"date":"2013-03-14T16:05:09","date_gmt":"2013-03-14T20:05:09","guid":{"rendered":"http:\/\/www.yvesalavo.ca\/?p=605"},"modified":"2013-03-14T16:05:09","modified_gmt":"2013-03-14T20:05:09","slug":"saint-pierre-notre-ecole-cinquante-ans","status":"publish","type":"post","link":"https:\/\/www.yvesalavo.ca\/?p=605","title":{"rendered":"SAINT-PIERRE NOTRE \u00c9COLE : CINQUANTE ANS"},"content":{"rendered":"<p>Chers Amies et Amis, officiels et toutes et tous les anciens,<\/p>\n<p>Tu es notre \u00e9cole et les fr\u00e8res les animateurs de cette famille, de cet espace de vie.  Nous sommes honor\u00e9s de vivre avec Toi, de vivre ensemble, ce moment b\u00e9ni des cinquante ans de pr\u00e9sence de la congr\u00e9gation, des cinquante ans de vie de tous les fr\u00e8res qui ont particip\u00e9 \u00e0 cet immense projet \u00e9ducatif et important projet de foi engag\u00e9e.  La po\u00e9sie est pour moi la mani\u00e8re de dire notre fiert\u00e9 et notre joie mais aussi de louer le Seigneur.<\/p>\n<p>Nous sommes s\u00fbrement un nombre restreint d\u2019anciens, parmi les premi\u00e8res promotions \u00e0 pouvoir y \u00eatre \u00e0 titre d\u2019anciens Fr\u00e8res de Saint-Gabriel et d\u2019anciens de l\u2019\u00c9cole Saint-Pierre, un privil\u00e8ge que j\u2019assume avec beaucoup de fiert\u00e9 et d\u2019humilit\u00e9.  Ces quelques vers pour porter nos voix en une cadence qui est celle de nos vies et qui monte en cette matin\u00e9e comme une louange.<\/p>\n<div id=\"attachment_606\" style=\"width: 310px\" class=\"wp-caption aligncenter\"><a href=\"http:\/\/www.yvesalavo.ca\/wp-content\/uploads\/2013\/03\/Alavo-bonnet-Amilcar-Cabral.jpg\"><img aria-describedby=\"caption-attachment-606\" loading=\"lazy\" src=\"http:\/\/www.yvesalavo.ca\/wp-content\/uploads\/2013\/03\/Alavo-bonnet-Amilcar-Cabral-300x225.jpg\" alt=\"\" title=\"IMG_0683\" width=\"300\" height=\"225\" class=\"size-medium wp-image-606\" srcset=\"https:\/\/www.yvesalavo.ca\/wp-content\/uploads\/2013\/03\/Alavo-bonnet-Amilcar-Cabral-300x225.jpg 300w, https:\/\/www.yvesalavo.ca\/wp-content\/uploads\/2013\/03\/Alavo-bonnet-Amilcar-Cabral.jpg 1024w\" sizes=\"(max-width: 300px) 100vw, 300px\" \/><\/a><p id=\"caption-attachment-606\" class=\"wp-caption-text\">Garder des nos origines des liens qui d\u00e9finissent une certaine identit\u00e9<\/p><\/div>\n<p>1.\tCinquante ans de sourires aux com\u00e8tes de la paix<br \/>\n2.\tCinquante ans d\u2019accolades au temps des r\u00eaves<br \/>\n3.\tCinquante ans de voix chantant \u00e0 l\u2019unisson la Boh\u00e8me<br \/>\n4.\tCinquante ans d\u2019oiseaux volant en formation<br \/>\n5.\tCinquante ans de sir\u00e8nes per\u00e7ant les flots<br \/>\n6.\tCinquante ans de cithares pour la musique princi\u00e8re<br \/>\n7.\tCinquante ans d\u2019\u00e9toiles au firmament du bonheur<br \/>\n8.\tCinquante ans de flambeaux \u00e0 la gloire du c\u0153ur<br \/>\n9.\tCinquante ans de rayons des forces cordiales<br \/>\n10.\tCinquante ans aux sources des faveurs c\u00e9lestes<br \/>\n11.\tCinquante ans de fleurs illuminant l\u2019espace<br \/>\n12.\tCinquante ans pour les chutes des douceurs spirituelles<br \/>\n13.\tCinquante ans de vagues pour chanter l\u2019amour<br \/>\n14.\tCinquante ans de vers pour louer l\u2019honneur<br \/>\n15.\tCinquante ans de saveurs glorifiant l\u2019harmonie<br \/>\n16.\tCinquante ans de soleils de fiert\u00e9 immense<br \/>\n17.\tCinquante ans de lueurs de tendresse extr\u00eame<br \/>\n18.\tCinquante ans d\u2019\u00e9clairs pour \u00e9clater les \u00e9motions<br \/>\n19.\tCinquante ans de lunes de sensualit\u00e9 nouvelle et \u00e9ternelle<br \/>\n20.\tCinquante ans pour les eaux de la puret\u00e9 totale<br \/>\n21.\tCinquante ans de souffles d\u2019inspiration profonde<br \/>\n22.\tCinquante ans de lignes pour marquer la fiert\u00e9<br \/>\n23.\tCinquante ans sur les sentiers de l\u2019aventure<br \/>\n24.\tCinquante ans \u00e0 faire pousser les herbes pour verdir les champs<br \/>\n25.\tCinquante ans \u00e0 donner et \u00e0 transmettre aux jeunes<br \/>\n26.\tCinquante ans \u00e0 inventer tous les jours<br \/>\n27.\tCinquante ans \u00e0 cr\u00e9er de nouvelles mani\u00e8res d\u2019\u00eatre<br \/>\n28.\tCinquante ans \u00e0 \u00e9couter pour mieux servir<br \/>\n29.\tCinquante ans \u00e0 traduire dans la vie les th\u00e9ories et les m\u00e9thodes<br \/>\n30.\tCinquante ans \u00e0 apprendre aux jeunes la patience<br \/>\n31.\tCinquante ans \u00e0 former les c\u0153urs et les esprits<br \/>\n32.\tCinquante ans \u00e0 modeler un environnement<br \/>\n33.\tCinquante ans pour l\u2019\u00e9coute et la compr\u00e9hension<br \/>\n34.\tCinquante ans pour parler au nom de la foi<br \/>\n35.\tCinquante ans pour agir au mon de la science<br \/>\n36.\tCinquante ans pour marcher sur les chemins de la cr\u00e9ativit\u00e9<br \/>\n37.\tCinquante ans \u00e0 chercher et \u00e0 poursuivre des recherches<br \/>\n38.\tCinquante ans aussi pour partager des convictions<br \/>\n39.\tCinquante ans, parfois dans le doute, souvent dans l\u2019impr\u00e9visible<br \/>\n40.\tCinquante ans pourtant avec \u00e9nergie et fiert\u00e9<br \/>\n41.\tCinquante ans en mission pour le bien commun<br \/>\n42.\tCinquante ans en classe, sur les airs de vie et en lien avec la communaut\u00e9<br \/>\n43.\tCinquante ans de routine et d\u2019innovation<br \/>\n44.\tCinquante ans de combats et de d\u00e9couragement<br \/>\n45.\tCinquante ans de c\u00e9l\u00e9bration et de joie<br \/>\n46.\tCinquante ans de surprises et d\u2019angoisse<br \/>\n47.\tCinquante ans de sacrifice et d\u2019enthousiasme<br \/>\n48.\tCinquante ans de riches rencontres et de nouvelles cr\u00e9ations<br \/>\n49.\tCinquante ans de d\u00e9veloppements in\u00e9dits et de bonheur<br \/>\n50.\tCinquante ans de fl\u00e8ches pour un anniversaire de promesse et de libert\u00e9.<\/p>\n<div id=\"attachment_607\" style=\"width: 310px\" class=\"wp-caption aligncenter\"><a href=\"http:\/\/www.yvesalavo.ca\/wp-content\/uploads\/2013\/03\/Noel-2011Yves-en-costume.jpg\"><img aria-describedby=\"caption-attachment-607\" loading=\"lazy\" src=\"http:\/\/www.yvesalavo.ca\/wp-content\/uploads\/2013\/03\/Noel-2011Yves-en-costume-300x224.jpg\" alt=\"\" title=\"Noel 2011Yves en costume\" width=\"300\" height=\"224\" class=\"size-medium wp-image-607\" srcset=\"https:\/\/www.yvesalavo.ca\/wp-content\/uploads\/2013\/03\/Noel-2011Yves-en-costume-300x224.jpg 300w, https:\/\/www.yvesalavo.ca\/wp-content\/uploads\/2013\/03\/Noel-2011Yves-en-costume.jpg 339w\" sizes=\"(max-width: 300px) 100vw, 300px\" \/><\/a><p id=\"caption-attachment-607\" class=\"wp-caption-text\">Garder le cap sur l'avenir<\/p><\/div>\n<p>Yves ALAVO<br \/>\nAu jour du 20 octobre 2011.<br \/>\n50e Anniversaire de pr\u00e9sence des Fr\u00e8res de Saint-Gabriel \u00e0 l\u2019\u00c9cole Saint-Pierre.<\/p>\n","protected":false},"excerpt":{"rendered":"<p>Chers Amies et Amis, officiels et toutes et tous les anciens, Tu es notre \u00e9cole et les fr\u00e8res les animateurs de cette famille, de cet espace de vie. Nous sommes honor\u00e9s de vivre avec Toi, de vivre ensemble, ce moment b\u00e9ni des cinquante ans de pr\u00e9sence de la congr\u00e9gation, des cinquante ans de vie de [&hellip;]<\/p>\n","protected":false},"author":1,"featured_media":0,"comment_status":"closed","ping_status":"closed","sticky":false,"template":"","format":"standard","meta":{"_bbp_topic_count":0,"_bbp_reply_count":0,"_bbp_total_topic_count":0,"_bbp_total_reply_count":0,"_bbp_voice_count":0,"_bbp_anonymous_reply_count":0,"_bbp_topic_count_hidden":0,"_bbp_reply_count_hidden":0,"_bbp_forum_subforum_count":0,"_et_pb_use_builder":"","_et_pb_old_content":"","_et_gb_content_width":""},"categories":[36,19,4,30,31,41,9,5,3,39,26,21,7],"tags":[],"_links":{"self":[{"href":"https:\/\/www.yvesalavo.ca\/index.php?rest_route=\/wp\/v2\/posts\/605"}],"collection":[{"href":"https:\/\/www.yvesalavo.ca\/index.php?rest_route=\/wp\/v2\/posts"}],"about":[{"href":"https:\/\/www.yvesalavo.ca\/index.php?rest_route=\/wp\/v2\/types\/post"}],"author":[{"embeddable":true,"href":"https:\/\/www.yvesalavo.ca\/index.php?rest_route=\/wp\/v2\/users\/1"}],"replies":[{"embeddable":true,"href":"https:\/\/www.yvesalavo.ca\/index.php?rest_route=%2Fwp%2Fv2%2Fcomments&post=605"}],"version-history":[{"count":1,"href":"https:\/\/www.yvesalavo.ca\/index.php?rest_route=\/wp\/v2\/posts\/605\/revisions"}],"predecessor-version":[{"id":608,"href":"https:\/\/www.yvesalavo.ca\/index.php?rest_route=\/wp\/v2\/posts\/605\/revisions\/608"}],"wp:attachment":[{"href":"https:\/\/www.yvesalavo.ca\/index.php?rest_route=%2Fwp%2Fv2%2Fmedia&parent=605"}],"wp:term":[{"taxonomy":"category","embeddable":true,"href":"https:\/\/www.yvesalavo.ca\/index.php?rest_route=%2Fwp%2Fv2%2Fcategories&post=605"},{"taxonomy":"post_tag","embeddable":true,"href":"https:\/\/www.yvesalavo.ca\/index.php?rest_route=%2Fwp%2Fv2%2Ftags&post=605"}],"curies":[{"name":"wp","href":"https:\/\/api.w.org\/{rel}","templated":true}]}}