{"id":609,"date":"2013-03-14T16:19:04","date_gmt":"2013-03-14T20:19:04","guid":{"rendered":"http:\/\/www.yvesalavo.ca\/?p=609"},"modified":"2013-03-14T16:19:04","modified_gmt":"2013-03-14T20:19:04","slug":"michel-dallaire-nobel-du-design","status":"publish","type":"post","link":"https:\/\/www.yvesalavo.ca\/?p=609","title":{"rendered":"MICHEL DALLAIRE, NOBEL DU DESIGN"},"content":{"rendered":"<div id=\"attachment_610\" style=\"width: 136px\" class=\"wp-caption aligncenter\"><a href=\"http:\/\/www.yvesalavo.ca\/wp-content\/uploads\/2013\/03\/Un-homme-qui-vit-avec-bonheur1.jpg\"><img aria-describedby=\"caption-attachment-610\" loading=\"lazy\" src=\"http:\/\/www.yvesalavo.ca\/wp-content\/uploads\/2013\/03\/Un-homme-qui-vit-avec-bonheur1.jpg\" alt=\"\" title=\"Un homme qui vit avec bonheur\" width=\"126\" height=\"84\" class=\"size-full wp-image-610\" \/><\/a><p id=\"caption-attachment-610\" class=\"wp-caption-text\">Le bonheur de vivre, la joie de cr\u00e9er, le tonus de la jeunesse cr\u00e9ative<\/p><\/div>\n<p>Quarante ann\u00e9es \u00e0 chercher, user des yeux, imaginer, inventer, sans cesse, aimer les personnes, comprendre les besoins les plus kinesth\u00e9siques et combien l\u2019espace, les volumes, les mat\u00e9riaux, les m\u00e9taux, le bois, toute mati\u00e8re, chaque sensations, chaque rythme induit un volume spatial, comment notre cerveau est en constante adaptation et demande au corps de s\u2019y faire.  Le design, c\u2019est cette capacit\u00e9 d\u2019anticipation sur le r\u00e9el mais aussi cette capacit\u00e9 d\u2019harmonie avec le r\u00e9el.  Michel Dallaire y est dans son \u00e9l\u00e9ment, c\u2019est un cr\u00e9ateur, un passeur de r\u00eave qui, comme artiste, comme passionn\u00e9e du mouvement sait vivre avec les contraintes de la pesanteur.<\/p>\n<p>Maison, voitures, torche olympique, mobilier, structures, tout le mobilier urbain de la Place internationale de Montr\u00e9al, le mobilier de la BANQ, Biblioth\u00e8que et archives nationales du Qu\u00e9bec, rue Berri \u00e0 Montr\u00e9al, c\u2019est lui l\u2019accoucheur du patrimoine.  <\/p>\n<div id=\"attachment_611\" style=\"width: 120px\" class=\"wp-caption alignleft\"><a href=\"http:\/\/www.yvesalavo.ca\/wp-content\/uploads\/2013\/03\/Olympien-de-premi\u00e8re-mouture1.jpg\"><img aria-describedby=\"caption-attachment-611\" loading=\"lazy\" src=\"http:\/\/www.yvesalavo.ca\/wp-content\/uploads\/2013\/03\/Olympien-de-premi\u00e8re-mouture1.jpg\" alt=\"\" title=\"Olympien de premi\u00e8re mouture\" width=\"110\" height=\"129\" class=\"size-full wp-image-611\" \/><\/a><p id=\"caption-attachment-611\" class=\"wp-caption-text\">R\u00e9volution dans la cr\u00e9ation, la torche olympique une oeuvre de 1976<\/p><\/div>\n<p>Son site est sobre, mais ouvert sur l\u2019infini : Michel Dallaire Design Industriel Inc. est un bureau d\u2019\u00e9tude en design industriel qui \u0153uvre \u00e0 Montr\u00e9al depuis plus de 40 ans.<\/p>\n<p>Par la r\u00e9alisation d\u2019une grande vari\u00e9t\u00e9 de projets allant du design d\u2019objets utilitaires aux \u00e9quipements industriels, du mobilier institutionnel et urbain au mat\u00e9riel de transport, MDDI a acquis une solide exp\u00e9rience professionnelle.<br \/>\nLa diversit\u00e9 de ces domaines d\u2019intervention a permis \u00e0 MDDI d\u2019explorer une multitude de mat\u00e9riaux et de proc\u00e9d\u00e9s de mise en forme. De vastes connaissances techniques alimentent en outre le potentiel cr\u00e9atif de son personnel, cela dans le but de maximiser les r\u00e9sultats.<\/p>\n<div id=\"attachment_612\" style=\"width: 198px\" class=\"wp-caption aligncenter\"><a href=\"http:\/\/www.yvesalavo.ca\/wp-content\/uploads\/2013\/03\/Nichel-dallaire-le-design-cest-vivre-avec-art1.png\"><img aria-describedby=\"caption-attachment-612\" loading=\"lazy\" src=\"http:\/\/www.yvesalavo.ca\/wp-content\/uploads\/2013\/03\/Nichel-dallaire-le-design-cest-vivre-avec-art1.png\" alt=\"\" title=\"Nichel dallaire, le design c&#039;est vivre avec art\" width=\"188\" height=\"265\" class=\"size-full wp-image-612\" \/><\/a><p id=\"caption-attachment-612\" class=\"wp-caption-text\">Vivre avec art et soutenir la culture et ses acteurs<\/p><\/div>\n<p>Engag\u00e9, animateur de cercles de cr\u00e9ation, auteur intarissable qui s\u2019unit aux artistes, donne temps, id\u00e9es, \u00e9nergie et argent au sein de soci\u00e9t\u00e9s artistiques et culturelles, la po\u00e9sie, la musique, le design, bien s\u00fbr, Michel Dallaire est sur le front des arts et de la culture comme le plus extraordinaire m\u00e9diateur.  G\u00e9n\u00e9reux, mentor de la plupart des designers de la g\u00e9n\u00e9ration Qu\u00e9bec qui brille de part le monde depuis vingt ans, Michel Dallaire invente toujours et toujours, un art de vivre, une mani\u00e8re d\u2019\u00eatre, avec la patience des sages et la fougue de la jeunesse.<\/p>\n<div id=\"attachment_613\" style=\"width: 153px\" class=\"wp-caption aligncenter\"><a href=\"http:\/\/www.yvesalavo.ca\/wp-content\/uploads\/2013\/03\/Dallaire-Monsieur-BIXI1.jpg\"><img aria-describedby=\"caption-attachment-613\" loading=\"lazy\" src=\"http:\/\/www.yvesalavo.ca\/wp-content\/uploads\/2013\/03\/Dallaire-Monsieur-BIXI1.jpg\" alt=\"\" title=\"Dallaire Monsieur BIXI\" width=\"143\" height=\"111\" class=\"size-full wp-image-613\" \/><\/a><p id=\"caption-attachment-613\" class=\"wp-caption-text\">Ce v\u00e9lo a fait le tour de la plan\u00e8te, Michel Dallaire en est le cr\u00e9ateur<\/p><\/div>\n<p>Une r\u00e9trospective dans l\u2019Espace cr\u00e9ation Loto Qu\u00e9bec, en septembre 2011, a offert, en un lieu, la diversit\u00e9 des cr\u00e9ations de ce g\u00e9nie boulimique, sous la th\u00e9matique articul\u00e9e :<br \/>\nUn homme. Un parcours. Des cr\u00e9ations. D\u00e9couvrez le designer et sa d\u00e9marche artistique.<\/p>\n<p>Yves ALAVO<\/p>\n<p>Notes biographiques<\/p>\n<p>Michel Dallaire est n\u00e9 \u00e0 Paris en 1942. Il a fait ses \u00e9tudes \u00e0 l\u2019Institut des arts appliqu\u00e9s de Montr\u00e9al et \u00e0 la Konstfackskolan, l\u2019\u00c9cole sup\u00e9rieure des arts industriels de Stockholm. Il s\u2019est par la suite sp\u00e9cialis\u00e9 en gestion du design \u00e0 l\u2019\u00c9cole des Hautes \u00c9tudes Commerciales et en transformation des polym\u00e8res \u00e0 l\u2019Institut de g\u00e9nie des mat\u00e9riaux du Centre national de recherche \u00e0 Montr\u00e9al.<\/p>\n<p>D\u00e8s 1967 (25 ans), Michel Dallaire s\u2019affirme comme concepteur ind\u00e9pendant et il ouvre son propre bureau d\u2019\u00e9tude qui conna\u00eet alors un encha\u00eenement rapide de succ\u00e8s commerciaux et professionnels.<\/p>\n<p>M\u00e9daill\u00e9 d\u2019or en 1986 aux Prix d\u2019excellence du Canada, il re\u00e7oit de nombreuses r\u00e9compenses prestigieuses ici et \u00e0 l\u2019\u00e9tranger, notamment le Grand Prix du 27e Salon International des Inventions de Gen\u00e8ve en 1999, ainsi que trois m\u00e9dailles d\u2019or et une d\u2019argent de ce m\u00eame salon depuis 1998. En l\u2019an 2000, l\u2019Institut de Design Montr\u00e9al lui remet son Grand Prix et son Prix Sp\u00e9cial en recherche. Le minist\u00e8re des Affaires culturelles lui d\u00e9cerne en 1991 le Prix Paul-\u00c9mile-Borduas pour l\u2019ensemble de son \u0153uvre, la plus haute distinction accord\u00e9e par le gouvernement du Qu\u00e9bec dans le domaine des arts visuels.<\/p>\n<p>Son champ d\u2019activit\u00e9s est tr\u00e8s vari\u00e9 et couvre notamment le design d\u2019objets utilitaires, les produits industriels et institutionnels, le mobilier urbain et le mat\u00e9riel de transport. Michel Dallaire fut derni\u00e8rement conseill\u00e9 principal aupr\u00e8s d\u2019Air Canada pour le design de tous les produits en cabine pour sa flotte Am\u00e9rique du Nord et sa flotte internationale. Parmi ses r\u00e9cents projets, mentionnons le design du mobilier urbain du Quartier international de Montr\u00e9al qui a re\u00e7u plus de 17 prix prestigieux tant au Canada qu\u2019\u00e0 l\u2019\u00e9tranger et aussi la conception de l\u2019ensemble du mobilier destin\u00e9 au public de la Biblioth\u00e8que nationale du Qu\u00e9bec (BANQ).<\/p>\n<p>Depuis 1998, Michel Dallaire est professeur associ\u00e9 \u00e0 l\u2019\u00c9cole de Design industriel de l\u2019Universit\u00e9 de Montr\u00e9al ainsi qu\u2019\u00e0 la Faculty of Environmental Design de l\u2019Universit\u00e9 de Calgary. De 1988 \u00e0 1998, il a \u00e9t\u00e9 professeur invit\u00e9 r\u00e9gulier au D\u00e9partement Sup\u00e9rieur de Design Industriel de l\u2019\u00c9cole cantonale d\u2019art de Lausanne en Suisse. En 1993 et 1998, il a anim\u00e9 des s\u00e9minaires \u00e0 l\u2019\u00c9cole Nationale Sup\u00e9rieure de Cr\u00e9ation Industrielle de Paris, l\u2019ENSCI et en 2004 \u00e0 l\u2019Universidad Nacional Aut\u00f3noma de Mexico.<\/p>\n<p>Michel Dallaire a \u00e9t\u00e9 re\u00e7u membre de l\u2019Acad\u00e9mie royale des arts du Canada en 1978, Chevalier de l\u2019Ordre national du Qu\u00e9bec en 1994 et membre de l\u2019Ordre du Canada en 1999.<\/p>\n","protected":false},"excerpt":{"rendered":"<p>Quarante ann\u00e9es \u00e0 chercher, user des yeux, imaginer, inventer, sans cesse, aimer les personnes, comprendre les besoins les plus kinesth\u00e9siques et combien l\u2019espace, les volumes, les mat\u00e9riaux, les m\u00e9taux, le bois, toute mati\u00e8re, chaque sensations, chaque rythme induit un volume spatial, comment notre cerveau est en constante adaptation et demande au corps de s\u2019y faire. [&hellip;]<\/p>\n","protected":false},"author":1,"featured_media":0,"comment_status":"closed","ping_status":"closed","sticky":false,"template":"","format":"standard","meta":{"_bbp_topic_count":0,"_bbp_reply_count":0,"_bbp_total_topic_count":0,"_bbp_total_reply_count":0,"_bbp_voice_count":0,"_bbp_anonymous_reply_count":0,"_bbp_topic_count_hidden":0,"_bbp_reply_count_hidden":0,"_bbp_forum_subforum_count":0,"_et_pb_use_builder":"","_et_pb_old_content":"","_et_gb_content_width":""},"categories":[12,6,31,9,3,33,26,27,35,21,7,42],"tags":[],"_links":{"self":[{"href":"https:\/\/www.yvesalavo.ca\/index.php?rest_route=\/wp\/v2\/posts\/609"}],"collection":[{"href":"https:\/\/www.yvesalavo.ca\/index.php?rest_route=\/wp\/v2\/posts"}],"about":[{"href":"https:\/\/www.yvesalavo.ca\/index.php?rest_route=\/wp\/v2\/types\/post"}],"author":[{"embeddable":true,"href":"https:\/\/www.yvesalavo.ca\/index.php?rest_route=\/wp\/v2\/users\/1"}],"replies":[{"embeddable":true,"href":"https:\/\/www.yvesalavo.ca\/index.php?rest_route=%2Fwp%2Fv2%2Fcomments&post=609"}],"version-history":[{"count":1,"href":"https:\/\/www.yvesalavo.ca\/index.php?rest_route=\/wp\/v2\/posts\/609\/revisions"}],"predecessor-version":[{"id":614,"href":"https:\/\/www.yvesalavo.ca\/index.php?rest_route=\/wp\/v2\/posts\/609\/revisions\/614"}],"wp:attachment":[{"href":"https:\/\/www.yvesalavo.ca\/index.php?rest_route=%2Fwp%2Fv2%2Fmedia&parent=609"}],"wp:term":[{"taxonomy":"category","embeddable":true,"href":"https:\/\/www.yvesalavo.ca\/index.php?rest_route=%2Fwp%2Fv2%2Fcategories&post=609"},{"taxonomy":"post_tag","embeddable":true,"href":"https:\/\/www.yvesalavo.ca\/index.php?rest_route=%2Fwp%2Fv2%2Ftags&post=609"}],"curies":[{"name":"wp","href":"https:\/\/api.w.org\/{rel}","templated":true}]}}