{"id":636,"date":"2017-08-18T23:26:37","date_gmt":"2017-08-19T03:26:37","guid":{"rendered":"http:\/\/www.yvesalavo.ca\/?p=636"},"modified":"2021-06-09T11:04:03","modified_gmt":"2021-06-09T15:04:03","slug":"marcher-new-york-architecture-et-aventures-humaines","status":"publish","type":"post","link":"https:\/\/www.yvesalavo.ca\/?p=636","title":{"rendered":"Marcher New-York : architecture et aventures humaines"},"content":{"rendered":"<p>Une semaine en visite, mais des jours de retrouvailles, de d\u00e9couvertes et de libert\u00e9 dans les rues et parmi les millions de personnes du monde qui marchent NYC.<!--more--><\/p>\n<div id=\"attachment_647\" style=\"width: 235px\" class=\"wp-caption aligncenter\"><a href=\"http:\/\/www.yvesalavo.ca\/wp-content\/uploads\/2017\/08\/architecture-classique-19-1.jpg\"><img aria-describedby=\"caption-attachment-647\" loading=\"lazy\" class=\"size-medium wp-image-647\" src=\"http:\/\/www.yvesalavo.ca\/wp-content\/uploads\/2017\/08\/architecture-classique-19-1-225x300.jpg\" alt=\"\" width=\"225\" height=\"300\" srcset=\"https:\/\/www.yvesalavo.ca\/wp-content\/uploads\/2017\/08\/architecture-classique-19-1-225x300.jpg 225w, https:\/\/www.yvesalavo.ca\/wp-content\/uploads\/2017\/08\/architecture-classique-19-1.jpg 559w\" sizes=\"(max-width: 225px) 100vw, 225px\" \/><\/a><p id=\"caption-attachment-647\" class=\"wp-caption-text\">Entre plusieurs conception, une construction plus conventionnelle<\/p><\/div>\n<p>Quand les chemins de la vie nous m\u00e8nent sur les grands axes. Les personnes qui marquent nos esprits, comme celles qui sont signifiantes au plus pr\u00e8s de nos coeurs, ce sont les amis et, bien s\u00fbr, la famille, proches de mille mani\u00e8res de nos structures intimes et qui ont construit notre histoire.<\/p>\n<div id=\"attachment_649\" style=\"width: 310px\" class=\"wp-caption aligncenter\"><a href=\"http:\/\/www.yvesalavo.ca\/wp-content\/uploads\/2017\/08\/Tourn\u00e9e-NY-familles-AS.jpg\"><img aria-describedby=\"caption-attachment-649\" loading=\"lazy\" class=\"size-medium wp-image-649\" src=\"http:\/\/www.yvesalavo.ca\/wp-content\/uploads\/2017\/08\/Tourn\u00e9e-NY-familles-AS-300x225.jpg\" alt=\"\" width=\"300\" height=\"225\" srcset=\"https:\/\/www.yvesalavo.ca\/wp-content\/uploads\/2017\/08\/Tourn\u00e9e-NY-familles-AS-300x225.jpg 300w, https:\/\/www.yvesalavo.ca\/wp-content\/uploads\/2017\/08\/Tourn\u00e9e-NY-familles-AS-768x577.jpg 768w, https:\/\/www.yvesalavo.ca\/wp-content\/uploads\/2017\/08\/Tourn\u00e9e-NY-familles-AS.jpg 1024w\" sizes=\"(max-width: 300px) 100vw, 300px\" \/><\/a><p id=\"caption-attachment-649\" class=\"wp-caption-text\">Au coeur de la grosse pomme ma belle soeur, son fr\u00e8re, son \u00e9pouse et mon jeune fr\u00e8re, avec mes neveux et ma ni\u00e8ce. Une belle illustration de force que conf\u00e8re \u00e0 chacun, la famille<\/p><\/div>\n<p>Parmi les professions qui font nos consciences et mod\u00e8lent le visuel de nos r\u00e9alit\u00e9s, il y a l&rsquo;architecture. D&rsquo;abord le fondement artistique de cette discipline, puis ce levier g\u00e9om\u00e9trique, math\u00e9matique et organisationnel de l&rsquo;espace-volume et de la mod\u00e9lisation des volumes, des formes et des imaginaires.<\/p>\n<div id=\"attachment_652\" style=\"width: 569px\" class=\"wp-caption alignleft\"><a href=\"http:\/\/www.yvesalavo.ca\/wp-content\/uploads\/2017\/08\/Art-et-architecte-Yves-et-Weber-devant-le-BM.jpg\"><img aria-describedby=\"caption-attachment-652\" loading=\"lazy\" class=\"size-full wp-image-652\" src=\"http:\/\/www.yvesalavo.ca\/wp-content\/uploads\/2017\/08\/Art-et-architecte-Yves-et-Weber-devant-le-BM.jpg\" alt=\"\" width=\"559\" height=\"745\" srcset=\"https:\/\/www.yvesalavo.ca\/wp-content\/uploads\/2017\/08\/Art-et-architecte-Yves-et-Weber-devant-le-BM.jpg 559w, https:\/\/www.yvesalavo.ca\/wp-content\/uploads\/2017\/08\/Art-et-architecte-Yves-et-Weber-devant-le-BM-225x300.jpg 225w\" sizes=\"(max-width: 559px) 100vw, 559px\" \/><\/a><p id=\"caption-attachment-652\" class=\"wp-caption-text\">En bordure de ce b\u00e2timent, le Mus\u00e9e historique et social de Brooklyn, deux personnages. \u00c0 droite l&rsquo;architecte Weber Laurent et \u00e0 gauche, m\u00e9diateur culturel Yves Alavo.<\/p><\/div>\n<p>Partout l&rsquo;univers est architectural. De la conception \u00e0 la r\u00e9alisation, en passant par les \u00e9tapes de mat\u00e9rialisation et de mise en action jusqu&rsquo;au design de finition, l&rsquo;art de structurer les id\u00e9es, les \u00e9motions et tout ce que l&rsquo;espace-temps peut offrir \u00e0 notre perception. Entre l&rsquo;horizon int\u00e9rieur et les limites spatiales, les altitudes et les soubassements, les dimensions qui rayonnent et caract\u00e9risent la lumi\u00e8re, les surfaces et les reliefs, l&rsquo;architecture compose les paysages, ouvre les interventions et les facilitent les inter relations entre les disciplines de l&rsquo;ing\u00e9nierie, des arts, de la culture. Il y a aux confins conceptuels de l&rsquo;architecture, comme dans son intimit\u00e9, l&rsquo;invitation \u00e0 des collaborations interdisciplinaires, entre sciences dites dures et sciences sociales.<\/p>\n<p>Parmi les effets, et jusqu&rsquo;\u00e0 l&rsquo;impact temporel et intemporel de l&rsquo;architecture, l&rsquo;interdisciplinarit\u00e9 du social, de l&rsquo;\u00e9conomique et du spirituel, montre \u00e0 la fois l&rsquo;enracinement humain et situe aussi l&rsquo;ouverture technologique immense du design tridimensionnel, des r\u00e9alit\u00e9s multipli\u00e9es, qui non satisfaites de mettre en sc\u00e8ne les id\u00e9es, les \u00e9motions, les sentiments, r\u00e9ussissent \u00e0 cr\u00e9er et \u00e0 d\u00e9construire autant les paradigmes culturels qu&rsquo;\u00e0 innover en sugg\u00e9rant de nouveaux langages temps-espace-temps-m\u00e9moire et spatialit\u00e9 spirituelle sans dimension.<\/p>\n<p>J&rsquo;ai vu cette dimensionnalit\u00e9 multiforme dans cette oeuvre qui fait hommage devant le site des Tours jumelles disparues.<\/p>\n<div id=\"attachment_653\" style=\"width: 569px\" class=\"wp-caption alignright\"><a href=\"http:\/\/www.yvesalavo.ca\/wp-content\/uploads\/2017\/08\/Yves-voit-Ground-Nouveau-NY-1.jpg\"><img aria-describedby=\"caption-attachment-653\" loading=\"lazy\" class=\"size-full wp-image-653\" src=\"http:\/\/www.yvesalavo.ca\/wp-content\/uploads\/2017\/08\/Yves-voit-Ground-Nouveau-NY-1.jpg\" alt=\"\" width=\"559\" height=\"745\" srcset=\"https:\/\/www.yvesalavo.ca\/wp-content\/uploads\/2017\/08\/Yves-voit-Ground-Nouveau-NY-1.jpg 559w, https:\/\/www.yvesalavo.ca\/wp-content\/uploads\/2017\/08\/Yves-voit-Ground-Nouveau-NY-1-225x300.jpg 225w\" sizes=\"(max-width: 559px) 100vw, 559px\" \/><\/a><p id=\"caption-attachment-653\" class=\"wp-caption-text\">Ciel newyorkais comm\u00e9moratif sur Ground Z\u00e9ro, Manhattan. Photo Yves Alavo.<\/p><\/div>\n","protected":false},"excerpt":{"rendered":"<p>Une semaine en visite, mais des jours de retrouvailles, de d\u00e9couvertes et de libert\u00e9 dans les rues et parmi les millions de personnes du monde qui marchent NYC.<\/p>\n","protected":false},"author":1,"featured_media":652,"comment_status":"closed","ping_status":"closed","sticky":false,"template":"","format":"standard","meta":{"_bbp_topic_count":0,"_bbp_reply_count":0,"_bbp_total_topic_count":0,"_bbp_total_reply_count":0,"_bbp_voice_count":0,"_bbp_anonymous_reply_count":0,"_bbp_topic_count_hidden":0,"_bbp_reply_count_hidden":0,"_bbp_forum_subforum_count":0,"_et_pb_use_builder":"","_et_pb_old_content":"","_et_gb_content_width":""},"categories":[4,3,47,21],"tags":[44],"_links":{"self":[{"href":"https:\/\/www.yvesalavo.ca\/index.php?rest_route=\/wp\/v2\/posts\/636"}],"collection":[{"href":"https:\/\/www.yvesalavo.ca\/index.php?rest_route=\/wp\/v2\/posts"}],"about":[{"href":"https:\/\/www.yvesalavo.ca\/index.php?rest_route=\/wp\/v2\/types\/post"}],"author":[{"embeddable":true,"href":"https:\/\/www.yvesalavo.ca\/index.php?rest_route=\/wp\/v2\/users\/1"}],"replies":[{"embeddable":true,"href":"https:\/\/www.yvesalavo.ca\/index.php?rest_route=%2Fwp%2Fv2%2Fcomments&post=636"}],"version-history":[{"count":16,"href":"https:\/\/www.yvesalavo.ca\/index.php?rest_route=\/wp\/v2\/posts\/636\/revisions"}],"predecessor-version":[{"id":730,"href":"https:\/\/www.yvesalavo.ca\/index.php?rest_route=\/wp\/v2\/posts\/636\/revisions\/730"}],"wp:featuredmedia":[{"embeddable":true,"href":"https:\/\/www.yvesalavo.ca\/index.php?rest_route=\/wp\/v2\/media\/652"}],"wp:attachment":[{"href":"https:\/\/www.yvesalavo.ca\/index.php?rest_route=%2Fwp%2Fv2%2Fmedia&parent=636"}],"wp:term":[{"taxonomy":"category","embeddable":true,"href":"https:\/\/www.yvesalavo.ca\/index.php?rest_route=%2Fwp%2Fv2%2Fcategories&post=636"},{"taxonomy":"post_tag","embeddable":true,"href":"https:\/\/www.yvesalavo.ca\/index.php?rest_route=%2Fwp%2Fv2%2Ftags&post=636"}],"curies":[{"name":"wp","href":"https:\/\/api.w.org\/{rel}","templated":true}]}}